{"id":16717,"date":"2020-03-26T02:55:54","date_gmt":"2020-03-25T15:25:54","guid":{"rendered":"http:\/\/www.rinconesdehonduras.info\/?p=16717"},"modified":"2020-03-26T02:55:54","modified_gmt":"2020-03-25T15:25:54","slug":"laguna-de-alvarado-puerto-cortes-cortes","status":"publish","type":"post","link":"http:\/\/www.hondurasensusmanos.com\/turismo\/laguna-de-alvarado-puerto-cortes-cortes\/","title":{"rendered":"Laguna de Alvarado (Puerto Cort\u00e9s, Cortes)"},"content":{"rendered":"<p>La Laguna de Alvarado \u00abse encuentra al noroeste de Honduras en el departamento de Cort\u00e9s, perteneciente al municipio de Puerto Cort\u00e9s. Est\u00e1 ubicada en las coordenadas 15\u00b050\u201935\u2019\u2019 latitud norte; y 87\u00b054\u201948\u2019\u2019 longitud oeste. Cuenta con un canal de acceso permanente con el mar Caribe, que tiene una longitud de 894 metros.\u00bb \u00abLa Laguna de Alvarado cuenta con un espejo de agua de 8,4 km\u00b2; y con una profundidad promedio de 4,5 metros y una m\u00e1xima de 6 metros.\u00bb<\/p>\n<div class=\"sharedaddy sd-sharing-enabled\"><div class=\"robots-nocontent sd-block sd-social sd-social-icon sd-sharing\"><h3 class=\"sd-title\">Comparte esto:<\/h3><div class=\"sd-content\"><ul><li class=\"share-facebook\"><a rel=\"nofollow noopener noreferrer\" data-shared=\"sharing-facebook-16717\" class=\"share-facebook sd-button share-icon no-text\" href=\"http:\/\/www.hondurasensusmanos.com\/turismo\/laguna-de-alvarado-puerto-cortes-cortes\/?share=facebook\" target=\"_blank\" title=\"Haz clic para compartir en Facebook\"><span><\/span><span class=\"sharing-screen-reader-text\">Haz clic para compartir en Facebook (Se abre en una ventana nueva)<\/span><\/a><\/li><li class=\"share-jetpack-whatsapp\"><a rel=\"nofollow noopener noreferrer\" data-shared=\"\" class=\"share-jetpack-whatsapp sd-button share-icon no-text\" href=\"http:\/\/www.hondurasensusmanos.com\/turismo\/laguna-de-alvarado-puerto-cortes-cortes\/?share=jetpack-whatsapp\" target=\"_blank\" title=\"Haz clic para compartir en WhatsApp\"><span><\/span><span class=\"sharing-screen-reader-text\">Haz clic para compartir en WhatsApp (Se abre en una ventana nueva)<\/span><\/a><\/li><li class=\"share-twitter\"><a rel=\"nofollow noopener noreferrer\" data-shared=\"sharing-twitter-16717\" class=\"share-twitter sd-button share-icon no-text\" href=\"http:\/\/www.hondurasensusmanos.com\/turismo\/laguna-de-alvarado-puerto-cortes-cortes\/?share=twitter\" target=\"_blank\" title=\"Haz clic para compartir en Twitter\"><span><\/span><span class=\"sharing-screen-reader-text\">Haz clic para compartir en Twitter (Se abre en una ventana nueva)<\/span><\/a><\/li><li class=\"share-tumblr\"><a rel=\"nofollow noopener noreferrer\" data-shared=\"\" class=\"share-tumblr sd-button share-icon no-text\" href=\"http:\/\/www.hondurasensusmanos.com\/turismo\/laguna-de-alvarado-puerto-cortes-cortes\/?share=tumblr\" target=\"_blank\" title=\"Haz clic para compartir en Tumblr\"><span><\/span><span class=\"sharing-screen-reader-text\">Haz clic para compartir en Tumblr (Se abre en una ventana nueva)<\/span><\/a><\/li><li class=\"share-email\"><a rel=\"nofollow noopener noreferrer\" data-shared=\"\" class=\"share-email sd-button share-icon no-text\" href=\"http:\/\/www.hondurasensusmanos.com\/turismo\/laguna-de-alvarado-puerto-cortes-cortes\/?share=email\" target=\"_blank\" title=\"Haz clic para enviar por correo electr\u00f3nico a un amigo\"><span><\/span><span class=\"sharing-screen-reader-text\">Haz clic para enviar por correo electr\u00f3nico a un amigo (Se abre en una ventana nueva)<\/span><\/a><\/li><li class=\"share-end\"><\/li><\/ul><\/div><\/div><\/div>","protected":false},"excerpt":{"rendered":"<p>La Laguna de Alvarado \u00abse encuentra al noroeste de Honduras en el departamento de Cort\u00e9s, perteneciente al municipio de Puerto Cort\u00e9s. Est\u00e1 ubicada en las coordenadas 15\u00b050\u201935\u2019\u2019 latitud norte; y 87\u00b054\u201948\u2019\u2019 longitud oeste. Cuenta con un canal de acceso permanente con el mar Caribe, que tiene una longitud de 894 metros.\u00bb \u00abLa Laguna de Alvarado &#8230;<\/p>\n<div class=\"sharedaddy sd-sharing-enabled\"><div class=\"robots-nocontent sd-block sd-social sd-social-icon sd-sharing\"><h3 class=\"sd-title\">Comparte esto:<\/h3><div class=\"sd-content\"><ul><li class=\"share-facebook\"><a rel=\"nofollow noopener noreferrer\" data-shared=\"sharing-facebook-16717\" class=\"share-facebook sd-button share-icon no-text\" href=\"http:\/\/www.hondurasensusmanos.com\/turismo\/laguna-de-alvarado-puerto-cortes-cortes\/?share=facebook\" target=\"_blank\" title=\"Haz clic para compartir en Facebook\"><span><\/span><span class=\"sharing-screen-reader-text\">Haz clic para compartir en Facebook (Se abre en una ventana nueva)<\/span><\/a><\/li><li class=\"share-jetpack-whatsapp\"><a rel=\"nofollow noopener noreferrer\" data-shared=\"\" class=\"share-jetpack-whatsapp sd-button share-icon no-text\" href=\"http:\/\/www.hondurasensusmanos.com\/turismo\/laguna-de-alvarado-puerto-cortes-cortes\/?share=jetpack-whatsapp\" target=\"_blank\" title=\"Haz clic para compartir en WhatsApp\"><span><\/span><span class=\"sharing-screen-reader-text\">Haz clic para compartir en WhatsApp (Se abre en una ventana nueva)<\/span><\/a><\/li><li class=\"share-twitter\"><a rel=\"nofollow noopener noreferrer\" data-shared=\"sharing-twitter-16717\" class=\"share-twitter sd-button share-icon no-text\" href=\"http:\/\/www.hondurasensusmanos.com\/turismo\/laguna-de-alvarado-puerto-cortes-cortes\/?share=twitter\" target=\"_blank\" title=\"Haz clic para compartir en Twitter\"><span><\/span><span class=\"sharing-screen-reader-text\">Haz clic para compartir en Twitter (Se abre en una ventana nueva)<\/span><\/a><\/li><li class=\"share-tumblr\"><a rel=\"nofollow noopener noreferrer\" data-shared=\"\" class=\"share-tumblr sd-button share-icon no-text\" href=\"http:\/\/www.hondurasensusmanos.com\/turismo\/laguna-de-alvarado-puerto-cortes-cortes\/?share=tumblr\" target=\"_blank\" title=\"Haz clic para compartir en Tumblr\"><span><\/span><span class=\"sharing-screen-reader-text\">Haz clic para compartir en Tumblr (Se abre en una ventana nueva)<\/span><\/a><\/li><li class=\"share-email\"><a rel=\"nofollow noopener noreferrer\" data-shared=\"\" class=\"share-email sd-button share-icon no-text\" href=\"http:\/\/www.hondurasensusmanos.com\/turismo\/laguna-de-alvarado-puerto-cortes-cortes\/?share=email\" target=\"_blank\" title=\"Haz clic para enviar por correo electr\u00f3nico a un amigo\"><span><\/span><span class=\"sharing-screen-reader-text\">Haz clic para enviar por correo electr\u00f3nico a un amigo (Se abre en una ventana nueva)<\/span><\/a><\/li><li class=\"share-end\"><\/li><\/ul><\/div><\/div><\/div>","protected":false},"author":4,"featured_media":16718,"comment_status":"open","ping_status":"open","sticky":false,"template":"","format":"standard","meta":{"spay_email":"","jetpack_publicize_message":"","jetpack_is_tweetstorm":false},"categories":[96],"tags":[],"jetpack_featured_media_url":"http:\/\/www.hondurasensusmanos.com\/turismo\/wp-content\/uploads\/2020\/03\/Laguna-de-Alvarado-Puerto-Cort\u00e9s-Cortes.jpg","jetpack_publicize_connections":[],"jetpack_sharing_enabled":true,"jetpack_shortlink":"https:\/\/wp.me\/p8AciD-4lD","_links":{"self":[{"href":"http:\/\/www.hondurasensusmanos.com\/turismo\/wp-json\/wp\/v2\/posts\/16717"}],"collection":[{"href":"http:\/\/www.hondurasensusmanos.com\/turismo\/wp-json\/wp\/v2\/posts"}],"about":[{"href":"http:\/\/www.hondurasensusmanos.com\/turismo\/wp-json\/wp\/v2\/types\/post"}],"author":[{"embeddable":true,"href":"http:\/\/www.hondurasensusmanos.com\/turismo\/wp-json\/wp\/v2\/users\/4"}],"replies":[{"embeddable":true,"href":"http:\/\/www.hondurasensusmanos.com\/turismo\/wp-json\/wp\/v2\/comments?post=16717"}],"version-history":[{"count":1,"href":"http:\/\/www.hondurasensusmanos.com\/turismo\/wp-json\/wp\/v2\/posts\/16717\/revisions"}],"predecessor-version":[{"id":16719,"href":"http:\/\/www.hondurasensusmanos.com\/turismo\/wp-json\/wp\/v2\/posts\/16717\/revisions\/16719"}],"wp:featuredmedia":[{"embeddable":true,"href":"http:\/\/www.hondurasensusmanos.com\/turismo\/wp-json\/wp\/v2\/media\/16718"}],"wp:attachment":[{"href":"http:\/\/www.hondurasensusmanos.com\/turismo\/wp-json\/wp\/v2\/media?parent=16717"}],"wp:term":[{"taxonomy":"category","embeddable":true,"href":"http:\/\/www.hondurasensusmanos.com\/turismo\/wp-json\/wp\/v2\/categories?post=16717"},{"taxonomy":"post_tag","embeddable":true,"href":"http:\/\/www.hondurasensusmanos.com\/turismo\/wp-json\/wp\/v2\/tags?post=16717"}],"curies":[{"name":"wp","href":"https:\/\/api.w.org\/{rel}","templated":true}]}}