{"id":17270,"date":"2022-08-22T07:01:34","date_gmt":"2022-08-21T19:31:34","guid":{"rendered":"http:\/\/www.rinconesdehonduras.info\/?p=17270"},"modified":"2022-06-06T13:28:40","modified_gmt":"2022-06-06T01:58:40","slug":"24-de-agosto-villanueva-cortes-celebra-su-feria-en-honor-a-san-ramon","status":"publish","type":"post","link":"http:\/\/www.hondurasensusmanos.com\/turismo\/24-de-agosto-villanueva-cortes-celebra-su-feria-en-honor-a-san-ramon\/","title":{"rendered":"24\u00a0 de agosto Villanueva, Cortes celebra su feria en honor a San Ram\u00f3n"},"content":{"rendered":"<p><img loading=\"lazy\" class=\"wp-image-178386 aligncenter\" src=\"http:\/\/www.hondurasensusmanos.info\/wp-content\/uploads\/2020\/05\/villanueva-cortes.jpg\" alt=\"\" width=\"873\" height=\"869\" \/><\/p>\n<p>Villanueva es uno de los 12 municipios que componen el Departamento de Cort\u00e9s en la Rep\u00fablica de Honduras. Este municipio se fund\u00f3 originalmente en 1871 por algunos pobladores que ven\u00edan del vecino departamento de Santa B\u00e1rbara para sembrar en sus tierras, pero hasta el 8 de marzo de 1945 recibe el t\u00edtulo de ciudad.<\/p>\n<p>Historia<\/p>\n<p>El municipio se cre\u00f3 un 28 de agosto de 1871, por un grupo reducido de pobladores provenientes de Santa B\u00e1rbara para sembrar en sus tierras. Primordialmente, ca\u00f1a de az\u00facar y bananos, ya que est\u00e1 enclavada en pleno Valle de Sula. Antiguamente Villanueva era una aldea que se llamaba Llano Viejo y por motivo de inundaciones en el sector fue reubicada al sitio donde est\u00e9 actualmente llam\u00e1ndola con el nuevo nombre de aldea Villanueva, hasta su creaci\u00f3n como municipio el 28 de agosto de 1871. Pero, no se declarar\u00eda ciudad hasta marzo de 1945.<\/p>\n<p>Durante ese tiempo, c\u00f3mo en casi todo el pa\u00eds, no hab\u00eda una adecuada pavimentaci\u00f3n. Durante los a\u00f1os 80, la ciudad se industrializ\u00f3, atrayendo a m\u00e1s poblaci\u00f3n al municipio gracias a las oportunidades de trabajo que se dieron con la llegada e instalaci\u00f3n de las f\u00e1bricas en los alrededores del municipio. La emigraci\u00f3n fue tal, que hasta lleg\u00f3 a haber problemas con el servicio de agua potable, y por ende, se tuvo que racionar, y perdura hasta hoy en d\u00eda. A partir de los 90, gracias a una reforma de a la ley de municipalidades, el municipio recauda mayores ingresos gracias a los impuestos, lo cual permitieron al municipio una modificaci\u00f3n est\u00e9tica con la pavimentaci\u00f3n del municipio, reconstrucci\u00f3n del centro municipal, entre m\u00e1s obras de infraestructura. Es uno de los principales municipios productores de ca\u00f1a de az\u00facar, por esto es llamada \u00abLa ciudad que endulza a Honduras\u00bb.<\/p>\n<p>Uno de sus m\u00e1s destacados alcaldes fue Ernesto N\u00e1jera, que form\u00f3 parte durante el per\u00edodo que se pavimentaron las calles principales de Villanueva, Cortes. Tiempo en el que comenzaba el desarrollo de Villanueva con la llegada de las maquilas.<\/p>\n<p><strong>Ram\u00f3n Nonato<img loading=\"lazy\" class=\"size-medium wp-image-178389 alignright\" src=\"http:\/\/www.hondurasensusmanos.info\/wp-content\/uploads\/2020\/05\/SAN-RAMON-180x300.jpg\" alt=\"\" width=\"180\" height=\"300\" \/><\/strong><\/p>\n<p>Ram\u00f3n Nonato (Portell, 1204 &#8211; Cardona, 31 de agosto de 1240), \u200b religioso mercedario, fue un santo nacido en un pueblo de la antigua Corona de Arag\u00f3n en Espa\u00f1a. Su ep\u00edteto nonnatus (en lat\u00edn: no nacido) se deriva de haber sido extra\u00eddo del \u00fatero de su madre por ces\u00e1rea despu\u00e9s de que ella hubiera fallecido. \u200b Es el santo patr\u00f3n de los partos, matronas, ni\u00f1os, embarazadas y personas acusadas falsamente.<\/p>\n<div class=\"sharedaddy sd-sharing-enabled\"><div class=\"robots-nocontent sd-block sd-social sd-social-icon sd-sharing\"><h3 class=\"sd-title\">Comparte esto:<\/h3><div class=\"sd-content\"><ul><li class=\"share-facebook\"><a rel=\"nofollow noopener noreferrer\" data-shared=\"sharing-facebook-17270\" class=\"share-facebook sd-button share-icon no-text\" href=\"http:\/\/www.hondurasensusmanos.com\/turismo\/24-de-agosto-villanueva-cortes-celebra-su-feria-en-honor-a-san-ramon\/?share=facebook\" target=\"_blank\" title=\"Haz clic para compartir en Facebook\"><span><\/span><span class=\"sharing-screen-reader-text\">Haz clic para compartir en Facebook (Se abre en una ventana nueva)<\/span><\/a><\/li><li class=\"share-jetpack-whatsapp\"><a rel=\"nofollow noopener noreferrer\" data-shared=\"\" class=\"share-jetpack-whatsapp sd-button share-icon no-text\" href=\"http:\/\/www.hondurasensusmanos.com\/turismo\/24-de-agosto-villanueva-cortes-celebra-su-feria-en-honor-a-san-ramon\/?share=jetpack-whatsapp\" target=\"_blank\" title=\"Haz clic para compartir en WhatsApp\"><span><\/span><span class=\"sharing-screen-reader-text\">Haz clic para compartir en WhatsApp (Se abre en una ventana nueva)<\/span><\/a><\/li><li class=\"share-twitter\"><a rel=\"nofollow noopener noreferrer\" data-shared=\"sharing-twitter-17270\" class=\"share-twitter sd-button share-icon no-text\" href=\"http:\/\/www.hondurasensusmanos.com\/turismo\/24-de-agosto-villanueva-cortes-celebra-su-feria-en-honor-a-san-ramon\/?share=twitter\" target=\"_blank\" title=\"Haz clic para compartir en Twitter\"><span><\/span><span class=\"sharing-screen-reader-text\">Haz clic para compartir en Twitter (Se abre en una ventana nueva)<\/span><\/a><\/li><li class=\"share-tumblr\"><a rel=\"nofollow noopener noreferrer\" data-shared=\"\" class=\"share-tumblr sd-button share-icon no-text\" href=\"http:\/\/www.hondurasensusmanos.com\/turismo\/24-de-agosto-villanueva-cortes-celebra-su-feria-en-honor-a-san-ramon\/?share=tumblr\" target=\"_blank\" title=\"Haz clic para compartir en Tumblr\"><span><\/span><span class=\"sharing-screen-reader-text\">Haz clic para compartir en Tumblr (Se abre en una ventana nueva)<\/span><\/a><\/li><li class=\"share-email\"><a rel=\"nofollow noopener noreferrer\" data-shared=\"\" class=\"share-email sd-button share-icon no-text\" href=\"http:\/\/www.hondurasensusmanos.com\/turismo\/24-de-agosto-villanueva-cortes-celebra-su-feria-en-honor-a-san-ramon\/?share=email\" target=\"_blank\" title=\"Haz clic para enviar por correo electr\u00f3nico a un amigo\"><span><\/span><span class=\"sharing-screen-reader-text\">Haz clic para enviar por correo electr\u00f3nico a un amigo (Se abre en una ventana nueva)<\/span><\/a><\/li><li class=\"share-end\"><\/li><\/ul><\/div><\/div><\/div>","protected":false},"excerpt":{"rendered":"<p>Villanueva es uno de los 12 municipios que componen el Departamento de Cort\u00e9s en la Rep\u00fablica de Honduras. Este municipio se fund\u00f3 originalmente en 1871 por algunos pobladores que ven\u00edan del vecino departamento de Santa B\u00e1rbara para sembrar en sus tierras, pero hasta el 8 de marzo de 1945 recibe el t\u00edtulo de ciudad. Historia &#8230;<\/p>\n<div class=\"sharedaddy sd-sharing-enabled\"><div class=\"robots-nocontent sd-block sd-social sd-social-icon sd-sharing\"><h3 class=\"sd-title\">Comparte esto:<\/h3><div class=\"sd-content\"><ul><li class=\"share-facebook\"><a rel=\"nofollow noopener noreferrer\" data-shared=\"sharing-facebook-17270\" class=\"share-facebook sd-button share-icon no-text\" href=\"http:\/\/www.hondurasensusmanos.com\/turismo\/24-de-agosto-villanueva-cortes-celebra-su-feria-en-honor-a-san-ramon\/?share=facebook\" target=\"_blank\" title=\"Haz clic para compartir en Facebook\"><span><\/span><span class=\"sharing-screen-reader-text\">Haz clic para compartir en Facebook (Se abre en una ventana nueva)<\/span><\/a><\/li><li class=\"share-jetpack-whatsapp\"><a rel=\"nofollow noopener noreferrer\" data-shared=\"\" class=\"share-jetpack-whatsapp sd-button share-icon no-text\" href=\"http:\/\/www.hondurasensusmanos.com\/turismo\/24-de-agosto-villanueva-cortes-celebra-su-feria-en-honor-a-san-ramon\/?share=jetpack-whatsapp\" target=\"_blank\" title=\"Haz clic para compartir en WhatsApp\"><span><\/span><span class=\"sharing-screen-reader-text\">Haz clic para compartir en WhatsApp (Se abre en una ventana nueva)<\/span><\/a><\/li><li class=\"share-twitter\"><a rel=\"nofollow noopener noreferrer\" data-shared=\"sharing-twitter-17270\" class=\"share-twitter sd-button share-icon no-text\" href=\"http:\/\/www.hondurasensusmanos.com\/turismo\/24-de-agosto-villanueva-cortes-celebra-su-feria-en-honor-a-san-ramon\/?share=twitter\" target=\"_blank\" title=\"Haz clic para compartir en Twitter\"><span><\/span><span class=\"sharing-screen-reader-text\">Haz clic para compartir en Twitter (Se abre en una ventana nueva)<\/span><\/a><\/li><li class=\"share-tumblr\"><a rel=\"nofollow noopener noreferrer\" data-shared=\"\" class=\"share-tumblr sd-button share-icon no-text\" href=\"http:\/\/www.hondurasensusmanos.com\/turismo\/24-de-agosto-villanueva-cortes-celebra-su-feria-en-honor-a-san-ramon\/?share=tumblr\" target=\"_blank\" title=\"Haz clic para compartir en Tumblr\"><span><\/span><span class=\"sharing-screen-reader-text\">Haz clic para compartir en Tumblr (Se abre en una ventana nueva)<\/span><\/a><\/li><li class=\"share-email\"><a rel=\"nofollow noopener noreferrer\" data-shared=\"\" class=\"share-email sd-button share-icon no-text\" href=\"http:\/\/www.hondurasensusmanos.com\/turismo\/24-de-agosto-villanueva-cortes-celebra-su-feria-en-honor-a-san-ramon\/?share=email\" target=\"_blank\" title=\"Haz clic para enviar por correo electr\u00f3nico a un amigo\"><span><\/span><span class=\"sharing-screen-reader-text\">Haz clic para enviar por correo electr\u00f3nico a un amigo (Se abre en una ventana nueva)<\/span><\/a><\/li><li class=\"share-end\"><\/li><\/ul><\/div><\/div><\/div>","protected":false},"author":4,"featured_media":17271,"comment_status":"open","ping_status":"open","sticky":false,"template":"","format":"standard","meta":{"spay_email":"","jetpack_publicize_message":"","jetpack_is_tweetstorm":false},"categories":[42,65],"tags":[],"jetpack_featured_media_url":"http:\/\/www.hondurasensusmanos.com\/turismo\/wp-content\/uploads\/2020\/05\/villanueva-letras.jpg","jetpack_publicize_connections":[],"jetpack_sharing_enabled":true,"jetpack_shortlink":"https:\/\/wp.me\/p8AciD-4uy","_links":{"self":[{"href":"http:\/\/www.hondurasensusmanos.com\/turismo\/wp-json\/wp\/v2\/posts\/17270"}],"collection":[{"href":"http:\/\/www.hondurasensusmanos.com\/turismo\/wp-json\/wp\/v2\/posts"}],"about":[{"href":"http:\/\/www.hondurasensusmanos.com\/turismo\/wp-json\/wp\/v2\/types\/post"}],"author":[{"embeddable":true,"href":"http:\/\/www.hondurasensusmanos.com\/turismo\/wp-json\/wp\/v2\/users\/4"}],"replies":[{"embeddable":true,"href":"http:\/\/www.hondurasensusmanos.com\/turismo\/wp-json\/wp\/v2\/comments?post=17270"}],"version-history":[{"count":1,"href":"http:\/\/www.hondurasensusmanos.com\/turismo\/wp-json\/wp\/v2\/posts\/17270\/revisions"}],"predecessor-version":[{"id":17272,"href":"http:\/\/www.hondurasensusmanos.com\/turismo\/wp-json\/wp\/v2\/posts\/17270\/revisions\/17272"}],"wp:featuredmedia":[{"embeddable":true,"href":"http:\/\/www.hondurasensusmanos.com\/turismo\/wp-json\/wp\/v2\/media\/17271"}],"wp:attachment":[{"href":"http:\/\/www.hondurasensusmanos.com\/turismo\/wp-json\/wp\/v2\/media?parent=17270"}],"wp:term":[{"taxonomy":"category","embeddable":true,"href":"http:\/\/www.hondurasensusmanos.com\/turismo\/wp-json\/wp\/v2\/categories?post=17270"},{"taxonomy":"post_tag","embeddable":true,"href":"http:\/\/www.hondurasensusmanos.com\/turismo\/wp-json\/wp\/v2\/tags?post=17270"}],"curies":[{"name":"wp","href":"https:\/\/api.w.org\/{rel}","templated":true}]}}