{"id":17643,"date":"2023-04-18T06:30:07","date_gmt":"2023-04-17T19:00:07","guid":{"rendered":"http:\/\/www.hondurasensusmanos.com\/turismo\/?p=17643"},"modified":"2023-04-15T08:13:45","modified_gmt":"2023-04-14T20:43:45","slug":"san-luis-santa-barbara-celebraria-este-25-de-abril-su-feria-patronal-en-honor-a-san-marcos","status":"publish","type":"post","link":"http:\/\/www.hondurasensusmanos.com\/turismo\/san-luis-santa-barbara-celebraria-este-25-de-abril-su-feria-patronal-en-honor-a-san-marcos\/","title":{"rendered":"San Luis, Santa B\u00e1rbara celebrar\u00eda este 25 de abril su feria patronal en honor a San Marcos"},"content":{"rendered":"<p><a href=\"http:\/\/www.hondurasensusmanos.com\/turismo\/wp-content\/uploads\/2021\/04\/san-luis-santa-barbara.jpg\"><img loading=\"lazy\" class=\"wp-image-17646 aligncenter\" src=\"http:\/\/www.hondurasensusmanos.com\/turismo\/wp-content\/uploads\/2021\/04\/san-luis-santa-barbara.jpg\" alt=\"\" width=\"642\" height=\"411\" \/><\/a><\/p>\n<p>San Luis, Santa B\u00e1rbara estar\u00eda celebrando su feria en honor a San Marcos este 25 de abril<\/p>\n<p>San Luis\u00a0es un\u00a0municipio\u00a0del\u00a0departamento\u00a0de\u00a0Santa B\u00e1rbara,\u00a0Honduras<\/p>\n<p>Su econom\u00eda se basa principalmente en el cultivo y producci\u00f3n del grano de caf\u00e9, frijoles, ma\u00edz y algunas frutas como el banano; as\u00ed como verduras y una pujante actividad ganadera.<\/p>\n<!--[if lt IE 9]><script>document.createElement('video');<\/script><![endif]-->\n\t<div class=\"wp-playlist wp-video-playlist wp-playlist-light\">\n\t\t<video controls=\"controls\" preload=\"none\" width=\"596\"\n\t\t height=\"447\"\t><\/video>\n\t<div class=\"wp-playlist-next\"><\/div>\n\t<div class=\"wp-playlist-prev\"><\/div>\n\t<noscript>\n\t<ol>\n\t\t<li><a href='http:\/\/www.hondurasensusmanos.com\/turismo\/wp-content\/uploads\/2021\/04\/San-Luis-Santa-Barbara.mp4'>San Luis, Santa Barbara<\/a><\/li>\t<\/ol>\n\t<\/noscript>\n\t<script type=\"application\/json\" class=\"wp-playlist-script\">{\"type\":\"video\",\"tracklist\":true,\"tracknumbers\":true,\"images\":true,\"artists\":true,\"tracks\":[{\"src\":\"http:\\\/\\\/www.hondurasensusmanos.com\\\/turismo\\\/wp-content\\\/uploads\\\/2021\\\/04\\\/San-Luis-Santa-Barbara.mp4\",\"type\":\"video\\\/mp4\",\"title\":\"San Luis, Santa Barbara\",\"caption\":\"\",\"description\":\"\",\"meta\":{\"length_formatted\":\"0:25\"},\"dimensions\":{\"original\":{\"width\":640,\"height\":480},\"resized\":{\"width\":596,\"height\":447}},\"image\":{\"src\":\"http:\\\/\\\/www.hondurasensusmanos.com\\\/turismo\\\/wp-includes\\\/images\\\/media\\\/video.png\",\"width\":48,\"height\":64},\"thumb\":{\"src\":\"http:\\\/\\\/www.hondurasensusmanos.com\\\/turismo\\\/wp-includes\\\/images\\\/media\\\/video.png\",\"width\":48,\"height\":64}}]}<\/script>\n<\/div>\n\t\n<p><strong>SAN MARCOS<a href=\"http:\/\/www.hondurasensusmanos.com\/turismo\/wp-content\/uploads\/2021\/04\/san-marcos.jpg\"><img loading=\"lazy\" class=\"size-full wp-image-17551 alignright\" src=\"http:\/\/www.hondurasensusmanos.com\/turismo\/wp-content\/uploads\/2021\/04\/san-marcos.jpg\" alt=\"\" width=\"200\" height=\"200\" srcset=\"http:\/\/www.hondurasensusmanos.com\/turismo\/wp-content\/uploads\/2021\/04\/san-marcos.jpg 200w, http:\/\/www.hondurasensusmanos.com\/turismo\/wp-content\/uploads\/2021\/04\/san-marcos-150x150.jpg 150w, http:\/\/www.hondurasensusmanos.com\/turismo\/wp-content\/uploads\/2021\/04\/san-marcos-65x65.jpg 65w\" sizes=\"(max-width: 200px) 100vw, 200px\" \/><\/a> <\/strong><\/p>\n<p style=\"text-align: justify;\"><strong>Martirologio Romano:<\/strong>\u00a0<em>Fiesta de san Marcos, evangelista, que primero acompa\u00f1\u00f3 en Jerusal\u00e9n a san Pablo en su apostolado, y despu\u00e9s sigui\u00f3 los pasos de san Pedro, quien lo llam\u00f3 su hijo. Es tradici\u00f3n que en Roma recogi\u00f3 en su Evangelio la catequesis de Pedro a los romanos y que fue \u00e9l quien instituy\u00f3 la Iglesia de Alejandr\u00eda, en el actual Egipto.<\/em>\u00a0(<strong>\u2020<\/strong>\u00a0c.68)<\/p>\n<p><strong>Etimol\u00f3gicamente:<\/strong>\u00a0<em>Marco = Aquel que es recio como un martillo, o nombre relativo al dios Marte, es de origen latino<\/em><\/p>\n<p style=\"text-align: justify;\">Patr\u00f3n de los abogados, notarios, artistas de vitrales, cautivos, de Egipto, Venecia, contra la impenitencia y las picadas de insectos.<\/p>\n<p>San Marcos es jud\u00edo de Jerusal\u00e9n, acompa\u00f1\u00f3 a\u00a0San Pablo\u00a0y a\u00a0Bernab\u00e9, su primo, a Antioquia en el primer viaje misionero de estos (Hechos 12, 25); tambi\u00e9n acompa\u00f1\u00f3 a Pablo a Roma. Se separ\u00f3 de ellos en Perga y regres\u00f3 a su casa. (Hechos 13,13). No sabemos las razones de esa separaci\u00f3n, pero si sabemos que caus\u00f3 una separaci\u00f3n posterior entre San Pablo y Bernab\u00e9, cuando San Pablo rehus\u00f3 aceptar a San Marcos. Bernab\u00e9 se enoj\u00f3 tanto que rompi\u00f3 su asociaci\u00f3n misionera con San Pablo y se fue a Chipre con Marcos (Hechos 15,36-39). A\u00f1os mas tarde San Pablo y San Marcos volvieron a unirse en un viaje misionero.<\/p>\n<p>Fue disc\u00edpulo de\u00a0San Pedro\u00a0e int\u00e9rprete del mismo en su Evangelio, el segundo Evangelio can\u00f3nico (el primero en escribirse). San Marcos escribi\u00f3 en griego con palabras sencillas y fuertes. Por su terminolog\u00eda se entiende que su audiencia era cristiana. Su Evangelio contiene historia y teolog\u00eda. Se debate la fecha en que lo escribi\u00f3, quiz\u00e1s fue en la d\u00e9cada 60-70 AD.<\/p>\n<p>Juntos con Pedro fue a Roma. San Pedro por su parte se refer\u00eda a San Marcos como \u00abmi hijo\u00bb (1P 5,13).<br \/>\nA veces el Nuevo Testamento lo llama Juan Marcos (Hechos 12,12).<br \/>\nEvangeliz\u00f3 y estableci\u00f3 a la Iglesia en Alejandr\u00eda, fundando all\u00ed su famosa escuela cristiana.<\/p>\n<p>Muri\u00f3 m\u00e1rtir aprox. el 25 de abril del 68 AD en Alejandr\u00eda y sus reliquias est\u00e1n en la famosa catedral de Venecia.<\/p>\n<p>Su s\u00edmbolo es el le\u00f3n alado. Tanto este s\u00edmbolo como el de los otros tres evangelistas (Apoc. 4, 7-8), son muy antiguos. De ellos hablan San Jer\u00f3nimo y San Agust\u00edn, explicando que San Marcos, en su primer cap\u00edtulo, habla de Juan el Bautista en el desierto y el le\u00f3n es el rey del desierto (Mc. 1,3).<br \/>\nEn Venecia se veneran, en la preciosa catedral de su mismo nombre, los restos mortales del evangelista, cuyo traslado de Alejandr\u00eda se remonta al siglo IX.<\/p>\n<div class=\"sharedaddy sd-sharing-enabled\"><div class=\"robots-nocontent sd-block sd-social sd-social-icon sd-sharing\"><h3 class=\"sd-title\">Comparte esto:<\/h3><div class=\"sd-content\"><ul><li class=\"share-facebook\"><a rel=\"nofollow noopener noreferrer\" data-shared=\"sharing-facebook-17643\" class=\"share-facebook sd-button share-icon no-text\" href=\"http:\/\/www.hondurasensusmanos.com\/turismo\/san-luis-santa-barbara-celebraria-este-25-de-abril-su-feria-patronal-en-honor-a-san-marcos\/?share=facebook\" target=\"_blank\" title=\"Haz clic para compartir en Facebook\"><span><\/span><span class=\"sharing-screen-reader-text\">Haz clic para compartir en Facebook (Se abre en una ventana nueva)<\/span><\/a><\/li><li class=\"share-jetpack-whatsapp\"><a rel=\"nofollow noopener noreferrer\" data-shared=\"\" class=\"share-jetpack-whatsapp sd-button share-icon no-text\" href=\"http:\/\/www.hondurasensusmanos.com\/turismo\/san-luis-santa-barbara-celebraria-este-25-de-abril-su-feria-patronal-en-honor-a-san-marcos\/?share=jetpack-whatsapp\" target=\"_blank\" title=\"Haz clic para compartir en WhatsApp\"><span><\/span><span class=\"sharing-screen-reader-text\">Haz clic para compartir en WhatsApp (Se abre en una ventana nueva)<\/span><\/a><\/li><li class=\"share-twitter\"><a rel=\"nofollow noopener noreferrer\" data-shared=\"sharing-twitter-17643\" class=\"share-twitter sd-button share-icon no-text\" href=\"http:\/\/www.hondurasensusmanos.com\/turismo\/san-luis-santa-barbara-celebraria-este-25-de-abril-su-feria-patronal-en-honor-a-san-marcos\/?share=twitter\" target=\"_blank\" title=\"Haz clic para compartir en Twitter\"><span><\/span><span class=\"sharing-screen-reader-text\">Haz clic para compartir en Twitter (Se abre en una ventana nueva)<\/span><\/a><\/li><li class=\"share-tumblr\"><a rel=\"nofollow noopener noreferrer\" data-shared=\"\" class=\"share-tumblr sd-button share-icon no-text\" href=\"http:\/\/www.hondurasensusmanos.com\/turismo\/san-luis-santa-barbara-celebraria-este-25-de-abril-su-feria-patronal-en-honor-a-san-marcos\/?share=tumblr\" target=\"_blank\" title=\"Haz clic para compartir en Tumblr\"><span><\/span><span class=\"sharing-screen-reader-text\">Haz clic para compartir en Tumblr (Se abre en una ventana nueva)<\/span><\/a><\/li><li class=\"share-email\"><a rel=\"nofollow noopener noreferrer\" data-shared=\"\" class=\"share-email sd-button share-icon no-text\" href=\"http:\/\/www.hondurasensusmanos.com\/turismo\/san-luis-santa-barbara-celebraria-este-25-de-abril-su-feria-patronal-en-honor-a-san-marcos\/?share=email\" target=\"_blank\" title=\"Haz clic para enviar por correo electr\u00f3nico a un amigo\"><span><\/span><span class=\"sharing-screen-reader-text\">Haz clic para enviar por correo electr\u00f3nico a un amigo (Se abre en una ventana nueva)<\/span><\/a><\/li><li class=\"share-end\"><\/li><\/ul><\/div><\/div><\/div>","protected":false},"excerpt":{"rendered":"<p>San Luis, Santa B\u00e1rbara estar\u00eda celebrando su feria en honor a San Marcos este 25 de abril San Luis\u00a0es un\u00a0municipio\u00a0del\u00a0departamento\u00a0de\u00a0Santa B\u00e1rbara,\u00a0Honduras Su econom\u00eda se basa principalmente en el cultivo y producci\u00f3n del grano de caf\u00e9, frijoles, ma\u00edz y algunas frutas como el banano; as\u00ed como verduras y una pujante actividad ganadera. SAN MARCOS Martirologio Romano:\u00a0Fiesta &#8230;<\/p>\n<div class=\"sharedaddy sd-sharing-enabled\"><div class=\"robots-nocontent sd-block sd-social sd-social-icon sd-sharing\"><h3 class=\"sd-title\">Comparte esto:<\/h3><div class=\"sd-content\"><ul><li class=\"share-facebook\"><a rel=\"nofollow noopener noreferrer\" data-shared=\"sharing-facebook-17643\" class=\"share-facebook sd-button share-icon no-text\" href=\"http:\/\/www.hondurasensusmanos.com\/turismo\/san-luis-santa-barbara-celebraria-este-25-de-abril-su-feria-patronal-en-honor-a-san-marcos\/?share=facebook\" target=\"_blank\" title=\"Haz clic para compartir en Facebook\"><span><\/span><span class=\"sharing-screen-reader-text\">Haz clic para compartir en Facebook (Se abre en una ventana nueva)<\/span><\/a><\/li><li class=\"share-jetpack-whatsapp\"><a rel=\"nofollow noopener noreferrer\" data-shared=\"\" class=\"share-jetpack-whatsapp sd-button share-icon no-text\" href=\"http:\/\/www.hondurasensusmanos.com\/turismo\/san-luis-santa-barbara-celebraria-este-25-de-abril-su-feria-patronal-en-honor-a-san-marcos\/?share=jetpack-whatsapp\" target=\"_blank\" title=\"Haz clic para compartir en WhatsApp\"><span><\/span><span class=\"sharing-screen-reader-text\">Haz clic para compartir en WhatsApp (Se abre en una ventana nueva)<\/span><\/a><\/li><li class=\"share-twitter\"><a rel=\"nofollow noopener noreferrer\" data-shared=\"sharing-twitter-17643\" class=\"share-twitter sd-button share-icon no-text\" href=\"http:\/\/www.hondurasensusmanos.com\/turismo\/san-luis-santa-barbara-celebraria-este-25-de-abril-su-feria-patronal-en-honor-a-san-marcos\/?share=twitter\" target=\"_blank\" title=\"Haz clic para compartir en Twitter\"><span><\/span><span class=\"sharing-screen-reader-text\">Haz clic para compartir en Twitter (Se abre en una ventana nueva)<\/span><\/a><\/li><li class=\"share-tumblr\"><a rel=\"nofollow noopener noreferrer\" data-shared=\"\" class=\"share-tumblr sd-button share-icon no-text\" href=\"http:\/\/www.hondurasensusmanos.com\/turismo\/san-luis-santa-barbara-celebraria-este-25-de-abril-su-feria-patronal-en-honor-a-san-marcos\/?share=tumblr\" target=\"_blank\" title=\"Haz clic para compartir en Tumblr\"><span><\/span><span class=\"sharing-screen-reader-text\">Haz clic para compartir en Tumblr (Se abre en una ventana nueva)<\/span><\/a><\/li><li class=\"share-email\"><a rel=\"nofollow noopener noreferrer\" data-shared=\"\" class=\"share-email sd-button share-icon no-text\" href=\"http:\/\/www.hondurasensusmanos.com\/turismo\/san-luis-santa-barbara-celebraria-este-25-de-abril-su-feria-patronal-en-honor-a-san-marcos\/?share=email\" target=\"_blank\" title=\"Haz clic para enviar por correo electr\u00f3nico a un amigo\"><span><\/span><span class=\"sharing-screen-reader-text\">Haz clic para enviar por correo electr\u00f3nico a un amigo (Se abre en una ventana nueva)<\/span><\/a><\/li><li class=\"share-end\"><\/li><\/ul><\/div><\/div><\/div>","protected":false},"author":4,"featured_media":17646,"comment_status":"open","ping_status":"open","sticky":false,"template":"","format":"standard","meta":{"spay_email":"","jetpack_publicize_message":"","jetpack_is_tweetstorm":false},"categories":[79,65,60,61],"tags":[],"jetpack_featured_media_url":"http:\/\/www.hondurasensusmanos.com\/turismo\/wp-content\/uploads\/2021\/04\/san-luis-santa-barbara.jpg","jetpack_publicize_connections":[],"jetpack_sharing_enabled":true,"jetpack_shortlink":"https:\/\/wp.me\/p8AciD-4Az","_links":{"self":[{"href":"http:\/\/www.hondurasensusmanos.com\/turismo\/wp-json\/wp\/v2\/posts\/17643"}],"collection":[{"href":"http:\/\/www.hondurasensusmanos.com\/turismo\/wp-json\/wp\/v2\/posts"}],"about":[{"href":"http:\/\/www.hondurasensusmanos.com\/turismo\/wp-json\/wp\/v2\/types\/post"}],"author":[{"embeddable":true,"href":"http:\/\/www.hondurasensusmanos.com\/turismo\/wp-json\/wp\/v2\/users\/4"}],"replies":[{"embeddable":true,"href":"http:\/\/www.hondurasensusmanos.com\/turismo\/wp-json\/wp\/v2\/comments?post=17643"}],"version-history":[{"count":4,"href":"http:\/\/www.hondurasensusmanos.com\/turismo\/wp-json\/wp\/v2\/posts\/17643\/revisions"}],"predecessor-version":[{"id":17738,"href":"http:\/\/www.hondurasensusmanos.com\/turismo\/wp-json\/wp\/v2\/posts\/17643\/revisions\/17738"}],"wp:featuredmedia":[{"embeddable":true,"href":"http:\/\/www.hondurasensusmanos.com\/turismo\/wp-json\/wp\/v2\/media\/17646"}],"wp:attachment":[{"href":"http:\/\/www.hondurasensusmanos.com\/turismo\/wp-json\/wp\/v2\/media?parent=17643"}],"wp:term":[{"taxonomy":"category","embeddable":true,"href":"http:\/\/www.hondurasensusmanos.com\/turismo\/wp-json\/wp\/v2\/categories?post=17643"},{"taxonomy":"post_tag","embeddable":true,"href":"http:\/\/www.hondurasensusmanos.com\/turismo\/wp-json\/wp\/v2\/tags?post=17643"}],"curies":[{"name":"wp","href":"https:\/\/api.w.org\/{rel}","templated":true}]}}