{"id":18188,"date":"2022-06-24T06:13:55","date_gmt":"2022-06-23T18:43:55","guid":{"rendered":"http:\/\/www.hondurasensusmanos.com\/turismo\/?p=18188"},"modified":"2022-06-06T13:05:19","modified_gmt":"2022-06-06T01:35:19","slug":"24-de-junio-la-union-copan-celebra-en-honor-a-san-juan-bautista","status":"publish","type":"post","link":"http:\/\/www.hondurasensusmanos.com\/turismo\/24-de-junio-la-union-copan-celebra-en-honor-a-san-juan-bautista\/","title":{"rendered":"24 de Junio La Uni\u00f3n, Cop\u00e1n celebra en Honor a San Juan Bautista"},"content":{"rendered":"<p style=\"text-align: justify;\"><a href=\"http:\/\/www.hondurasensusmanos.com\/turismo\/wp-content\/uploads\/2021\/05\/la-union-copan.jpg\"><img loading=\"lazy\" class=\" wp-image-18189 alignleft\" src=\"http:\/\/www.hondurasensusmanos.com\/turismo\/wp-content\/uploads\/2021\/05\/la-union-copan-300x198.jpg\" alt=\"\" width=\"367\" height=\"242\" srcset=\"http:\/\/www.hondurasensusmanos.com\/turismo\/wp-content\/uploads\/2021\/05\/la-union-copan-300x198.jpg 300w, http:\/\/www.hondurasensusmanos.com\/turismo\/wp-content\/uploads\/2021\/05\/la-union-copan-768x508.jpg 768w, http:\/\/www.hondurasensusmanos.com\/turismo\/wp-content\/uploads\/2021\/05\/la-union-copan-310x205.jpg 310w, http:\/\/www.hondurasensusmanos.com\/turismo\/wp-content\/uploads\/2021\/05\/la-union-copan.jpg 800w\" sizes=\"(max-width: 367px) 100vw, 367px\" \/><\/a>\u00a0<strong>Historia<\/strong><\/p>\n<p style=\"text-align: justify;\">Los primeros pobladores del municipio vinieron de Sensenti, Ocotepeque para dedicarse a la agricultura en vista de las buenas tierras de vega existentes. A este\u00a0 lugar primero se le llamo Malsinca, cuando era\u00a0 una peque\u00f1a aldea y a medida que fue creciendo\u00a0 la poblaci\u00f3n, pensando que deb\u00eda existir\u00a0 la unidad entre los vecinos, decidieron llamarle\u00a0 \u201cLa Uni\u00f3n\u201d<\/p>\n<p style=\"text-align: justify;\">Este municipio fue creado por acuerdo extendido el 14 de noviembre de 1894 por la Gobernaci\u00f3n Pol\u00edtica del Departamento de Copan, con sede en Santa Rosa de Copan, que en esos entonces ten\u00edan potestad constitucional para tomar este tipo de decisiones. En ese per\u00edodo fung\u00eda como presidente de la Republica el Doctor Policarpo Bonilla.<\/p>\n<p style=\"text-align: justify;\">La\u00a0 Gobernaci\u00f3n Pol\u00edtica en uso de sus\u00a0 facultades de conformidad con el Articulo No. 82 de La Constituci\u00f3n de la Rep\u00fablica, y los incisos 2 y 5 de La Ley de Municipalidades acord\u00f3 que el vecindario de La Uni\u00f3n se proclama municipio, independiz\u00e1ndose de Cucuyagua, al cual ha pertenecido y se compondr\u00e1 de las comunidades de la Uni\u00f3n, El Coyolito, San Andr\u00e9s, Jualgipa y La Arena, siendo la Uni\u00f3n la cabecera\u00a0 municipal.<\/p>\n<p style=\"text-align: justify;\"><strong>Significado del Nombre<\/strong><\/p>\n<p style=\"text-align: justify;\">A este\u00a0 lugar primero se le llamo Malsinca, cuando era\u00a0 una peque\u00f1a aldea y a medida que fue creciendo\u00a0 la poblaci\u00f3n, pensando que deb\u00eda existir\u00a0 la unidad entre los vecinos, decidieron llamarle\u00a0 \u201cLa Uni\u00f3n\u201d<\/p>\n<p style=\"text-align: justify;\"><b>Econom\u00eda<\/b><\/p>\n<p style=\"text-align: justify;\">Las principales actividades econ\u00f3micas del municipio son las agropecuarias y la miner\u00eda; en cuanto a la primera los rubros sobresalientes son el caf\u00e9, fr\u00edjol, arroz, ca\u00f1a de az\u00facar y hortalizas como el tomate, chile, repollo, papa, coliflor, zanahoria y cebolla, estos productos son comercializados con intermediarios de El Salvador y Guatemala, otra parte es vendida a compradores de las ciudades de Santa Rosa de Copan y San Pedro Sula.<\/p>\n<p style=\"text-align: justify;\">Entre las especies pecuarias est\u00e1n el ganado, cerdos, pescado y aves, siendo la crianza de ganado mayor el que m\u00e1s prevalece, proces\u00e1ndose la leche y obteniendo derivados como queso, reques\u00f3n, mantequilla y el suero que son comercializados local y regionalmente.<\/p>\n<p style=\"text-align: justify;\">Otras actividades econ\u00f3micas son los servicios profesionales, el comercio al por menor, talleres mec\u00e1nicos, carpinter\u00edas, peque\u00f1a industria de la construcci\u00f3n, producci\u00f3n de bloques y panader\u00edas artesanales.<\/p>\n<p style=\"text-align: justify;\">La Uni\u00f3n es conocida por las existencias de una de las minas de plata y oro m\u00e1s importantes del pa\u00eds, que actualmente est\u00e1 siendo explotada por la empresa Minerales de Cop\u00e1n y genera un aproximado de 700 empleos permanentes que contribuyen a la econom\u00eda familiar.<\/p>\n<p style=\"text-align: justify;\">La mina de San Andr\u00e9s es explotada\u00a0 desde el a\u00f1o 1935, En el a\u00f1o de 1946 fue explotada\u00a0 por la compa\u00f1\u00eda NEW IDRIA HONDURAS MINING COMPANY, pero por razones\u00a0\u00a0 desconocidas esta compa\u00f1\u00eda se retir\u00f3 en 1954. Seg\u00fan contrato firmado el 19 de febrero de 1946, siendo alcalde el sr. Cesar Rodr\u00edguez y el Arrendador de la sociedad Minera San Andr\u00e9s S.A. el\u00a0 Sr. Wilfredo G. Doneldson, firmaron\u00a0 un contrato por\u00a0 cuatro a\u00f1os pagando L. 300.00 por cada a\u00f1o. En el a\u00f1o 1997 inicio operaci\u00f3n la GREENSTONE\u00a0 MINERAS DE HONDURAS.<\/p>\n<p style=\"text-align: justify;\"><strong>Atractivo Tur\u00edstico:\u00a0<\/strong>Parte del territorio de la Uni\u00f3n lo forma la sierra del Merendon, conocida con el nombre del Gallinero, su elevaci\u00f3n m\u00e1s importante se encuentra en el volc\u00e1n inactivo del Erapuca, el cual se divisa de varios sitios del occidente, y se ubica frente a la cabecera de La Uni\u00f3n, con una altura de 2692 metros sobre nivel del mar, ofreciendo una belleza esc\u00e9nica singular, del cual visit\u00e1ndolo a la cima se puede apreciar la mayor parte del territorio de Ocotepeque y parte de Cop\u00e1n.<\/p>\n<p><span class=\"embed-youtube\" style=\"text-align:center; display: block;\"><iframe class='youtube-player' width='618' height='348' src='https:\/\/www.youtube.com\/embed\/qeCn2wLq0UU?version=3&#038;rel=1&#038;showsearch=0&#038;showinfo=1&#038;iv_load_policy=1&#038;fs=1&#038;hl=es-ES&#038;autohide=2&#038;start=4&#038;wmode=transparent' allowfullscreen='true' style='border:0;' sandbox='allow-scripts allow-same-origin allow-popups allow-presentation'><\/iframe><\/span><\/p>\n<p>&nbsp;<\/p>\n<p><strong>JUAN EL BAUTISTA<a href=\"http:\/\/www.hondurasensusmanos.com\/turismo\/wp-content\/uploads\/2021\/05\/san-juan-bautista.jpg\"><img loading=\"lazy\" class=\"size-medium wp-image-18141 alignright\" src=\"http:\/\/www.hondurasensusmanos.com\/turismo\/wp-content\/uploads\/2021\/05\/san-juan-bautista-300x254.jpg\" alt=\"\" width=\"300\" height=\"254\" srcset=\"http:\/\/www.hondurasensusmanos.com\/turismo\/wp-content\/uploads\/2021\/05\/san-juan-bautista-300x254.jpg 300w, http:\/\/www.hondurasensusmanos.com\/turismo\/wp-content\/uploads\/2021\/05\/san-juan-bautista.jpg 349w\" sizes=\"(max-width: 300px) 100vw, 300px\" \/><\/a> <\/strong><\/p>\n<p style=\"text-align: justify;\">Juan el Bautista (en griego \u1f38\u03c9\u03ac\u03bd\u03bd\u03b7\u03c2 \u1f41 \u03b2\u03b1\u03c0\u03c4\u03b9\u03c3\u03c4\u03ae\u03c2, Ioann\u0113s ho baptist\u0113s o \u1f38\u03c9\u03ac\u03bd\u03bd\u03b7\u03c2 \u1f41 \u03b2\u03b1\u03c0\u03c4\u03af\u03b6\u03c9\u03bd, Ioann\u0113s ho baptiz\u014dn;6\u200b7\u200b8\u200b9\u200b conocido como profeta Yahya en el Cor\u00e1n),\u200b o simplemente el Bautista o San Juan, fue un predicador ambulante jud\u00edo\u200b coet\u00e1neo de Jes\u00fas de Nazaret, nacido a finales del siglo I a.C.\u200b Es venerado como un importante personaje religioso\u200b en el cristianismo, el islam y la fe bah\u00e1&#8217;\u00ed.\u200b Est\u00e1 considerado un profeta por todas estas confesiones y varias ramas del cristianismo le han proclamado santo. Es considerado un personaje muy importante en el mande\u00edsmo, pero no su fundador.<\/p>\n<p style=\"text-align: justify;\">Juan usaba el bautismo como sacramento central de su movimiento mesi\u00e1nico.\u200b La mayor\u00eda de los acad\u00e9micos est\u00e1 de acuerdo en que Juan bautiz\u00f3 a Jes\u00fas.\u200b Algunos estudiosos creen que Jes\u00fas fue disc\u00edpulo de Juan\u200b y varios evangelios cuentan que algunos de los seguidores de Jes\u00fas hab\u00edan sido antes disc\u00edpulos de Juan.\u200b Juan el Bautista tambi\u00e9n fue mencionado por el historiador jud\u00edo Flavio Josefo.\u200b Algunos expertos mantienen que Juan estaba influenciado por los esenios, una secta con algunas caracter\u00edsticas asc\u00e9ticas que esperaba un apocalipsis y practicaba rituales muy relacionados con el bautismo aunque no hay evidencias que apoyen esta hip\u00f3tesis.<\/p>\n<p style=\"text-align: justify;\">Seg\u00fan el Nuevo Testamento, Juan anticip\u00f3 a una figura mesi\u00e1nica mayor que \u00e9l mismo, y el que vino fue Jes\u00fas. Los cristianos hablan de Juan como si fuera el precursor de Jes\u00fas, \u200b por haber anunciado su venida. Juan tambi\u00e9n tiene elementos en com\u00fan con el profeta El\u00edas.<\/p>\n<p>&nbsp;<\/p>\n<div class=\"sharedaddy sd-sharing-enabled\"><div class=\"robots-nocontent sd-block sd-social sd-social-icon sd-sharing\"><h3 class=\"sd-title\">Comparte esto:<\/h3><div class=\"sd-content\"><ul><li class=\"share-facebook\"><a rel=\"nofollow noopener noreferrer\" data-shared=\"sharing-facebook-18188\" class=\"share-facebook sd-button share-icon no-text\" href=\"http:\/\/www.hondurasensusmanos.com\/turismo\/24-de-junio-la-union-copan-celebra-en-honor-a-san-juan-bautista\/?share=facebook\" target=\"_blank\" title=\"Haz clic para compartir en Facebook\"><span><\/span><span class=\"sharing-screen-reader-text\">Haz clic para compartir en Facebook (Se abre en una ventana nueva)<\/span><\/a><\/li><li class=\"share-jetpack-whatsapp\"><a rel=\"nofollow noopener noreferrer\" data-shared=\"\" class=\"share-jetpack-whatsapp sd-button share-icon no-text\" href=\"http:\/\/www.hondurasensusmanos.com\/turismo\/24-de-junio-la-union-copan-celebra-en-honor-a-san-juan-bautista\/?share=jetpack-whatsapp\" target=\"_blank\" title=\"Haz clic para compartir en WhatsApp\"><span><\/span><span class=\"sharing-screen-reader-text\">Haz clic para compartir en WhatsApp (Se abre en una ventana nueva)<\/span><\/a><\/li><li class=\"share-twitter\"><a rel=\"nofollow noopener noreferrer\" data-shared=\"sharing-twitter-18188\" class=\"share-twitter sd-button share-icon no-text\" href=\"http:\/\/www.hondurasensusmanos.com\/turismo\/24-de-junio-la-union-copan-celebra-en-honor-a-san-juan-bautista\/?share=twitter\" target=\"_blank\" title=\"Haz clic para compartir en Twitter\"><span><\/span><span class=\"sharing-screen-reader-text\">Haz clic para compartir en Twitter (Se abre en una ventana nueva)<\/span><\/a><\/li><li class=\"share-tumblr\"><a rel=\"nofollow noopener noreferrer\" data-shared=\"\" class=\"share-tumblr sd-button share-icon no-text\" href=\"http:\/\/www.hondurasensusmanos.com\/turismo\/24-de-junio-la-union-copan-celebra-en-honor-a-san-juan-bautista\/?share=tumblr\" target=\"_blank\" title=\"Haz clic para compartir en Tumblr\"><span><\/span><span class=\"sharing-screen-reader-text\">Haz clic para compartir en Tumblr (Se abre en una ventana nueva)<\/span><\/a><\/li><li class=\"share-email\"><a rel=\"nofollow noopener noreferrer\" data-shared=\"\" class=\"share-email sd-button share-icon no-text\" href=\"http:\/\/www.hondurasensusmanos.com\/turismo\/24-de-junio-la-union-copan-celebra-en-honor-a-san-juan-bautista\/?share=email\" target=\"_blank\" title=\"Haz clic para enviar por correo electr\u00f3nico a un amigo\"><span><\/span><span class=\"sharing-screen-reader-text\">Haz clic para enviar por correo electr\u00f3nico a un amigo (Se abre en una ventana nueva)<\/span><\/a><\/li><li class=\"share-end\"><\/li><\/ul><\/div><\/div><\/div>","protected":false},"excerpt":{"rendered":"<p>\u00a0Historia Los primeros pobladores del municipio vinieron de Sensenti, Ocotepeque para dedicarse a la agricultura en vista de las buenas tierras de vega existentes. A este\u00a0 lugar primero se le llamo Malsinca, cuando era\u00a0 una peque\u00f1a aldea y a medida que fue creciendo\u00a0 la poblaci\u00f3n, pensando que deb\u00eda existir\u00a0 la unidad entre los vecinos, decidieron &#8230;<\/p>\n<div class=\"sharedaddy sd-sharing-enabled\"><div class=\"robots-nocontent sd-block sd-social sd-social-icon sd-sharing\"><h3 class=\"sd-title\">Comparte esto:<\/h3><div class=\"sd-content\"><ul><li class=\"share-facebook\"><a rel=\"nofollow noopener noreferrer\" data-shared=\"sharing-facebook-18188\" class=\"share-facebook sd-button share-icon no-text\" href=\"http:\/\/www.hondurasensusmanos.com\/turismo\/24-de-junio-la-union-copan-celebra-en-honor-a-san-juan-bautista\/?share=facebook\" target=\"_blank\" title=\"Haz clic para compartir en Facebook\"><span><\/span><span class=\"sharing-screen-reader-text\">Haz clic para compartir en Facebook (Se abre en una ventana nueva)<\/span><\/a><\/li><li class=\"share-jetpack-whatsapp\"><a rel=\"nofollow noopener noreferrer\" data-shared=\"\" class=\"share-jetpack-whatsapp sd-button share-icon no-text\" href=\"http:\/\/www.hondurasensusmanos.com\/turismo\/24-de-junio-la-union-copan-celebra-en-honor-a-san-juan-bautista\/?share=jetpack-whatsapp\" target=\"_blank\" title=\"Haz clic para compartir en WhatsApp\"><span><\/span><span class=\"sharing-screen-reader-text\">Haz clic para compartir en WhatsApp (Se abre en una ventana nueva)<\/span><\/a><\/li><li class=\"share-twitter\"><a rel=\"nofollow noopener noreferrer\" data-shared=\"sharing-twitter-18188\" class=\"share-twitter sd-button share-icon no-text\" href=\"http:\/\/www.hondurasensusmanos.com\/turismo\/24-de-junio-la-union-copan-celebra-en-honor-a-san-juan-bautista\/?share=twitter\" target=\"_blank\" title=\"Haz clic para compartir en Twitter\"><span><\/span><span class=\"sharing-screen-reader-text\">Haz clic para compartir en Twitter (Se abre en una ventana nueva)<\/span><\/a><\/li><li class=\"share-tumblr\"><a rel=\"nofollow noopener noreferrer\" data-shared=\"\" class=\"share-tumblr sd-button share-icon no-text\" href=\"http:\/\/www.hondurasensusmanos.com\/turismo\/24-de-junio-la-union-copan-celebra-en-honor-a-san-juan-bautista\/?share=tumblr\" target=\"_blank\" title=\"Haz clic para compartir en Tumblr\"><span><\/span><span class=\"sharing-screen-reader-text\">Haz clic para compartir en Tumblr (Se abre en una ventana nueva)<\/span><\/a><\/li><li class=\"share-email\"><a rel=\"nofollow noopener noreferrer\" data-shared=\"\" class=\"share-email sd-button share-icon no-text\" href=\"http:\/\/www.hondurasensusmanos.com\/turismo\/24-de-junio-la-union-copan-celebra-en-honor-a-san-juan-bautista\/?share=email\" target=\"_blank\" title=\"Haz clic para enviar por correo electr\u00f3nico a un amigo\"><span><\/span><span class=\"sharing-screen-reader-text\">Haz clic para enviar por correo electr\u00f3nico a un amigo (Se abre en una ventana nueva)<\/span><\/a><\/li><li class=\"share-end\"><\/li><\/ul><\/div><\/div><\/div>","protected":false},"author":4,"featured_media":18190,"comment_status":"open","ping_status":"open","sticky":false,"template":"","format":"standard","meta":{"spay_email":"","jetpack_publicize_message":"","jetpack_is_tweetstorm":false},"categories":[69,41,58,65],"tags":[],"jetpack_featured_media_url":"http:\/\/www.hondurasensusmanos.com\/turismo\/wp-content\/uploads\/2021\/05\/la-union-copan2.jpg","jetpack_publicize_connections":[],"jetpack_sharing_enabled":true,"jetpack_shortlink":"https:\/\/wp.me\/p8AciD-4Jm","_links":{"self":[{"href":"http:\/\/www.hondurasensusmanos.com\/turismo\/wp-json\/wp\/v2\/posts\/18188"}],"collection":[{"href":"http:\/\/www.hondurasensusmanos.com\/turismo\/wp-json\/wp\/v2\/posts"}],"about":[{"href":"http:\/\/www.hondurasensusmanos.com\/turismo\/wp-json\/wp\/v2\/types\/post"}],"author":[{"embeddable":true,"href":"http:\/\/www.hondurasensusmanos.com\/turismo\/wp-json\/wp\/v2\/users\/4"}],"replies":[{"embeddable":true,"href":"http:\/\/www.hondurasensusmanos.com\/turismo\/wp-json\/wp\/v2\/comments?post=18188"}],"version-history":[{"count":2,"href":"http:\/\/www.hondurasensusmanos.com\/turismo\/wp-json\/wp\/v2\/posts\/18188\/revisions"}],"predecessor-version":[{"id":19888,"href":"http:\/\/www.hondurasensusmanos.com\/turismo\/wp-json\/wp\/v2\/posts\/18188\/revisions\/19888"}],"wp:featuredmedia":[{"embeddable":true,"href":"http:\/\/www.hondurasensusmanos.com\/turismo\/wp-json\/wp\/v2\/media\/18190"}],"wp:attachment":[{"href":"http:\/\/www.hondurasensusmanos.com\/turismo\/wp-json\/wp\/v2\/media?parent=18188"}],"wp:term":[{"taxonomy":"category","embeddable":true,"href":"http:\/\/www.hondurasensusmanos.com\/turismo\/wp-json\/wp\/v2\/categories?post=18188"},{"taxonomy":"post_tag","embeddable":true,"href":"http:\/\/www.hondurasensusmanos.com\/turismo\/wp-json\/wp\/v2\/tags?post=18188"}],"curies":[{"name":"wp","href":"https:\/\/api.w.org\/{rel}","templated":true}]}}