{"id":18627,"date":"2022-09-29T06:06:41","date_gmt":"2022-09-28T18:36:41","guid":{"rendered":"http:\/\/www.hondurasensusmanos.com\/turismo\/?p=18627"},"modified":"2022-07-19T05:55:10","modified_gmt":"2022-07-18T18:25:10","slug":"el-29-de-septiembre-el-municipio-de-san-andres-lempira-celebra-en-honor-a-san-miguel-arcangel","status":"publish","type":"post","link":"http:\/\/www.hondurasensusmanos.com\/turismo\/el-29-de-septiembre-el-municipio-de-san-andres-lempira-celebra-en-honor-a-san-miguel-arcangel\/","title":{"rendered":"El 29 de septiembre el municipio de san Andr\u00e9s, Lempira celebra en honor a san Miguel Arcangel"},"content":{"rendered":"<p><a href=\"http:\/\/www.hondurasensusmanos.com\/turismo\/wp-content\/uploads\/2021\/06\/san-andres-lempira-3.jpg\"><img loading=\"lazy\" class=\"size-full wp-image-18630 alignleft\" src=\"http:\/\/www.hondurasensusmanos.com\/turismo\/wp-content\/uploads\/2021\/06\/san-andres-lempira-3.jpg\" alt=\"\" width=\"300\" height=\"225\" \/><\/a><strong>San Andr\u00e9s<\/strong>, es un municipio de Honduras, ubicado en el\u00a0departamento de Lempira, en la\u00a0Rep\u00fablica de Honduras.<\/p>\n<p style=\"text-align: justify;\">El cultivo del caf\u00e9 es la mayor actividad de ingreso para este municipio, aprovechando su elevaci\u00f3n sobre el nivel del mar. Los vegetales, ma\u00edz y frij\u00f3les se presentan en menor escala, en su mayor\u00eda para consumo local, al igual que el ganado y los productos lacteos, Los recursos forestales son aprovechados racionalmente. Tiene electricidad, pero cuando llega a faltar, la ausencia puede durar un par de d\u00edas. Cuenta con cobertura de comunicaci\u00f3n m\u00f3vil. Tiene alrededor de su cabecera bastantes nacimientos de agua que ayudan al abastecimiento local y de los municipios de La Virtud, Virginia, Mapulaca, piraera y varias comunidades de Valladolid. existen varias comunidades donde se siembran vegetales debido a sus planicies propias para eso. hay una cascada sobre el r\u00edo saina con el nombre de yusa con una ca\u00edda de agua de 112 metros de altura la m\u00e1s alta del departamento.<\/p>\n<p style=\"text-align: justify;\">En el recuento de poblaci\u00f3n de 1801 aparece como aldea Guaxinlaca de la subdelegaci\u00f3n de Gracias a Dios. En la divisi\u00f3n pol\u00edtica territorial de 1889 aparece como municipio del distrito de Erandique con el nombre de San Andr\u00e9s.<\/p>\n<p style=\"text-align: justify;\">Se ubica en lo alto del grupo de monta\u00f1as, de la que forma parte \u00abCongol\u00f3n\u00bb. Tiene bastantes bosques de Pinos, Liquidambares y en menor escala de robles. Las colinas y monta\u00f1as de este municipio son muy grandes y escarpadas. El clima es templado durante tres cuartas partes del a\u00f1o, a excepc\u00edon obvia del verano. Tambi\u00e9n se ven \u00e1rboles de hoja ancha que son utilizados para dar sombra a los cultivos de caf\u00e9.<\/p>\n<p><strong>Turismo<\/strong><\/p>\n<p style=\"text-align: justify;\">El acceso a este municipio es por el lado oriental y el sur del departamento. El desv\u00edo para esta cabecera se le conoce como \u00abEl Guayabo\u00bb un Caserillo de una Aldea de Erandique Lempira, a partir de all\u00ed son 15 minutos hasta el centro del pueblo. La carretera no pavimentada pasa en buen estado durante la mayor\u00eda del a\u00f1o. Tiene la ventaja de estar relativamente cerca de otros municipios\u00a0Erandique, Gualcinse. Hay ciertos tramos que quedan de una v\u00eda, por lo que se debe ser precavido. Los mejores atractivos tur\u00edsticos de este municipio son sus bosques, en especial los de Liquidambar, que al mudar sus hojas seg\u00fan la estaci\u00f3n ofrecen paisajes hermosos.los r\u00edos(mocal y saina) Las fincas de caf\u00e9 tambi\u00e9n ofrecen los mismos espect\u00e1culos. Hay hotelitos atractivos, hay una estaci\u00f3n gosolinera. una ferreter\u00eda.existen dos rutas de buses hacis la ciudad de Gracias lempira. En la alcald\u00eda hay acceso a internet. Tiene negocios peque\u00f1os de abarrote.Se puede disfrutar de la comida t\u00edpica de la zona occidental , la gente es muy acojedora. En la feria local, llega mucha gente de los alrededores y se presentan ventas de art\u00edculos varios.<\/p>\n<ul>\n<li style=\"text-align: justify;\"><strong>Feria patronal<\/strong>:El 29 de noviembre y el 29 de septiembre, d\u00eda de San Andr\u00e9s<\/li>\n<\/ul>\n<p><span class=\"embed-youtube\" style=\"text-align:center; display: block;\"><iframe class='youtube-player' width='618' height='348' src='https:\/\/www.youtube.com\/embed\/4c6htpZ7u4Y?version=3&#038;rel=1&#038;showsearch=0&#038;showinfo=1&#038;iv_load_policy=1&#038;fs=1&#038;hl=es-ES&#038;autohide=2&#038;wmode=transparent' allowfullscreen='true' style='border:0;' sandbox='allow-scripts allow-same-origin allow-popups allow-presentation'><\/iframe><\/span><\/p>\n<p>&nbsp;<\/p>\n<p><strong>Arc\u00e1ngel Miguel<a href=\"http:\/\/www.hondurasensusmanos.com\/turismo\/wp-content\/uploads\/2021\/06\/arcangel-miguellll.jpg\"><img loading=\"lazy\" class=\"size-full wp-image-18631 alignright\" src=\"http:\/\/www.hondurasensusmanos.com\/turismo\/wp-content\/uploads\/2021\/06\/arcangel-miguellll.jpg\" alt=\"\" width=\"197\" height=\"255\" \/><\/a><\/strong><\/p>\n<p style=\"text-align: justify;\">El arc\u00e1ngel Miguel (en hebreo, \u05de\u05d9\u05db\u05d0\u05dc\u200e (Mija-El, Mikaiy\u00e1h o Mijai\u00e1), \u2018\u00bfQui\u00e9n como Dios?\u2019; en \u00e1rabe, \u0645\u064a\u062e\u0627\u0626\u064a\u0644 (M\u012bj\u0101&#8217;\u012bl); en griego antiguo, \u039c\u03b9\u03c7\u03b1\u03ae\u03bb Mija\u00edl; en lat\u00edn, Michael o Michahel) es el jefe de los ej\u00e9rcitos de Dios en las religiones jud\u00eda, isl\u00e1mica y cristiana (Iglesias cat\u00f3lica, ortodoxa, copta y anglicana).<\/p>\n<p style=\"text-align: justify;\">Para los cristianos es el protector de la Iglesia y considerado abogado del pueblo elegido de Dios. La Iglesia Cat\u00f3lica lo considera como patrono y protector de la Iglesia Universal.<\/p>\n<p style=\"text-align: justify;\">La Iglesia copta lo considera el primero de los siete arc\u00e1ngeles, junto con Gabriel, Rafael y Uriel. Es el encargado de frustrar a Lucifer o Satan\u00e1s, enemigo principal de Miguel por ser el arc\u00e1ngel de los \u00e1ngeles ca\u00eddos o del mal4\u200b (Apocalipsis 12:7). Por eso, en el arte se le representa como un \u00e1ngel con armadura de general romano, amenazando con una lanza o espada a un demonio o drag\u00f3n. Tambi\u00e9n suele ser representado pesando las almas en la balanza, pues seg\u00fan la tradici\u00f3n, \u00e9l tomar\u00eda parte en el Juicio final.<\/p>\n<p style=\"text-align: justify;\"><strong>El Arc\u00e1ngel Miguel en el cristianismo<\/strong><\/p>\n<p style=\"text-align: justify;\">Estatua del arc\u00e1ngel Miguel de August Vogel en la iglesia de san Miguel en Hamburgo.<br \/>\nLa veneraci\u00f3n del arc\u00e1ngel Miguel en el cristianismo se basa en su mayor parte en lecturas del Nuevo Testamento y adoptando las que se refieren a \u00e9l en el Antiguo. Precisamente en el Apocalipsis se lee:<\/p>\n<p style=\"text-align: justify;\">\u00abHubo un gran combate en los cielos. Miguel y sus \u00e1ngeles lucharon contra el Drag\u00f3n. Tambi\u00e9n el Drag\u00f3n y sus \u00e1ngeles combatieron, pero no prevalecieron y no hubo ya lugar en el Cielo para ellos. Y fue arrojado el Drag\u00f3n, la Serpiente antigua, el llamado Diablo y Satan\u00e1s, el seductor del mundo entero; fue arrojado a la tierra y sus \u00e1ngeles con \u00e9l.\u00bb (Apocalipsis 12, 7-9)<\/p>\n<p style=\"text-align: justify;\">Y en la Ep\u00edstola de San Judas (ver. 9), se vincula del culto a Miguel con las tradiciones jud\u00edas:<\/p>\n<p style=\"text-align: justify;\">\u00abCuando el arc\u00e1ngel Miguel disputaba con el diablo, la posesi\u00f3n del cuerpo de Mois\u00e9s, no se atrevi\u00f3 a decir maldici\u00f3n sino que dijo: \u00abEl Se\u00f1or te reprenda.\u00bb.<\/p>\n<p style=\"text-align: justify;\">Tal vez citando al escrito ap\u00f3crifo conocido como la Asunci\u00f3n de Mois\u00e9s, en \u00e9l se menciona que Sat\u00e1n reclam\u00f3 el cuerpo para s\u00ed, argumentando que Mois\u00e9s provoc\u00f3 la muerte de muchos egipcios. Raz\u00f3n por la cual el arc\u00e1ngel se enfureci\u00f3 y luch\u00f3 contra \u00e9l, venci\u00e9ndolo.<\/p>\n<p style=\"text-align: justify;\">Antiguas autoridades gubernamentales y eclesi\u00e1sticas reconocieron temprano las virtudes de esta criatura alada. Por ejemplo, el emperador Constantino atribu\u00eda a Miguel la derrota de sus adversarios. Por ese motivo mand\u00f3 edificar cerca de Constantinopla una espl\u00e9ndida iglesia en su homenaje (Michaelion, en Sosthenion). Cabe se\u00f1alar tambi\u00e9n que diferentes visiones de la Virgen Mar\u00eda incluyen alguna manifestaci\u00f3n de la presencia del arc\u00e1ngel. Algunas de las apariciones atestiguadas son: la de F\u00e1tima, en el a\u00f1o 1916, que atestigu\u00f3 haber visto al \u00e1ngel arrodillarse lamentando el escepticismo de los incr\u00e9dulos y rogar oraci\u00f3n por \u00e9l y por el Se\u00f1or. En una posterior aparici\u00f3n volvi\u00f3 a pedir la pr\u00e1ctica del rezo, los sacrificios y las oraciones.<\/p>\n<div class=\"sharedaddy sd-sharing-enabled\"><div class=\"robots-nocontent sd-block sd-social sd-social-icon sd-sharing\"><h3 class=\"sd-title\">Comparte esto:<\/h3><div class=\"sd-content\"><ul><li class=\"share-facebook\"><a rel=\"nofollow noopener noreferrer\" data-shared=\"sharing-facebook-18627\" class=\"share-facebook sd-button share-icon no-text\" href=\"http:\/\/www.hondurasensusmanos.com\/turismo\/el-29-de-septiembre-el-municipio-de-san-andres-lempira-celebra-en-honor-a-san-miguel-arcangel\/?share=facebook\" target=\"_blank\" title=\"Haz clic para compartir en Facebook\"><span><\/span><span class=\"sharing-screen-reader-text\">Haz clic para compartir en Facebook (Se abre en una ventana nueva)<\/span><\/a><\/li><li class=\"share-jetpack-whatsapp\"><a rel=\"nofollow noopener noreferrer\" data-shared=\"\" class=\"share-jetpack-whatsapp sd-button share-icon no-text\" href=\"http:\/\/www.hondurasensusmanos.com\/turismo\/el-29-de-septiembre-el-municipio-de-san-andres-lempira-celebra-en-honor-a-san-miguel-arcangel\/?share=jetpack-whatsapp\" target=\"_blank\" title=\"Haz clic para compartir en WhatsApp\"><span><\/span><span class=\"sharing-screen-reader-text\">Haz clic para compartir en WhatsApp (Se abre en una ventana nueva)<\/span><\/a><\/li><li class=\"share-twitter\"><a rel=\"nofollow noopener noreferrer\" data-shared=\"sharing-twitter-18627\" class=\"share-twitter sd-button share-icon no-text\" href=\"http:\/\/www.hondurasensusmanos.com\/turismo\/el-29-de-septiembre-el-municipio-de-san-andres-lempira-celebra-en-honor-a-san-miguel-arcangel\/?share=twitter\" target=\"_blank\" title=\"Haz clic para compartir en Twitter\"><span><\/span><span class=\"sharing-screen-reader-text\">Haz clic para compartir en Twitter (Se abre en una ventana nueva)<\/span><\/a><\/li><li class=\"share-tumblr\"><a rel=\"nofollow noopener noreferrer\" data-shared=\"\" class=\"share-tumblr sd-button share-icon no-text\" href=\"http:\/\/www.hondurasensusmanos.com\/turismo\/el-29-de-septiembre-el-municipio-de-san-andres-lempira-celebra-en-honor-a-san-miguel-arcangel\/?share=tumblr\" target=\"_blank\" title=\"Haz clic para compartir en Tumblr\"><span><\/span><span class=\"sharing-screen-reader-text\">Haz clic para compartir en Tumblr (Se abre en una ventana nueva)<\/span><\/a><\/li><li class=\"share-email\"><a rel=\"nofollow noopener noreferrer\" data-shared=\"\" class=\"share-email sd-button share-icon no-text\" href=\"http:\/\/www.hondurasensusmanos.com\/turismo\/el-29-de-septiembre-el-municipio-de-san-andres-lempira-celebra-en-honor-a-san-miguel-arcangel\/?share=email\" target=\"_blank\" title=\"Haz clic para enviar por correo electr\u00f3nico a un amigo\"><span><\/span><span class=\"sharing-screen-reader-text\">Haz clic para enviar por correo electr\u00f3nico a un amigo (Se abre en una ventana nueva)<\/span><\/a><\/li><li class=\"share-end\"><\/li><\/ul><\/div><\/div><\/div>","protected":false},"excerpt":{"rendered":"<p>San Andr\u00e9s, es un municipio de Honduras, ubicado en el\u00a0departamento de Lempira, en la\u00a0Rep\u00fablica de Honduras. El cultivo del caf\u00e9 es la mayor actividad de ingreso para este municipio, aprovechando su elevaci\u00f3n sobre el nivel del mar. Los vegetales, ma\u00edz y frij\u00f3les se presentan en menor escala, en su mayor\u00eda para consumo local, al igual &#8230;<\/p>\n<div class=\"sharedaddy sd-sharing-enabled\"><div class=\"robots-nocontent sd-block sd-social sd-social-icon sd-sharing\"><h3 class=\"sd-title\">Comparte esto:<\/h3><div class=\"sd-content\"><ul><li class=\"share-facebook\"><a rel=\"nofollow noopener noreferrer\" data-shared=\"sharing-facebook-18627\" class=\"share-facebook sd-button share-icon no-text\" href=\"http:\/\/www.hondurasensusmanos.com\/turismo\/el-29-de-septiembre-el-municipio-de-san-andres-lempira-celebra-en-honor-a-san-miguel-arcangel\/?share=facebook\" target=\"_blank\" title=\"Haz clic para compartir en Facebook\"><span><\/span><span class=\"sharing-screen-reader-text\">Haz clic para compartir en Facebook (Se abre en una ventana nueva)<\/span><\/a><\/li><li class=\"share-jetpack-whatsapp\"><a rel=\"nofollow noopener noreferrer\" data-shared=\"\" class=\"share-jetpack-whatsapp sd-button share-icon no-text\" href=\"http:\/\/www.hondurasensusmanos.com\/turismo\/el-29-de-septiembre-el-municipio-de-san-andres-lempira-celebra-en-honor-a-san-miguel-arcangel\/?share=jetpack-whatsapp\" target=\"_blank\" title=\"Haz clic para compartir en WhatsApp\"><span><\/span><span class=\"sharing-screen-reader-text\">Haz clic para compartir en WhatsApp (Se abre en una ventana nueva)<\/span><\/a><\/li><li class=\"share-twitter\"><a rel=\"nofollow noopener noreferrer\" data-shared=\"sharing-twitter-18627\" class=\"share-twitter sd-button share-icon no-text\" href=\"http:\/\/www.hondurasensusmanos.com\/turismo\/el-29-de-septiembre-el-municipio-de-san-andres-lempira-celebra-en-honor-a-san-miguel-arcangel\/?share=twitter\" target=\"_blank\" title=\"Haz clic para compartir en Twitter\"><span><\/span><span class=\"sharing-screen-reader-text\">Haz clic para compartir en Twitter (Se abre en una ventana nueva)<\/span><\/a><\/li><li class=\"share-tumblr\"><a rel=\"nofollow noopener noreferrer\" data-shared=\"\" class=\"share-tumblr sd-button share-icon no-text\" href=\"http:\/\/www.hondurasensusmanos.com\/turismo\/el-29-de-septiembre-el-municipio-de-san-andres-lempira-celebra-en-honor-a-san-miguel-arcangel\/?share=tumblr\" target=\"_blank\" title=\"Haz clic para compartir en Tumblr\"><span><\/span><span class=\"sharing-screen-reader-text\">Haz clic para compartir en Tumblr (Se abre en una ventana nueva)<\/span><\/a><\/li><li class=\"share-email\"><a rel=\"nofollow noopener noreferrer\" data-shared=\"\" class=\"share-email sd-button share-icon no-text\" href=\"http:\/\/www.hondurasensusmanos.com\/turismo\/el-29-de-septiembre-el-municipio-de-san-andres-lempira-celebra-en-honor-a-san-miguel-arcangel\/?share=email\" target=\"_blank\" title=\"Haz clic para enviar por correo electr\u00f3nico a un amigo\"><span><\/span><span class=\"sharing-screen-reader-text\">Haz clic para enviar por correo electr\u00f3nico a un amigo (Se abre en una ventana nueva)<\/span><\/a><\/li><li class=\"share-end\"><\/li><\/ul><\/div><\/div><\/div>","protected":false},"author":4,"featured_media":18629,"comment_status":"open","ping_status":"open","sticky":false,"template":"","format":"standard","meta":{"spay_email":"","jetpack_publicize_message":"","jetpack_is_tweetstorm":false},"categories":[77,65],"tags":[],"jetpack_featured_media_url":"http:\/\/www.hondurasensusmanos.com\/turismo\/wp-content\/uploads\/2021\/06\/san-andres-lempra2.jpg","jetpack_publicize_connections":[],"jetpack_sharing_enabled":true,"jetpack_shortlink":"https:\/\/wp.me\/p8AciD-4Qr","_links":{"self":[{"href":"http:\/\/www.hondurasensusmanos.com\/turismo\/wp-json\/wp\/v2\/posts\/18627"}],"collection":[{"href":"http:\/\/www.hondurasensusmanos.com\/turismo\/wp-json\/wp\/v2\/posts"}],"about":[{"href":"http:\/\/www.hondurasensusmanos.com\/turismo\/wp-json\/wp\/v2\/types\/post"}],"author":[{"embeddable":true,"href":"http:\/\/www.hondurasensusmanos.com\/turismo\/wp-json\/wp\/v2\/users\/4"}],"replies":[{"embeddable":true,"href":"http:\/\/www.hondurasensusmanos.com\/turismo\/wp-json\/wp\/v2\/comments?post=18627"}],"version-history":[{"count":1,"href":"http:\/\/www.hondurasensusmanos.com\/turismo\/wp-json\/wp\/v2\/posts\/18627\/revisions"}],"predecessor-version":[{"id":18632,"href":"http:\/\/www.hondurasensusmanos.com\/turismo\/wp-json\/wp\/v2\/posts\/18627\/revisions\/18632"}],"wp:featuredmedia":[{"embeddable":true,"href":"http:\/\/www.hondurasensusmanos.com\/turismo\/wp-json\/wp\/v2\/media\/18629"}],"wp:attachment":[{"href":"http:\/\/www.hondurasensusmanos.com\/turismo\/wp-json\/wp\/v2\/media?parent=18627"}],"wp:term":[{"taxonomy":"category","embeddable":true,"href":"http:\/\/www.hondurasensusmanos.com\/turismo\/wp-json\/wp\/v2\/categories?post=18627"},{"taxonomy":"post_tag","embeddable":true,"href":"http:\/\/www.hondurasensusmanos.com\/turismo\/wp-json\/wp\/v2\/tags?post=18627"}],"curies":[{"name":"wp","href":"https:\/\/api.w.org\/{rel}","templated":true}]}}