{"id":21959,"date":"2025-11-15T11:06:11","date_gmt":"2025-11-14T23:36:11","guid":{"rendered":"https:\/\/www.hondurasensusmanos.com\/turismo\/?p=21959"},"modified":"2025-05-31T13:00:05","modified_gmt":"2025-05-31T01:30:05","slug":"disfruta-de-la-feria-cultural-en-valle-de-angeles","status":"publish","type":"post","link":"http:\/\/www.hondurasensusmanos.com\/turismo\/disfruta-de-la-feria-cultural-en-valle-de-angeles\/","title":{"rendered":"Disfruta de la Feria Cultural en Valle de \u00c1ngeles"},"content":{"rendered":"<p style=\"text-align: center;\"><a href=\"http:\/\/www.hondurasensusmanos.com\/turismo\/wp-content\/uploads\/2023\/11\/feria-valle-768x576-1-750x430-1.jpg\"><img loading=\"lazy\" class=\"alignnone wp-image-21960\" src=\"http:\/\/www.hondurasensusmanos.com\/turismo\/wp-content\/uploads\/2023\/11\/feria-valle-768x576-1-750x430-1-300x172.jpg\" alt=\"\" width=\"398\" height=\"228\" srcset=\"http:\/\/www.hondurasensusmanos.com\/turismo\/wp-content\/uploads\/2023\/11\/feria-valle-768x576-1-750x430-1-300x172.jpg 300w, http:\/\/www.hondurasensusmanos.com\/turismo\/wp-content\/uploads\/2023\/11\/feria-valle-768x576-1-750x430-1.jpg 750w\" sizes=\"(max-width: 398px) 100vw, 398px\" \/><\/a><\/p>\n<p style=\"text-align: justify;\">El encantador municipio de\u00a0<strong>Valle de \u00c1ngeles<\/strong>\u00a0esta de feria cultural, para que puedes disfrutar de grandes actividades y destinos tur\u00edsticos perfecto para pasar una tarde amena.<\/p>\n<p style=\"text-align: justify;\">La feria cuenta con diferentes eventos art\u00edsticos, culturales y familiares que permiten gozar de los m\u00e1gicos rinconcitos.<\/p>\n<p style=\"text-align: justify;\">Ya que, Valle de \u00c1ngeles cuenta con paseos art\u00edsticos, murales muy coloridos que exaltan su belleza, maravillosos espacios naturales y monumentos para incre\u00edbles fotograf\u00edas de recuerdo<\/p>\n<p style=\"text-align: justify;\"><strong>\u00bfQu\u00e9 actividades hay en la feria?<\/strong><\/p>\n<ul style=\"text-align: justify;\">\n<li>Carnaval<\/li>\n<li>Show de luces<\/li>\n<li>Recreov\u00edas familiares<\/li>\n<li>Carnaval de noche<\/li>\n<li>Desfiles H\u00edpicos<\/li>\n<li>Juegos Tradicionales<\/li>\n<li>Tardes culturales<\/li>\n<\/ul>\n<p style=\"text-align: justify;\">Cabe destacar que, durante la feria cultural tambi\u00e9n podr\u00e1s gozar de todo los atractivos de Valle de \u00c1ngeles, ya que ofrece restaurantes, espacios naturales, cascadas, canopy, artesan\u00edas y rinconcitos coloniales.<\/p>\n<div class=\"sharedaddy sd-sharing-enabled\"><div class=\"robots-nocontent sd-block sd-social sd-social-icon sd-sharing\"><h3 class=\"sd-title\">Comparte esto:<\/h3><div class=\"sd-content\"><ul><li class=\"share-facebook\"><a rel=\"nofollow noopener noreferrer\" data-shared=\"sharing-facebook-21959\" class=\"share-facebook sd-button share-icon no-text\" href=\"http:\/\/www.hondurasensusmanos.com\/turismo\/disfruta-de-la-feria-cultural-en-valle-de-angeles\/?share=facebook\" target=\"_blank\" title=\"Haz clic para compartir en Facebook\"><span><\/span><span class=\"sharing-screen-reader-text\">Haz clic para compartir en Facebook (Se abre en una ventana nueva)<\/span><\/a><\/li><li class=\"share-jetpack-whatsapp\"><a rel=\"nofollow noopener noreferrer\" data-shared=\"\" class=\"share-jetpack-whatsapp sd-button share-icon no-text\" href=\"http:\/\/www.hondurasensusmanos.com\/turismo\/disfruta-de-la-feria-cultural-en-valle-de-angeles\/?share=jetpack-whatsapp\" target=\"_blank\" title=\"Haz clic para compartir en WhatsApp\"><span><\/span><span class=\"sharing-screen-reader-text\">Haz clic para compartir en WhatsApp (Se abre en una ventana nueva)<\/span><\/a><\/li><li class=\"share-twitter\"><a rel=\"nofollow noopener noreferrer\" data-shared=\"sharing-twitter-21959\" class=\"share-twitter sd-button share-icon no-text\" href=\"http:\/\/www.hondurasensusmanos.com\/turismo\/disfruta-de-la-feria-cultural-en-valle-de-angeles\/?share=twitter\" target=\"_blank\" title=\"Haz clic para compartir en Twitter\"><span><\/span><span class=\"sharing-screen-reader-text\">Haz clic para compartir en Twitter (Se abre en una ventana nueva)<\/span><\/a><\/li><li class=\"share-tumblr\"><a rel=\"nofollow noopener noreferrer\" data-shared=\"\" class=\"share-tumblr sd-button share-icon no-text\" href=\"http:\/\/www.hondurasensusmanos.com\/turismo\/disfruta-de-la-feria-cultural-en-valle-de-angeles\/?share=tumblr\" target=\"_blank\" title=\"Haz clic para compartir en Tumblr\"><span><\/span><span class=\"sharing-screen-reader-text\">Haz clic para compartir en Tumblr (Se abre en una ventana nueva)<\/span><\/a><\/li><li class=\"share-email\"><a rel=\"nofollow noopener noreferrer\" data-shared=\"\" class=\"share-email sd-button share-icon no-text\" href=\"http:\/\/www.hondurasensusmanos.com\/turismo\/disfruta-de-la-feria-cultural-en-valle-de-angeles\/?share=email\" target=\"_blank\" title=\"Haz clic para enviar por correo electr\u00f3nico a un amigo\"><span><\/span><span class=\"sharing-screen-reader-text\">Haz clic para enviar por correo electr\u00f3nico a un amigo (Se abre en una ventana nueva)<\/span><\/a><\/li><li class=\"share-end\"><\/li><\/ul><\/div><\/div><\/div>","protected":false},"excerpt":{"rendered":"<p>El encantador municipio de\u00a0Valle de \u00c1ngeles\u00a0esta de feria cultural, para que puedes disfrutar de grandes actividades y destinos tur\u00edsticos perfecto para pasar una tarde amena. La feria cuenta con diferentes eventos art\u00edsticos, culturales y familiares que permiten gozar de los m\u00e1gicos rinconcitos. Ya que, Valle de \u00c1ngeles cuenta con paseos art\u00edsticos, murales muy coloridos que &#8230;<\/p>\n<div class=\"sharedaddy sd-sharing-enabled\"><div class=\"robots-nocontent sd-block sd-social sd-social-icon sd-sharing\"><h3 class=\"sd-title\">Comparte esto:<\/h3><div class=\"sd-content\"><ul><li class=\"share-facebook\"><a rel=\"nofollow noopener noreferrer\" data-shared=\"sharing-facebook-21959\" class=\"share-facebook sd-button share-icon no-text\" href=\"http:\/\/www.hondurasensusmanos.com\/turismo\/disfruta-de-la-feria-cultural-en-valle-de-angeles\/?share=facebook\" target=\"_blank\" title=\"Haz clic para compartir en Facebook\"><span><\/span><span class=\"sharing-screen-reader-text\">Haz clic para compartir en Facebook (Se abre en una ventana nueva)<\/span><\/a><\/li><li class=\"share-jetpack-whatsapp\"><a rel=\"nofollow noopener noreferrer\" data-shared=\"\" class=\"share-jetpack-whatsapp sd-button share-icon no-text\" href=\"http:\/\/www.hondurasensusmanos.com\/turismo\/disfruta-de-la-feria-cultural-en-valle-de-angeles\/?share=jetpack-whatsapp\" target=\"_blank\" title=\"Haz clic para compartir en WhatsApp\"><span><\/span><span class=\"sharing-screen-reader-text\">Haz clic para compartir en WhatsApp (Se abre en una ventana nueva)<\/span><\/a><\/li><li class=\"share-twitter\"><a rel=\"nofollow noopener noreferrer\" data-shared=\"sharing-twitter-21959\" class=\"share-twitter sd-button share-icon no-text\" href=\"http:\/\/www.hondurasensusmanos.com\/turismo\/disfruta-de-la-feria-cultural-en-valle-de-angeles\/?share=twitter\" target=\"_blank\" title=\"Haz clic para compartir en Twitter\"><span><\/span><span class=\"sharing-screen-reader-text\">Haz clic para compartir en Twitter (Se abre en una ventana nueva)<\/span><\/a><\/li><li class=\"share-tumblr\"><a rel=\"nofollow noopener noreferrer\" data-shared=\"\" class=\"share-tumblr sd-button share-icon no-text\" href=\"http:\/\/www.hondurasensusmanos.com\/turismo\/disfruta-de-la-feria-cultural-en-valle-de-angeles\/?share=tumblr\" target=\"_blank\" title=\"Haz clic para compartir en Tumblr\"><span><\/span><span class=\"sharing-screen-reader-text\">Haz clic para compartir en Tumblr (Se abre en una ventana nueva)<\/span><\/a><\/li><li class=\"share-email\"><a rel=\"nofollow noopener noreferrer\" data-shared=\"\" class=\"share-email sd-button share-icon no-text\" href=\"http:\/\/www.hondurasensusmanos.com\/turismo\/disfruta-de-la-feria-cultural-en-valle-de-angeles\/?share=email\" target=\"_blank\" title=\"Haz clic para enviar por correo electr\u00f3nico a un amigo\"><span><\/span><span class=\"sharing-screen-reader-text\">Haz clic para enviar por correo electr\u00f3nico a un amigo (Se abre en una ventana nueva)<\/span><\/a><\/li><li class=\"share-end\"><\/li><\/ul><\/div><\/div><\/div>","protected":false},"author":4,"featured_media":21960,"comment_status":"open","ping_status":"open","sticky":false,"template":"","format":"standard","meta":{"spay_email":"","jetpack_publicize_message":"","jetpack_is_tweetstorm":false},"categories":[28,65,60,63],"tags":[],"jetpack_featured_media_url":"http:\/\/www.hondurasensusmanos.com\/turismo\/wp-content\/uploads\/2023\/11\/feria-valle-768x576-1-750x430-1.jpg","jetpack_publicize_connections":[],"jetpack_sharing_enabled":true,"jetpack_shortlink":"https:\/\/wp.me\/p8AciD-5Ib","_links":{"self":[{"href":"http:\/\/www.hondurasensusmanos.com\/turismo\/wp-json\/wp\/v2\/posts\/21959"}],"collection":[{"href":"http:\/\/www.hondurasensusmanos.com\/turismo\/wp-json\/wp\/v2\/posts"}],"about":[{"href":"http:\/\/www.hondurasensusmanos.com\/turismo\/wp-json\/wp\/v2\/types\/post"}],"author":[{"embeddable":true,"href":"http:\/\/www.hondurasensusmanos.com\/turismo\/wp-json\/wp\/v2\/users\/4"}],"replies":[{"embeddable":true,"href":"http:\/\/www.hondurasensusmanos.com\/turismo\/wp-json\/wp\/v2\/comments?post=21959"}],"version-history":[{"count":1,"href":"http:\/\/www.hondurasensusmanos.com\/turismo\/wp-json\/wp\/v2\/posts\/21959\/revisions"}],"predecessor-version":[{"id":21961,"href":"http:\/\/www.hondurasensusmanos.com\/turismo\/wp-json\/wp\/v2\/posts\/21959\/revisions\/21961"}],"wp:featuredmedia":[{"embeddable":true,"href":"http:\/\/www.hondurasensusmanos.com\/turismo\/wp-json\/wp\/v2\/media\/21960"}],"wp:attachment":[{"href":"http:\/\/www.hondurasensusmanos.com\/turismo\/wp-json\/wp\/v2\/media?parent=21959"}],"wp:term":[{"taxonomy":"category","embeddable":true,"href":"http:\/\/www.hondurasensusmanos.com\/turismo\/wp-json\/wp\/v2\/categories?post=21959"},{"taxonomy":"post_tag","embeddable":true,"href":"http:\/\/www.hondurasensusmanos.com\/turismo\/wp-json\/wp\/v2\/tags?post=21959"}],"curies":[{"name":"wp","href":"https:\/\/api.w.org\/{rel}","templated":true}]}}