{"id":21965,"date":"2025-11-27T08:48:11","date_gmt":"2025-11-26T21:18:11","guid":{"rendered":"https:\/\/www.hondurasensusmanos.com\/turismo\/?p=21965"},"modified":"2025-05-31T12:59:13","modified_gmt":"2025-05-31T01:29:13","slug":"las-chimeneas-gigantes-se-llevaran-a-cabo-del-7-al-9-de-diciembre","status":"publish","type":"post","link":"http:\/\/www.hondurasensusmanos.com\/turismo\/las-chimeneas-gigantes-se-llevaran-a-cabo-del-7-al-9-de-diciembre\/","title":{"rendered":"Las Chimeneas Gigantes se llevar\u00e1n a cabo del 7 al 9 de diciembre"},"content":{"rendered":"<p>&nbsp;<\/p>\n<p style=\"text-align: center;\"><a href=\"http:\/\/www.hondurasensusmanos.com\/turismo\/wp-content\/uploads\/2023\/11\/Captura.jpg\"><img loading=\"lazy\" class=\"alignnone size-medium wp-image-21966\" src=\"http:\/\/www.hondurasensusmanos.com\/turismo\/wp-content\/uploads\/2023\/11\/Captura-300x163.jpg\" alt=\"\" width=\"300\" height=\"163\" srcset=\"http:\/\/www.hondurasensusmanos.com\/turismo\/wp-content\/uploads\/2023\/11\/Captura-300x163.jpg 300w, http:\/\/www.hondurasensusmanos.com\/turismo\/wp-content\/uploads\/2023\/11\/Captura.jpg 726w\" sizes=\"(max-width: 300px) 100vw, 300px\" \/><\/a><\/p>\n<p style=\"text-align: justify;\">En un espect\u00e1culo que promete ser monumental, las Chimeneas Gigantes regresan este 2023 para iluminar Trinidad, Santa B\u00e1rbara, del jueves 7 al s\u00e1bado 9 de diciembre. Este evento, que va m\u00e1s all\u00e1 de ser una festividad tradicional, representa el vibrante Patrimonio Cultural de Honduras.<\/p>\n<p style=\"text-align: justify;\">Las Chimeneas Gigantes no solo son esperadas con entusiasmo por su car\u00e1cter festivo, sino tambi\u00e9n porque encapsulan la rica herencia cultural del pa\u00eds. Este a\u00f1o, los organizadores han anunciado las fechas oficiales, marcando el inicio de la primera semana de diciembre como un momento para la celebraci\u00f3n y la conexi\u00f3n con las ra\u00edces hondure\u00f1as.<\/p>\n<p style=\"text-align: justify;\">La participaci\u00f3n de numerosos artistas nacionales promete a\u00f1adir una dimensi\u00f3n art\u00edstica \u00fanica al evento, consolidando las Chimeneas Gigantes como un escaparate para la diversidad creativa del pa\u00eds. Un detalle destacado de este a\u00f1o es la dedicaci\u00f3n especial a Annarella V\u00e9lez, ministra de cultura, artes y patrimonios en Honduras, en reconocimiento a su contribuci\u00f3n significativa al enriquecimiento cultural del pa\u00eds.<\/p>\n<p style=\"text-align: justify;\">Prep\u00e1rense para sumergirse en una experiencia que celebra la tradici\u00f3n, la cultura y la creatividad, ya que las Chimeneas Gigantes 2023 prometen ser m\u00e1s impresionantes que nunca.<\/p>\n<p>Fuente: diarioroatan.com<\/p>\n<div class=\"sharedaddy sd-sharing-enabled\"><div class=\"robots-nocontent sd-block sd-social sd-social-icon sd-sharing\"><h3 class=\"sd-title\">Comparte esto:<\/h3><div class=\"sd-content\"><ul><li class=\"share-facebook\"><a rel=\"nofollow noopener noreferrer\" data-shared=\"sharing-facebook-21965\" class=\"share-facebook sd-button share-icon no-text\" href=\"http:\/\/www.hondurasensusmanos.com\/turismo\/las-chimeneas-gigantes-se-llevaran-a-cabo-del-7-al-9-de-diciembre\/?share=facebook\" target=\"_blank\" title=\"Haz clic para compartir en Facebook\"><span><\/span><span class=\"sharing-screen-reader-text\">Haz clic para compartir en Facebook (Se abre en una ventana nueva)<\/span><\/a><\/li><li class=\"share-jetpack-whatsapp\"><a rel=\"nofollow noopener noreferrer\" data-shared=\"\" class=\"share-jetpack-whatsapp sd-button share-icon no-text\" href=\"http:\/\/www.hondurasensusmanos.com\/turismo\/las-chimeneas-gigantes-se-llevaran-a-cabo-del-7-al-9-de-diciembre\/?share=jetpack-whatsapp\" target=\"_blank\" title=\"Haz clic para compartir en WhatsApp\"><span><\/span><span class=\"sharing-screen-reader-text\">Haz clic para compartir en WhatsApp (Se abre en una ventana nueva)<\/span><\/a><\/li><li class=\"share-twitter\"><a rel=\"nofollow noopener noreferrer\" data-shared=\"sharing-twitter-21965\" class=\"share-twitter sd-button share-icon no-text\" href=\"http:\/\/www.hondurasensusmanos.com\/turismo\/las-chimeneas-gigantes-se-llevaran-a-cabo-del-7-al-9-de-diciembre\/?share=twitter\" target=\"_blank\" title=\"Haz clic para compartir en Twitter\"><span><\/span><span class=\"sharing-screen-reader-text\">Haz clic para compartir en Twitter (Se abre en una ventana nueva)<\/span><\/a><\/li><li class=\"share-tumblr\"><a rel=\"nofollow noopener noreferrer\" data-shared=\"\" class=\"share-tumblr sd-button share-icon no-text\" href=\"http:\/\/www.hondurasensusmanos.com\/turismo\/las-chimeneas-gigantes-se-llevaran-a-cabo-del-7-al-9-de-diciembre\/?share=tumblr\" target=\"_blank\" title=\"Haz clic para compartir en Tumblr\"><span><\/span><span class=\"sharing-screen-reader-text\">Haz clic para compartir en Tumblr (Se abre en una ventana nueva)<\/span><\/a><\/li><li class=\"share-email\"><a rel=\"nofollow noopener noreferrer\" data-shared=\"\" class=\"share-email sd-button share-icon no-text\" href=\"http:\/\/www.hondurasensusmanos.com\/turismo\/las-chimeneas-gigantes-se-llevaran-a-cabo-del-7-al-9-de-diciembre\/?share=email\" target=\"_blank\" title=\"Haz clic para enviar por correo electr\u00f3nico a un amigo\"><span><\/span><span class=\"sharing-screen-reader-text\">Haz clic para enviar por correo electr\u00f3nico a un amigo (Se abre en una ventana nueva)<\/span><\/a><\/li><li class=\"share-end\"><\/li><\/ul><\/div><\/div><\/div>","protected":false},"excerpt":{"rendered":"<p>&nbsp; En un espect\u00e1culo que promete ser monumental, las Chimeneas Gigantes regresan este 2023 para iluminar Trinidad, Santa B\u00e1rbara, del jueves 7 al s\u00e1bado 9 de diciembre. Este evento, que va m\u00e1s all\u00e1 de ser una festividad tradicional, representa el vibrante Patrimonio Cultural de Honduras. Las Chimeneas Gigantes no solo son esperadas con entusiasmo por &#8230;<\/p>\n<div class=\"sharedaddy sd-sharing-enabled\"><div class=\"robots-nocontent sd-block sd-social sd-social-icon sd-sharing\"><h3 class=\"sd-title\">Comparte esto:<\/h3><div class=\"sd-content\"><ul><li class=\"share-facebook\"><a rel=\"nofollow noopener noreferrer\" data-shared=\"sharing-facebook-21965\" class=\"share-facebook sd-button share-icon no-text\" href=\"http:\/\/www.hondurasensusmanos.com\/turismo\/las-chimeneas-gigantes-se-llevaran-a-cabo-del-7-al-9-de-diciembre\/?share=facebook\" target=\"_blank\" title=\"Haz clic para compartir en Facebook\"><span><\/span><span class=\"sharing-screen-reader-text\">Haz clic para compartir en Facebook (Se abre en una ventana nueva)<\/span><\/a><\/li><li class=\"share-jetpack-whatsapp\"><a rel=\"nofollow noopener noreferrer\" data-shared=\"\" class=\"share-jetpack-whatsapp sd-button share-icon no-text\" href=\"http:\/\/www.hondurasensusmanos.com\/turismo\/las-chimeneas-gigantes-se-llevaran-a-cabo-del-7-al-9-de-diciembre\/?share=jetpack-whatsapp\" target=\"_blank\" title=\"Haz clic para compartir en WhatsApp\"><span><\/span><span class=\"sharing-screen-reader-text\">Haz clic para compartir en WhatsApp (Se abre en una ventana nueva)<\/span><\/a><\/li><li class=\"share-twitter\"><a rel=\"nofollow noopener noreferrer\" data-shared=\"sharing-twitter-21965\" class=\"share-twitter sd-button share-icon no-text\" href=\"http:\/\/www.hondurasensusmanos.com\/turismo\/las-chimeneas-gigantes-se-llevaran-a-cabo-del-7-al-9-de-diciembre\/?share=twitter\" target=\"_blank\" title=\"Haz clic para compartir en Twitter\"><span><\/span><span class=\"sharing-screen-reader-text\">Haz clic para compartir en Twitter (Se abre en una ventana nueva)<\/span><\/a><\/li><li class=\"share-tumblr\"><a rel=\"nofollow noopener noreferrer\" data-shared=\"\" class=\"share-tumblr sd-button share-icon no-text\" href=\"http:\/\/www.hondurasensusmanos.com\/turismo\/las-chimeneas-gigantes-se-llevaran-a-cabo-del-7-al-9-de-diciembre\/?share=tumblr\" target=\"_blank\" title=\"Haz clic para compartir en Tumblr\"><span><\/span><span class=\"sharing-screen-reader-text\">Haz clic para compartir en Tumblr (Se abre en una ventana nueva)<\/span><\/a><\/li><li class=\"share-email\"><a rel=\"nofollow noopener noreferrer\" data-shared=\"\" class=\"share-email sd-button share-icon no-text\" href=\"http:\/\/www.hondurasensusmanos.com\/turismo\/las-chimeneas-gigantes-se-llevaran-a-cabo-del-7-al-9-de-diciembre\/?share=email\" target=\"_blank\" title=\"Haz clic para enviar por correo electr\u00f3nico a un amigo\"><span><\/span><span class=\"sharing-screen-reader-text\">Haz clic para enviar por correo electr\u00f3nico a un amigo (Se abre en una ventana nueva)<\/span><\/a><\/li><li class=\"share-end\"><\/li><\/ul><\/div><\/div><\/div>","protected":false},"author":4,"featured_media":21966,"comment_status":"open","ping_status":"open","sticky":false,"template":"","format":"standard","meta":{"spay_email":"","jetpack_publicize_message":"","jetpack_is_tweetstorm":false},"categories":[28,60,63],"tags":[],"jetpack_featured_media_url":"http:\/\/www.hondurasensusmanos.com\/turismo\/wp-content\/uploads\/2023\/11\/Captura.jpg","jetpack_publicize_connections":[],"jetpack_sharing_enabled":true,"jetpack_shortlink":"https:\/\/wp.me\/p8AciD-5Ih","_links":{"self":[{"href":"http:\/\/www.hondurasensusmanos.com\/turismo\/wp-json\/wp\/v2\/posts\/21965"}],"collection":[{"href":"http:\/\/www.hondurasensusmanos.com\/turismo\/wp-json\/wp\/v2\/posts"}],"about":[{"href":"http:\/\/www.hondurasensusmanos.com\/turismo\/wp-json\/wp\/v2\/types\/post"}],"author":[{"embeddable":true,"href":"http:\/\/www.hondurasensusmanos.com\/turismo\/wp-json\/wp\/v2\/users\/4"}],"replies":[{"embeddable":true,"href":"http:\/\/www.hondurasensusmanos.com\/turismo\/wp-json\/wp\/v2\/comments?post=21965"}],"version-history":[{"count":1,"href":"http:\/\/www.hondurasensusmanos.com\/turismo\/wp-json\/wp\/v2\/posts\/21965\/revisions"}],"predecessor-version":[{"id":21967,"href":"http:\/\/www.hondurasensusmanos.com\/turismo\/wp-json\/wp\/v2\/posts\/21965\/revisions\/21967"}],"wp:featuredmedia":[{"embeddable":true,"href":"http:\/\/www.hondurasensusmanos.com\/turismo\/wp-json\/wp\/v2\/media\/21966"}],"wp:attachment":[{"href":"http:\/\/www.hondurasensusmanos.com\/turismo\/wp-json\/wp\/v2\/media?parent=21965"}],"wp:term":[{"taxonomy":"category","embeddable":true,"href":"http:\/\/www.hondurasensusmanos.com\/turismo\/wp-json\/wp\/v2\/categories?post=21965"},{"taxonomy":"post_tag","embeddable":true,"href":"http:\/\/www.hondurasensusmanos.com\/turismo\/wp-json\/wp\/v2\/tags?post=21965"}],"curies":[{"name":"wp","href":"https:\/\/api.w.org\/{rel}","templated":true}]}}