{"id":21972,"date":"2025-12-03T09:16:33","date_gmt":"2025-12-02T21:46:33","guid":{"rendered":"https:\/\/www.hondurasensusmanos.com\/turismo\/?p=21972"},"modified":"2025-05-31T13:02:20","modified_gmt":"2025-05-31T01:32:20","slug":"con-desfiles-de-carrozas-caballos-y-villa-navidena-comenzo-feria-surena","status":"publish","type":"post","link":"http:\/\/www.hondurasensusmanos.com\/turismo\/con-desfiles-de-carrozas-caballos-y-villa-navidena-comenzo-feria-surena\/","title":{"rendered":"Con desfiles de carrozas, caballos y Villa Navide\u00f1a, comenz\u00f3 feria sure\u00f1a"},"content":{"rendered":"<p style=\"text-align: center;\"><a href=\"http:\/\/www.hondurasensusmanos.com\/turismo\/wp-content\/uploads\/2023\/12\/len-quintin-soriano-actos-3122023-1.jpg\"><img loading=\"lazy\" class=\"alignnone size-medium wp-image-21973\" src=\"http:\/\/www.hondurasensusmanos.com\/turismo\/wp-content\/uploads\/2023\/12\/len-quintin-soriano-actos-3122023-1-300x154.jpg\" alt=\"\" width=\"300\" height=\"154\" srcset=\"http:\/\/www.hondurasensusmanos.com\/turismo\/wp-content\/uploads\/2023\/12\/len-quintin-soriano-actos-3122023-1-300x154.jpg 300w, http:\/\/www.hondurasensusmanos.com\/turismo\/wp-content\/uploads\/2023\/12\/len-quintin-soriano-actos-3122023-1-768x393.jpg 768w, http:\/\/www.hondurasensusmanos.com\/turismo\/wp-content\/uploads\/2023\/12\/len-quintin-soriano-actos-3122023-1.jpg 996w\" sizes=\"(max-width: 300px) 100vw, 300px\" \/><\/a><\/p>\n<p>&nbsp;<\/p>\n<p class=\"mb-6\" style=\"text-align: justify;\">Con desfile h\u00edpico, de carrozas y apertura de la Villa Navide\u00f1a en la plaza de La Solidaridad, dio inicio a la festividad de la feria en honor a la virgen Inmaculada Concepci\u00f3n, patrona del municipio de Choluteca.<\/p>\n<p class=\"mb-6\" style=\"text-align: justify;\">Caballistas de Valle, Choluteca, como de otros lugares de Honduras, llegaron a alegrar a los sure\u00f1os con sus elegantes caballos que al paso de m\u00fasica ranchera, alzaban sus patas delanteras para avanzar acorde al son de los instrumentos musicales.<\/p>\n<p class=\"mb-6\" style=\"text-align: justify;\">Las calles de la ciudad de Choluteca estuvieron abarrotadas de personas de edades diversas, para ver las diversas razas de caballos, hasta los Pony, que fueron cabalgados por infantes, quienes fueron los m\u00e1s admirados por el p\u00fablico presente.<\/p>\n<figure id=\"attachment_13129233\" class=\"my-8\" style=\"text-align: justify;\" aria-describedby=\"caption-attachment-13129233\"><img loading=\"lazy\" class=\"w-full\" src=\"https:\/\/d1mrtjpezxphht.cloudfront.net\/wp-content\/uploads\/2023\/12\/len-quintin-soriano-actos-3122023-2.jpg\" sizes=\"(max-width: 800px) 100vw, 800px\" srcset=\"https:\/\/d1mrtjpezxphht.cloudfront.net\/wp-content\/uploads\/2023\/12\/len-quintin-soriano-actos-3122023-2.jpg 800w, https:\/\/d1mrtjpezxphht.cloudfront.net\/wp-content\/uploads\/2023\/12\/len-quintin-soriano-actos-3122023-2-768x394.jpg 768w, https:\/\/d1mrtjpezxphht.cloudfront.net\/wp-content\/uploads\/2023\/12\/len-quintin-soriano-actos-3122023-2-750x384.jpg 750w\" alt=\"\" width=\"800\" height=\"410\" \/><figcaption id=\"caption-attachment-13129233\" class=\"text-sm text-gray-600 my-2\">Caballistas de varias partes de Honduras participaron al inicio de la feria sure\u00f1a.<\/figcaption><\/figure>\n<p class=\"mb-6\" style=\"text-align: justify;\">El alcalde, Quint\u00edn Soriano, felicit\u00f3 a los caballistas por la participaci\u00f3n como a las empresas por las carrozas adornadas con luces navide\u00f1as y mensajes por la \u00e9poca decembrina donde debe haber amor y paz.<\/p>\n<p class=\"mb-6\" style=\"text-align: justify;\">Soriano dio a conocer que las fechas 7,8,9 y 15 de diciembre habr\u00e1 varias actividades por la celebraci\u00f3n a la virgen Inmaculada Concepci\u00f3n, patrona del municipio de Choluteca y, que habr\u00e1 sorpresas.<\/p>\n<p class=\"mb-6\" style=\"text-align: justify;\">\u201cEl 7 de diciembre habr\u00e1 varios altares religiosos en el parque Valle para que la ciudadan\u00eda coloque juguetes, productos de la canasta b\u00e1sica y otros, para luego ser entregados a los m\u00e1s necesitados, adem\u00e1s que despu\u00e9s de la misa se sacar\u00e1n de la iglesia a la calle, las im\u00e1genes del Ni\u00f1o Dios, de la Inmaculada Concepci\u00f3n, virgen de Suyapa y de Jos\u00e9, para comenzar con la griter\u00eda\u201d, asever\u00f3.<\/p>\n<p class=\"mb-6\" style=\"text-align: justify;\">Mientras que el 8 de diciembre ser\u00e1 los actos lit\u00fargicos de la virgen de Inmaculada Concepci\u00f3n, mientras que al d\u00eda siguiente ser\u00e1 la boda campesina, que es tradici\u00f3n en la ciudad de Choluteca y, para la fecha 15, habr\u00e1 noche de colores en el puente de hierro, donde la poblaci\u00f3n podr\u00e1 disfrutar la lluvia de colores, afirm\u00f3 Soriano.<\/p>\n<figure id=\"attachment_13129234\" class=\"my-8\" style=\"text-align: justify;\" aria-describedby=\"caption-attachment-13129234\"><img loading=\"lazy\" class=\"w-full\" src=\"https:\/\/d1mrtjpezxphht.cloudfront.net\/wp-content\/uploads\/2023\/12\/len-quintin-soriano-actos-3122023-3-2.jpg\" sizes=\"(max-width: 800px) 100vw, 800px\" srcset=\"https:\/\/d1mrtjpezxphht.cloudfront.net\/wp-content\/uploads\/2023\/12\/len-quintin-soriano-actos-3122023-3-2.jpg 800w, https:\/\/d1mrtjpezxphht.cloudfront.net\/wp-content\/uploads\/2023\/12\/len-quintin-soriano-actos-3122023-3-2-768x394.jpg 768w, https:\/\/d1mrtjpezxphht.cloudfront.net\/wp-content\/uploads\/2023\/12\/len-quintin-soriano-actos-3122023-3-2-750x384.jpg 750w\" alt=\"\" width=\"800\" height=\"410\" \/><figcaption id=\"caption-attachment-13129234\" class=\"text-sm text-gray-600 my-2\">Desfile de carrozas fue en horas nocturnas, que la poblaci\u00f3n esper\u00f3 impacientemente.<\/figcaption><\/figure>\n<figure id=\"attachment_13129236\" class=\"my-8\" style=\"text-align: justify;\" aria-describedby=\"caption-attachment-13129236\"><img loading=\"lazy\" class=\"w-full\" src=\"https:\/\/d1mrtjpezxphht.cloudfront.net\/wp-content\/uploads\/2023\/12\/len-quintin-soriano-actos-3122023-4.jpg\" sizes=\"(max-width: 800px) 100vw, 800px\" srcset=\"https:\/\/d1mrtjpezxphht.cloudfront.net\/wp-content\/uploads\/2023\/12\/len-quintin-soriano-actos-3122023-4.jpg 800w, https:\/\/d1mrtjpezxphht.cloudfront.net\/wp-content\/uploads\/2023\/12\/len-quintin-soriano-actos-3122023-4-768x394.jpg 768w, https:\/\/d1mrtjpezxphht.cloudfront.net\/wp-content\/uploads\/2023\/12\/len-quintin-soriano-actos-3122023-4-750x384.jpg 750w\" alt=\"\" width=\"800\" height=\"410\" \/><figcaption id=\"caption-attachment-13129236\" class=\"text-sm text-gray-600 my-2\">La Villa Navide\u00f1a se instal\u00f3 en la plaza de La Solidaridad, donde padres de familia juntos a sus hijos, disfrutaban el ambiente.Fuente: latribuna.hn<\/p>\n<\/figcaption><\/figure>\n<div class=\"sharedaddy sd-sharing-enabled\"><div class=\"robots-nocontent sd-block sd-social sd-social-icon sd-sharing\"><h3 class=\"sd-title\">Comparte esto:<\/h3><div class=\"sd-content\"><ul><li class=\"share-facebook\"><a rel=\"nofollow noopener noreferrer\" data-shared=\"sharing-facebook-21972\" class=\"share-facebook sd-button share-icon no-text\" href=\"http:\/\/www.hondurasensusmanos.com\/turismo\/con-desfiles-de-carrozas-caballos-y-villa-navidena-comenzo-feria-surena\/?share=facebook\" target=\"_blank\" title=\"Haz clic para compartir en Facebook\"><span><\/span><span class=\"sharing-screen-reader-text\">Haz clic para compartir en Facebook (Se abre en una ventana nueva)<\/span><\/a><\/li><li class=\"share-jetpack-whatsapp\"><a rel=\"nofollow noopener noreferrer\" data-shared=\"\" class=\"share-jetpack-whatsapp sd-button share-icon no-text\" href=\"http:\/\/www.hondurasensusmanos.com\/turismo\/con-desfiles-de-carrozas-caballos-y-villa-navidena-comenzo-feria-surena\/?share=jetpack-whatsapp\" target=\"_blank\" title=\"Haz clic para compartir en WhatsApp\"><span><\/span><span class=\"sharing-screen-reader-text\">Haz clic para compartir en WhatsApp (Se abre en una ventana nueva)<\/span><\/a><\/li><li class=\"share-twitter\"><a rel=\"nofollow noopener noreferrer\" data-shared=\"sharing-twitter-21972\" class=\"share-twitter sd-button share-icon no-text\" href=\"http:\/\/www.hondurasensusmanos.com\/turismo\/con-desfiles-de-carrozas-caballos-y-villa-navidena-comenzo-feria-surena\/?share=twitter\" target=\"_blank\" title=\"Haz clic para compartir en Twitter\"><span><\/span><span class=\"sharing-screen-reader-text\">Haz clic para compartir en Twitter (Se abre en una ventana nueva)<\/span><\/a><\/li><li class=\"share-tumblr\"><a rel=\"nofollow noopener noreferrer\" data-shared=\"\" class=\"share-tumblr sd-button share-icon no-text\" href=\"http:\/\/www.hondurasensusmanos.com\/turismo\/con-desfiles-de-carrozas-caballos-y-villa-navidena-comenzo-feria-surena\/?share=tumblr\" target=\"_blank\" title=\"Haz clic para compartir en Tumblr\"><span><\/span><span class=\"sharing-screen-reader-text\">Haz clic para compartir en Tumblr (Se abre en una ventana nueva)<\/span><\/a><\/li><li class=\"share-email\"><a rel=\"nofollow noopener noreferrer\" data-shared=\"\" class=\"share-email sd-button share-icon no-text\" href=\"http:\/\/www.hondurasensusmanos.com\/turismo\/con-desfiles-de-carrozas-caballos-y-villa-navidena-comenzo-feria-surena\/?share=email\" target=\"_blank\" title=\"Haz clic para enviar por correo electr\u00f3nico a un amigo\"><span><\/span><span class=\"sharing-screen-reader-text\">Haz clic para enviar por correo electr\u00f3nico a un amigo (Se abre en una ventana nueva)<\/span><\/a><\/li><li class=\"share-end\"><\/li><\/ul><\/div><\/div><\/div>","protected":false},"excerpt":{"rendered":"<p>&nbsp; Con desfile h\u00edpico, de carrozas y apertura de la Villa Navide\u00f1a en la plaza de La Solidaridad, dio inicio a la festividad de la feria en honor a la virgen Inmaculada Concepci\u00f3n, patrona del municipio de Choluteca. Caballistas de Valle, Choluteca, como de otros lugares de Honduras, llegaron a alegrar a los sure\u00f1os con &#8230;<\/p>\n<div class=\"sharedaddy sd-sharing-enabled\"><div class=\"robots-nocontent sd-block sd-social sd-social-icon sd-sharing\"><h3 class=\"sd-title\">Comparte esto:<\/h3><div class=\"sd-content\"><ul><li class=\"share-facebook\"><a rel=\"nofollow noopener noreferrer\" data-shared=\"sharing-facebook-21972\" class=\"share-facebook sd-button share-icon no-text\" href=\"http:\/\/www.hondurasensusmanos.com\/turismo\/con-desfiles-de-carrozas-caballos-y-villa-navidena-comenzo-feria-surena\/?share=facebook\" target=\"_blank\" title=\"Haz clic para compartir en Facebook\"><span><\/span><span class=\"sharing-screen-reader-text\">Haz clic para compartir en Facebook (Se abre en una ventana nueva)<\/span><\/a><\/li><li class=\"share-jetpack-whatsapp\"><a rel=\"nofollow noopener noreferrer\" data-shared=\"\" class=\"share-jetpack-whatsapp sd-button share-icon no-text\" href=\"http:\/\/www.hondurasensusmanos.com\/turismo\/con-desfiles-de-carrozas-caballos-y-villa-navidena-comenzo-feria-surena\/?share=jetpack-whatsapp\" target=\"_blank\" title=\"Haz clic para compartir en WhatsApp\"><span><\/span><span class=\"sharing-screen-reader-text\">Haz clic para compartir en WhatsApp (Se abre en una ventana nueva)<\/span><\/a><\/li><li class=\"share-twitter\"><a rel=\"nofollow noopener noreferrer\" data-shared=\"sharing-twitter-21972\" class=\"share-twitter sd-button share-icon no-text\" href=\"http:\/\/www.hondurasensusmanos.com\/turismo\/con-desfiles-de-carrozas-caballos-y-villa-navidena-comenzo-feria-surena\/?share=twitter\" target=\"_blank\" title=\"Haz clic para compartir en Twitter\"><span><\/span><span class=\"sharing-screen-reader-text\">Haz clic para compartir en Twitter (Se abre en una ventana nueva)<\/span><\/a><\/li><li class=\"share-tumblr\"><a rel=\"nofollow noopener noreferrer\" data-shared=\"\" class=\"share-tumblr sd-button share-icon no-text\" href=\"http:\/\/www.hondurasensusmanos.com\/turismo\/con-desfiles-de-carrozas-caballos-y-villa-navidena-comenzo-feria-surena\/?share=tumblr\" target=\"_blank\" title=\"Haz clic para compartir en Tumblr\"><span><\/span><span class=\"sharing-screen-reader-text\">Haz clic para compartir en Tumblr (Se abre en una ventana nueva)<\/span><\/a><\/li><li class=\"share-email\"><a rel=\"nofollow noopener noreferrer\" data-shared=\"\" class=\"share-email sd-button share-icon no-text\" href=\"http:\/\/www.hondurasensusmanos.com\/turismo\/con-desfiles-de-carrozas-caballos-y-villa-navidena-comenzo-feria-surena\/?share=email\" target=\"_blank\" title=\"Haz clic para enviar por correo electr\u00f3nico a un amigo\"><span><\/span><span class=\"sharing-screen-reader-text\">Haz clic para enviar por correo electr\u00f3nico a un amigo (Se abre en una ventana nueva)<\/span><\/a><\/li><li class=\"share-end\"><\/li><\/ul><\/div><\/div><\/div>","protected":false},"author":4,"featured_media":21973,"comment_status":"open","ping_status":"open","sticky":false,"template":"","format":"standard","meta":{"spay_email":"","jetpack_publicize_message":"","jetpack_is_tweetstorm":false},"categories":[28,65,60,63],"tags":[],"jetpack_featured_media_url":"http:\/\/www.hondurasensusmanos.com\/turismo\/wp-content\/uploads\/2023\/12\/len-quintin-soriano-actos-3122023-1.jpg","jetpack_publicize_connections":[],"jetpack_sharing_enabled":true,"jetpack_shortlink":"https:\/\/wp.me\/p8AciD-5Io","_links":{"self":[{"href":"http:\/\/www.hondurasensusmanos.com\/turismo\/wp-json\/wp\/v2\/posts\/21972"}],"collection":[{"href":"http:\/\/www.hondurasensusmanos.com\/turismo\/wp-json\/wp\/v2\/posts"}],"about":[{"href":"http:\/\/www.hondurasensusmanos.com\/turismo\/wp-json\/wp\/v2\/types\/post"}],"author":[{"embeddable":true,"href":"http:\/\/www.hondurasensusmanos.com\/turismo\/wp-json\/wp\/v2\/users\/4"}],"replies":[{"embeddable":true,"href":"http:\/\/www.hondurasensusmanos.com\/turismo\/wp-json\/wp\/v2\/comments?post=21972"}],"version-history":[{"count":2,"href":"http:\/\/www.hondurasensusmanos.com\/turismo\/wp-json\/wp\/v2\/posts\/21972\/revisions"}],"predecessor-version":[{"id":23776,"href":"http:\/\/www.hondurasensusmanos.com\/turismo\/wp-json\/wp\/v2\/posts\/21972\/revisions\/23776"}],"wp:featuredmedia":[{"embeddable":true,"href":"http:\/\/www.hondurasensusmanos.com\/turismo\/wp-json\/wp\/v2\/media\/21973"}],"wp:attachment":[{"href":"http:\/\/www.hondurasensusmanos.com\/turismo\/wp-json\/wp\/v2\/media?parent=21972"}],"wp:term":[{"taxonomy":"category","embeddable":true,"href":"http:\/\/www.hondurasensusmanos.com\/turismo\/wp-json\/wp\/v2\/categories?post=21972"},{"taxonomy":"post_tag","embeddable":true,"href":"http:\/\/www.hondurasensusmanos.com\/turismo\/wp-json\/wp\/v2\/tags?post=21972"}],"curies":[{"name":"wp","href":"https:\/\/api.w.org\/{rel}","templated":true}]}}