{"id":21981,"date":"2025-12-03T11:32:36","date_gmt":"2025-12-03T00:02:36","guid":{"rendered":"https:\/\/www.hondurasensusmanos.com\/turismo\/?p=21981"},"modified":"2025-05-31T13:02:37","modified_gmt":"2025-05-31T01:32:37","slug":"siguatepeque-da-la-bienvenida-a-la-navidad","status":"publish","type":"post","link":"http:\/\/www.hondurasensusmanos.com\/turismo\/siguatepeque-da-la-bienvenida-a-la-navidad\/","title":{"rendered":"Siguatepeque da la bienvenida a la Navidad"},"content":{"rendered":"<p style=\"text-align: center;\"><a href=\"http:\/\/www.hondurasensusmanos.com\/turismo\/wp-content\/uploads\/2023\/12\/SIGUATEPEQUE-1.jpg\"><img loading=\"lazy\" class=\"alignnone wp-image-21982\" src=\"http:\/\/www.hondurasensusmanos.com\/turismo\/wp-content\/uploads\/2023\/12\/SIGUATEPEQUE-1-300x153.jpg\" alt=\"\" width=\"578\" height=\"295\" srcset=\"http:\/\/www.hondurasensusmanos.com\/turismo\/wp-content\/uploads\/2023\/12\/SIGUATEPEQUE-1-300x153.jpg 300w, http:\/\/www.hondurasensusmanos.com\/turismo\/wp-content\/uploads\/2023\/12\/SIGUATEPEQUE-1-768x392.jpg 768w, http:\/\/www.hondurasensusmanos.com\/turismo\/wp-content\/uploads\/2023\/12\/SIGUATEPEQUE-1.jpg 996w\" sizes=\"(max-width: 578px) 100vw, 578px\" \/><\/a><\/p>\n<div class=\"news-content md:text-[18px] lg:text-[19px] lg:leading-[21.85px]\">\n<p class=\"mb-6\" style=\"text-align: justify;\">En un ambiente de alegr\u00eda, color y luces pirot\u00e9cnicas fueron inauguradas las fiestas navide\u00f1as en el \u201caltiplano central de Honduras\u201d, donde centenares de personas se congregaron a disfrutar de la especial velada en la plaza c\u00edvica \u201cLa Amistad- San Pablo\u201d.<\/p>\n<p class=\"mb-6\" style=\"text-align: justify;\">Durante la actividad el alcalde de Siguatepeque, Asley Cruz enfatiz\u00f3 en \u201ccelebrar estas festividades en familia, porque es nuestra familia la que nos acompa\u00f1a en los diferentes procesos de la vida, hoy compartimos con ustedes, espero disfruten el ambiente de esta noche\u201d.<\/p>\n<p class=\"mb-6\" style=\"text-align: justify;\">Previo al encendido del tradicional \u00e1rbol las personas encendieron luces de v\u00e9ngala para crear un ambiente navide\u00f1o y fue cuando al comp\u00e1s de luces pirot\u00e9cnicas se logr\u00f3 el objetivo, representaci\u00f3n navide\u00f1a que luce adornado con luces led y adornos caracter\u00edsticos de la ocasi\u00f3n.<\/p>\n<figure id=\"attachment_13129172\" class=\"my-8\" style=\"text-align: justify;\" aria-describedby=\"caption-attachment-13129172\"><img loading=\"lazy\" class=\"w-full\" src=\"https:\/\/d1mrtjpezxphht.cloudfront.net\/wp-content\/uploads\/2023\/12\/SIGUATEPEQUE-2.jpg\" sizes=\"(max-width: 800px) 100vw, 800px\" srcset=\"https:\/\/d1mrtjpezxphht.cloudfront.net\/wp-content\/uploads\/2023\/12\/SIGUATEPEQUE-2.jpg 800w, https:\/\/d1mrtjpezxphht.cloudfront.net\/wp-content\/uploads\/2023\/12\/SIGUATEPEQUE-2-768x393.jpg 768w, https:\/\/d1mrtjpezxphht.cloudfront.net\/wp-content\/uploads\/2023\/12\/SIGUATEPEQUE-2-750x383.jpg 750w\" alt=\"\" width=\"800\" height=\"409\" \/><figcaption id=\"caption-attachment-13129172\" class=\"text-sm text-gray-600 my-2\">Las autoridades municipales entre ellas la regidora municipal, Ana Menc\u00eda, autoridades policiales, militares, educativas presidieron el encendido del \u00e1rbol navide\u00f1o.<\/figcaption><\/figure>\n<p class=\"mb-6\" style=\"text-align: justify;\">Asimismo, se desarroll\u00f3 una pasarela con jovencitas que modelaron trajes especiales de temporada.<\/p>\n<p class=\"mb-6\" style=\"text-align: justify;\">El edil detall\u00f3 que se contempla desarrollar una jornada bastante cargada para la \u00e9poca \u201cempezamos con el encendido de este \u00e1rbol, luego el domingo 3 de diciembre se iluminar\u00e1 la plaza \u201cSan Pedro Ap\u00f3stol\u201d a partir de las 06:00 de la tarde en el barrio El Parnaso, el s\u00e1bado 9 de diciembre se iluminar\u00e1 la villa navide\u00f1a en la \u201cCasa de la Cultura\u201d, a partir de las 06:00 de la tarde, esto en el barrio El Carmen\u201d.<\/p>\n<p class=\"mb-6\" style=\"text-align: justify;\">Cruz especific\u00f3 que \u201cel pr\u00f3ximo viernes 15 de diciembre se realizar\u00e1 el desfile navide\u00f1o con instituciones educativas, este evento tradicional se desarrollar\u00e1 en el bulevar Francisco Moraz\u00e1n, a partir de las 5 de la tarde, y desde el viernes 15 al 30 de diciembre se realizar\u00e1 el bazar navide\u00f1o de emprendedores en el parque central de Siguatepeque\u201d.<\/p>\n<figure id=\"attachment_13129171\" class=\"my-8\" style=\"text-align: justify;\" aria-describedby=\"caption-attachment-13129171\"><img loading=\"lazy\" class=\"w-full\" src=\"https:\/\/d1mrtjpezxphht.cloudfront.net\/wp-content\/uploads\/2023\/12\/SIGUATEPEQUE-3.jpg\" sizes=\"(max-width: 800px) 100vw, 800px\" srcset=\"https:\/\/d1mrtjpezxphht.cloudfront.net\/wp-content\/uploads\/2023\/12\/SIGUATEPEQUE-3.jpg 800w, https:\/\/d1mrtjpezxphht.cloudfront.net\/wp-content\/uploads\/2023\/12\/SIGUATEPEQUE-3-768x393.jpg 768w, https:\/\/d1mrtjpezxphht.cloudfront.net\/wp-content\/uploads\/2023\/12\/SIGUATEPEQUE-3-750x383.jpg 750w\" alt=\"\" width=\"800\" height=\"409\" \/><figcaption id=\"caption-attachment-13129171\" class=\"text-sm text-gray-600 my-2\">Al encender el \u00e1rbol se realiz\u00f3 una pasarela con j\u00f3venes que modelaron hermosos trajes.<\/figcaption><\/figure>\n<p class=\"mb-6\" style=\"text-align: justify;\">Agreg\u00f3 que \u201cel s\u00e1bado 16 se realizar\u00e1 la tamaleada y juguet\u00f3n navide\u00f1o en la plaza c\u00edvica \u201cLa Amistad- San Pablo\u201d.<\/p>\n<p class=\"mb-6\" style=\"text-align: justify;\">Esta magna actividad estuvo resguardada por un amplio contingente de elementos policiales de la Unidad Metropolitana de Prevenci\u00f3n #16UMEP -16 al mando de la comisaria, Nazareth Posadas.\u00a0<em class=\"inline-block mb-2\"><strong>(REM)<\/strong><\/em><\/p>\n<figure id=\"attachment_13129170\" class=\"my-8\" style=\"text-align: justify;\" aria-describedby=\"caption-attachment-13129170\"><img loading=\"lazy\" class=\"w-full\" src=\"https:\/\/d1mrtjpezxphht.cloudfront.net\/wp-content\/uploads\/2023\/12\/SIGUATEPEQUE-4.jpg\" sizes=\"(max-width: 800px) 100vw, 800px\" srcset=\"https:\/\/d1mrtjpezxphht.cloudfront.net\/wp-content\/uploads\/2023\/12\/SIGUATEPEQUE-4.jpg 800w, https:\/\/d1mrtjpezxphht.cloudfront.net\/wp-content\/uploads\/2023\/12\/SIGUATEPEQUE-4-768x394.jpg 768w, https:\/\/d1mrtjpezxphht.cloudfront.net\/wp-content\/uploads\/2023\/12\/SIGUATEPEQUE-4-750x384.jpg 750w\" alt=\"\" width=\"800\" height=\"410\" \/><figcaption id=\"caption-attachment-13129170\" class=\"text-sm text-gray-600 my-2\">La jefe de la UMEP-16, comisaria Nazareth Posadas junto a otro elemento policial disfrutaron de la velada.<\/figcaption><\/figure>\n<figure id=\"attachment_13129169\" class=\"my-8\" style=\"text-align: justify;\" aria-describedby=\"caption-attachment-13129169\"><img loading=\"lazy\" class=\"w-full\" src=\"https:\/\/d1mrtjpezxphht.cloudfront.net\/wp-content\/uploads\/2023\/12\/SIGUATEPEQUE-5.jpg\" sizes=\"(max-width: 800px) 100vw, 800px\" srcset=\"https:\/\/d1mrtjpezxphht.cloudfront.net\/wp-content\/uploads\/2023\/12\/SIGUATEPEQUE-5.jpg 800w, https:\/\/d1mrtjpezxphht.cloudfront.net\/wp-content\/uploads\/2023\/12\/SIGUATEPEQUE-5-768x1023.jpg 768w, https:\/\/d1mrtjpezxphht.cloudfront.net\/wp-content\/uploads\/2023\/12\/SIGUATEPEQUE-5-750x999.jpg 750w\" alt=\"\" width=\"800\" height=\"1066\" \/><figcaption id=\"caption-attachment-13129169\" class=\"text-sm text-gray-600 my-2\">El alcalde de Siguatepeque, Asley Cruz, y su esposa, Delmy Manzanares de Cruz, encendieron con alegr\u00eda el tradicional \u00e1rbol.<\/figcaption><\/figure>\n<\/div>\n<div id=\"FreeStarVideoAdContainer\">\n<div id=\"freestar-video-parent\">\n<div id=\"freestar-video-child\" style=\"text-align: justify;\">Fuente: latribuna.hn<\/div>\n<\/div>\n<\/div>\n<div class=\"sharedaddy sd-sharing-enabled\"><div class=\"robots-nocontent sd-block sd-social sd-social-icon sd-sharing\"><h3 class=\"sd-title\">Comparte esto:<\/h3><div class=\"sd-content\"><ul><li class=\"share-facebook\"><a rel=\"nofollow noopener noreferrer\" data-shared=\"sharing-facebook-21981\" class=\"share-facebook sd-button share-icon no-text\" href=\"http:\/\/www.hondurasensusmanos.com\/turismo\/siguatepeque-da-la-bienvenida-a-la-navidad\/?share=facebook\" target=\"_blank\" title=\"Haz clic para compartir en Facebook\"><span><\/span><span class=\"sharing-screen-reader-text\">Haz clic para compartir en Facebook (Se abre en una ventana nueva)<\/span><\/a><\/li><li class=\"share-jetpack-whatsapp\"><a rel=\"nofollow noopener noreferrer\" data-shared=\"\" class=\"share-jetpack-whatsapp sd-button share-icon no-text\" href=\"http:\/\/www.hondurasensusmanos.com\/turismo\/siguatepeque-da-la-bienvenida-a-la-navidad\/?share=jetpack-whatsapp\" target=\"_blank\" title=\"Haz clic para compartir en WhatsApp\"><span><\/span><span class=\"sharing-screen-reader-text\">Haz clic para compartir en WhatsApp (Se abre en una ventana nueva)<\/span><\/a><\/li><li class=\"share-twitter\"><a rel=\"nofollow noopener noreferrer\" data-shared=\"sharing-twitter-21981\" class=\"share-twitter sd-button share-icon no-text\" href=\"http:\/\/www.hondurasensusmanos.com\/turismo\/siguatepeque-da-la-bienvenida-a-la-navidad\/?share=twitter\" target=\"_blank\" title=\"Haz clic para compartir en Twitter\"><span><\/span><span class=\"sharing-screen-reader-text\">Haz clic para compartir en Twitter (Se abre en una ventana nueva)<\/span><\/a><\/li><li class=\"share-tumblr\"><a rel=\"nofollow noopener noreferrer\" data-shared=\"\" class=\"share-tumblr sd-button share-icon no-text\" href=\"http:\/\/www.hondurasensusmanos.com\/turismo\/siguatepeque-da-la-bienvenida-a-la-navidad\/?share=tumblr\" target=\"_blank\" title=\"Haz clic para compartir en Tumblr\"><span><\/span><span class=\"sharing-screen-reader-text\">Haz clic para compartir en Tumblr (Se abre en una ventana nueva)<\/span><\/a><\/li><li class=\"share-email\"><a rel=\"nofollow noopener noreferrer\" data-shared=\"\" class=\"share-email sd-button share-icon no-text\" href=\"http:\/\/www.hondurasensusmanos.com\/turismo\/siguatepeque-da-la-bienvenida-a-la-navidad\/?share=email\" target=\"_blank\" title=\"Haz clic para enviar por correo electr\u00f3nico a un amigo\"><span><\/span><span class=\"sharing-screen-reader-text\">Haz clic para enviar por correo electr\u00f3nico a un amigo (Se abre en una ventana nueva)<\/span><\/a><\/li><li class=\"share-end\"><\/li><\/ul><\/div><\/div><\/div>","protected":false},"excerpt":{"rendered":"<p>En un ambiente de alegr\u00eda, color y luces pirot\u00e9cnicas fueron inauguradas las fiestas navide\u00f1as en el \u201caltiplano central de Honduras\u201d, donde centenares de personas se congregaron a disfrutar de la especial velada en la plaza c\u00edvica \u201cLa Amistad- San Pablo\u201d. Durante la actividad el alcalde de Siguatepeque, Asley Cruz enfatiz\u00f3 en \u201ccelebrar estas festividades en &#8230;<\/p>\n<div class=\"sharedaddy sd-sharing-enabled\"><div class=\"robots-nocontent sd-block sd-social sd-social-icon sd-sharing\"><h3 class=\"sd-title\">Comparte esto:<\/h3><div class=\"sd-content\"><ul><li class=\"share-facebook\"><a rel=\"nofollow noopener noreferrer\" data-shared=\"sharing-facebook-21981\" class=\"share-facebook sd-button share-icon no-text\" href=\"http:\/\/www.hondurasensusmanos.com\/turismo\/siguatepeque-da-la-bienvenida-a-la-navidad\/?share=facebook\" target=\"_blank\" title=\"Haz clic para compartir en Facebook\"><span><\/span><span class=\"sharing-screen-reader-text\">Haz clic para compartir en Facebook (Se abre en una ventana nueva)<\/span><\/a><\/li><li class=\"share-jetpack-whatsapp\"><a rel=\"nofollow noopener noreferrer\" data-shared=\"\" class=\"share-jetpack-whatsapp sd-button share-icon no-text\" href=\"http:\/\/www.hondurasensusmanos.com\/turismo\/siguatepeque-da-la-bienvenida-a-la-navidad\/?share=jetpack-whatsapp\" target=\"_blank\" title=\"Haz clic para compartir en WhatsApp\"><span><\/span><span class=\"sharing-screen-reader-text\">Haz clic para compartir en WhatsApp (Se abre en una ventana nueva)<\/span><\/a><\/li><li class=\"share-twitter\"><a rel=\"nofollow noopener noreferrer\" data-shared=\"sharing-twitter-21981\" class=\"share-twitter sd-button share-icon no-text\" href=\"http:\/\/www.hondurasensusmanos.com\/turismo\/siguatepeque-da-la-bienvenida-a-la-navidad\/?share=twitter\" target=\"_blank\" title=\"Haz clic para compartir en Twitter\"><span><\/span><span class=\"sharing-screen-reader-text\">Haz clic para compartir en Twitter (Se abre en una ventana nueva)<\/span><\/a><\/li><li class=\"share-tumblr\"><a rel=\"nofollow noopener noreferrer\" data-shared=\"\" class=\"share-tumblr sd-button share-icon no-text\" href=\"http:\/\/www.hondurasensusmanos.com\/turismo\/siguatepeque-da-la-bienvenida-a-la-navidad\/?share=tumblr\" target=\"_blank\" title=\"Haz clic para compartir en Tumblr\"><span><\/span><span class=\"sharing-screen-reader-text\">Haz clic para compartir en Tumblr (Se abre en una ventana nueva)<\/span><\/a><\/li><li class=\"share-email\"><a rel=\"nofollow noopener noreferrer\" data-shared=\"\" class=\"share-email sd-button share-icon no-text\" href=\"http:\/\/www.hondurasensusmanos.com\/turismo\/siguatepeque-da-la-bienvenida-a-la-navidad\/?share=email\" target=\"_blank\" title=\"Haz clic para enviar por correo electr\u00f3nico a un amigo\"><span><\/span><span class=\"sharing-screen-reader-text\">Haz clic para enviar por correo electr\u00f3nico a un amigo (Se abre en una ventana nueva)<\/span><\/a><\/li><li class=\"share-end\"><\/li><\/ul><\/div><\/div><\/div>","protected":false},"author":4,"featured_media":21982,"comment_status":"open","ping_status":"open","sticky":false,"template":"","format":"standard","meta":{"spay_email":"","jetpack_publicize_message":"","jetpack_is_tweetstorm":false},"categories":[28,65,60,63],"tags":[],"jetpack_featured_media_url":"http:\/\/www.hondurasensusmanos.com\/turismo\/wp-content\/uploads\/2023\/12\/SIGUATEPEQUE-1.jpg","jetpack_publicize_connections":[],"jetpack_sharing_enabled":true,"jetpack_shortlink":"https:\/\/wp.me\/p8AciD-5Ix","_links":{"self":[{"href":"http:\/\/www.hondurasensusmanos.com\/turismo\/wp-json\/wp\/v2\/posts\/21981"}],"collection":[{"href":"http:\/\/www.hondurasensusmanos.com\/turismo\/wp-json\/wp\/v2\/posts"}],"about":[{"href":"http:\/\/www.hondurasensusmanos.com\/turismo\/wp-json\/wp\/v2\/types\/post"}],"author":[{"embeddable":true,"href":"http:\/\/www.hondurasensusmanos.com\/turismo\/wp-json\/wp\/v2\/users\/4"}],"replies":[{"embeddable":true,"href":"http:\/\/www.hondurasensusmanos.com\/turismo\/wp-json\/wp\/v2\/comments?post=21981"}],"version-history":[{"count":1,"href":"http:\/\/www.hondurasensusmanos.com\/turismo\/wp-json\/wp\/v2\/posts\/21981\/revisions"}],"predecessor-version":[{"id":21983,"href":"http:\/\/www.hondurasensusmanos.com\/turismo\/wp-json\/wp\/v2\/posts\/21981\/revisions\/21983"}],"wp:featuredmedia":[{"embeddable":true,"href":"http:\/\/www.hondurasensusmanos.com\/turismo\/wp-json\/wp\/v2\/media\/21982"}],"wp:attachment":[{"href":"http:\/\/www.hondurasensusmanos.com\/turismo\/wp-json\/wp\/v2\/media?parent=21981"}],"wp:term":[{"taxonomy":"category","embeddable":true,"href":"http:\/\/www.hondurasensusmanos.com\/turismo\/wp-json\/wp\/v2\/categories?post=21981"},{"taxonomy":"post_tag","embeddable":true,"href":"http:\/\/www.hondurasensusmanos.com\/turismo\/wp-json\/wp\/v2\/tags?post=21981"}],"curies":[{"name":"wp","href":"https:\/\/api.w.org\/{rel}","templated":true}]}}