{"id":21998,"date":"2025-12-06T15:58:46","date_gmt":"2025-12-06T04:28:46","guid":{"rendered":"https:\/\/www.hondurasensusmanos.com\/turismo\/?p=21998"},"modified":"2025-05-31T13:03:09","modified_gmt":"2025-05-31T01:33:09","slug":"reinas-de-feria-de-juticalpa-cautivan-en-tour-por-la-ciudad","status":"publish","type":"post","link":"http:\/\/www.hondurasensusmanos.com\/turismo\/reinas-de-feria-de-juticalpa-cautivan-en-tour-por-la-ciudad\/","title":{"rendered":"Reinas de feria de Juticalpa cautivan en tour por la ciudad"},"content":{"rendered":"<p style=\"text-align: justify;\"><a href=\"http:\/\/www.hondurasensusmanos.com\/turismo\/wp-content\/uploads\/2023\/12\/TOUR-DE-REINAS-1.jpg\"><img loading=\"lazy\" class=\"alignnone size-medium wp-image-21999\" src=\"http:\/\/www.hondurasensusmanos.com\/turismo\/wp-content\/uploads\/2023\/12\/TOUR-DE-REINAS-1-300x153.jpg\" alt=\"\" width=\"300\" height=\"153\" srcset=\"http:\/\/www.hondurasensusmanos.com\/turismo\/wp-content\/uploads\/2023\/12\/TOUR-DE-REINAS-1-300x153.jpg 300w, http:\/\/www.hondurasensusmanos.com\/turismo\/wp-content\/uploads\/2023\/12\/TOUR-DE-REINAS-1-768x392.jpg 768w, http:\/\/www.hondurasensusmanos.com\/turismo\/wp-content\/uploads\/2023\/12\/TOUR-DE-REINAS-1.jpg 996w\" sizes=\"(max-width: 300px) 100vw, 300px\" \/><\/a><\/p>\n<p class=\"mb-6\" style=\"text-align: justify;\"><em class=\"inline-block mb-2\"><strong>JUTICALPA, Olancho.<\/strong><\/em>\u00a0Las reinas, princesas y la madrina de festejos de la Feria Inmaculada Concepci\u00f3n de Mar\u00eda (Fedeicom Juticalpa 2023), realizaron un tour por las principales calles y bulevares de esta cabecera departamental, cautivando a los pobladores por su belleza y simpat\u00eda natural.<\/p>\n<p class=\"mb-6\" style=\"text-align: justify;\">Se trata de un inesperado y primer evento de tal naturaleza visto en Juticalpa, y que recibieron a manera de cortes\u00eda las bellas j\u00f3venes como un apoyo al comit\u00e9 organizador de Feria Patronal Decembrina, por parte de Inversiones Emanuel.<\/p>\n<p class=\"mb-6\" style=\"text-align: justify;\"><img loading=\"lazy\" class=\"w-full\" src=\"https:\/\/d1mrtjpezxphht.cloudfront.net\/wp-content\/uploads\/2023\/12\/TOUR-DE-REINAS-2.jpg\" sizes=\"(max-width: 800px) 100vw, 800px\" srcset=\"https:\/\/d1mrtjpezxphht.cloudfront.net\/wp-content\/uploads\/2023\/12\/TOUR-DE-REINAS-2.jpg 800w, https:\/\/d1mrtjpezxphht.cloudfront.net\/wp-content\/uploads\/2023\/12\/TOUR-DE-REINAS-2-768x394.jpg 768w, https:\/\/d1mrtjpezxphht.cloudfront.net\/wp-content\/uploads\/2023\/12\/TOUR-DE-REINAS-2-750x384.jpg 750w\" alt=\"\" width=\"800\" height=\"410\" \/><\/p>\n<h3 class=\"mb-6 font-semibold text-2xl\" style=\"text-align: justify;\">RECORRIDO EN LIMUSINA<\/h3>\n<p class=\"mb-6\" style=\"text-align: justify;\">El recorrido se realiz\u00f3 en una hermosa y moderna limusina de parte de empresarios pioneros del nuevo servicio de este tipo de automotores en la ciudad de Juticalpa, quienes de esa manera agasajaron a las soberanas, princesas infantiles, juveniles y la reina de reinas de la feria patronal.<\/p>\n<p class=\"mb-6\" style=\"text-align: justify;\">Durante el recorrido por varios sectores de la ciudad de Juticalpa, las hermosas jovencitas fueron acompa\u00f1adas por la madrina de los festejos del aniversario, ofreci\u00e9ndoles un tour por la ciudad, al estilo de las grandes estrellas de Hollywood.<\/p>\n<p class=\"mb-6\" style=\"text-align: justify;\">El servicio de transporte de limusinas como en las grandes ciudades ya est\u00e1 disponible en Juticalpa, especialmente para quienes desean hacer una entrada espectacular en alg\u00fan evento especial o simplemente experimentar el glamour de transitar con clase y estilo.<\/p>\n<figure id=\"attachment_13131381\" class=\"my-8\" style=\"text-align: justify;\" aria-describedby=\"caption-attachment-13131381\"><img loading=\"lazy\" class=\"w-full\" src=\"https:\/\/d1mrtjpezxphht.cloudfront.net\/wp-content\/uploads\/2023\/12\/TOUR-DE-REINAS-3.jpg\" sizes=\"(max-width: 800px) 100vw, 800px\" srcset=\"https:\/\/d1mrtjpezxphht.cloudfront.net\/wp-content\/uploads\/2023\/12\/TOUR-DE-REINAS-3.jpg 800w, https:\/\/d1mrtjpezxphht.cloudfront.net\/wp-content\/uploads\/2023\/12\/TOUR-DE-REINAS-3-768x394.jpg 768w, https:\/\/d1mrtjpezxphht.cloudfront.net\/wp-content\/uploads\/2023\/12\/TOUR-DE-REINAS-3-750x384.jpg 750w\" alt=\"\" width=\"800\" height=\"410\" \/><figcaption id=\"caption-attachment-13131381\" class=\"text-sm text-gray-600 my-2\">Esta noche, en la Plaza \u201cFrancisco de Paula Flores\u201d ser\u00e1 la coronaci\u00f3n de las reinas de la feria de Juticalpa, Olancho.<\/figcaption><\/figure>\n<h3 class=\"mb-6 font-semibold text-2xl\" style=\"text-align: justify;\">LA CORONACI\u00d3N<\/h3>\n<p class=\"mb-6\" style=\"text-align: justify;\">De parte del comit\u00e9 organizador de festejos de la municipalidad de Juticalpa se inform\u00f3 que la coronaci\u00f3n de las reinas y princesas, tanto juveniles como infantiles, se realizar\u00e1 esta noche en la Plaza \u201cFrancisco de Paula Flores\u201d, de esta ciudad de Juticalpa.<\/p>\n<p class=\"mb-6\" style=\"text-align: justify;\">Como siempre se espera la presencia de muchas personas provenientes de la ciudad y el campo que llegan a divertirse, como tambi\u00e9n para ser parte del inicio de la feria m\u00e1s popular del departamento de Olancho.\u00a0<em class=\"inline-block mb-2\"><strong>(Francisco Sevilla)<\/strong><\/em><\/p>\n<figure id=\"attachment_13131382\" class=\"my-8\" style=\"text-align: justify;\" aria-describedby=\"caption-attachment-13131382\"><img loading=\"lazy\" class=\"w-full\" src=\"https:\/\/d1mrtjpezxphht.cloudfront.net\/wp-content\/uploads\/2023\/12\/TOUR-DE-REINAS-4.jpg\" sizes=\"(max-width: 800px) 100vw, 800px\" srcset=\"https:\/\/d1mrtjpezxphht.cloudfront.net\/wp-content\/uploads\/2023\/12\/TOUR-DE-REINAS-4.jpg 800w, https:\/\/d1mrtjpezxphht.cloudfront.net\/wp-content\/uploads\/2023\/12\/TOUR-DE-REINAS-4-768x394.jpg 768w, https:\/\/d1mrtjpezxphht.cloudfront.net\/wp-content\/uploads\/2023\/12\/TOUR-DE-REINAS-4-750x384.jpg 750w\" alt=\"\" width=\"800\" height=\"410\" \/><figcaption id=\"caption-attachment-13131382\" class=\"text-sm text-gray-600 my-2\">En medio del tour de las bellezas olanchanas, las reinas infantiles aprovecharon para tomarse fotograf\u00edas del recuerdo.<\/figcaption><\/figure>\n<p class=\"mb-6\" style=\"text-align: justify;\"><img loading=\"lazy\" class=\"w-full\" src=\"https:\/\/d1mrtjpezxphht.cloudfront.net\/wp-content\/uploads\/2023\/12\/TOUR-DE-REINAS-5.jpg\" sizes=\"(max-width: 800px) 100vw, 800px\" srcset=\"https:\/\/d1mrtjpezxphht.cloudfront.net\/wp-content\/uploads\/2023\/12\/TOUR-DE-REINAS-5.jpg 800w, https:\/\/d1mrtjpezxphht.cloudfront.net\/wp-content\/uploads\/2023\/12\/TOUR-DE-REINAS-5-768x395.jpg 768w, https:\/\/d1mrtjpezxphht.cloudfront.net\/wp-content\/uploads\/2023\/12\/TOUR-DE-REINAS-5-750x385.jpg 750w\" alt=\"\" width=\"800\" height=\"411\" \/><\/p>\n<figure id=\"attachment_13131384\" class=\"my-8\" style=\"text-align: justify;\" aria-describedby=\"caption-attachment-13131384\"><img loading=\"lazy\" class=\"w-full\" src=\"https:\/\/d1mrtjpezxphht.cloudfront.net\/wp-content\/uploads\/2023\/12\/TOUR-DE-REINAS-6.jpg\" sizes=\"(max-width: 800px) 100vw, 800px\" srcset=\"https:\/\/d1mrtjpezxphht.cloudfront.net\/wp-content\/uploads\/2023\/12\/TOUR-DE-REINAS-6.jpg 800w, https:\/\/d1mrtjpezxphht.cloudfront.net\/wp-content\/uploads\/2023\/12\/TOUR-DE-REINAS-6-768x393.jpg 768w, https:\/\/d1mrtjpezxphht.cloudfront.net\/wp-content\/uploads\/2023\/12\/TOUR-DE-REINAS-6-750x383.jpg 750w\" alt=\"\" width=\"800\" height=\"409\" \/><figcaption id=\"caption-attachment-13131384\" class=\"text-sm text-gray-600 my-2\">La madrina de la feria decembrina posa con orgullo en la ciudad de Juticalpa, Olancho.<\/figcaption><\/figure>\n<figure id=\"attachment_13131385\" class=\"my-8\" style=\"text-align: justify;\" aria-describedby=\"caption-attachment-13131385\"><img loading=\"lazy\" class=\"w-full\" src=\"https:\/\/d1mrtjpezxphht.cloudfront.net\/wp-content\/uploads\/2023\/12\/TOUR-DE-REINAS-8.jpg\" sizes=\"(max-width: 800px) 100vw, 800px\" srcset=\"https:\/\/d1mrtjpezxphht.cloudfront.net\/wp-content\/uploads\/2023\/12\/TOUR-DE-REINAS-8.jpg 800w, https:\/\/d1mrtjpezxphht.cloudfront.net\/wp-content\/uploads\/2023\/12\/TOUR-DE-REINAS-8-768x394.jpg 768w, https:\/\/d1mrtjpezxphht.cloudfront.net\/wp-content\/uploads\/2023\/12\/TOUR-DE-REINAS-8-750x384.jpg 750w\" alt=\"\" width=\"800\" height=\"410\" \/><figcaption id=\"caption-attachment-13131385\" class=\"text-sm text-gray-600 my-2\">Las princesas infantiles de la Fedeicom Juticalpa 2023, preparadas para su coronaci\u00f3n, esta noche en la Plaza \u201cFrancisco<\/figcaption><\/figure>\n<div class=\"sharedaddy sd-sharing-enabled\"><div class=\"robots-nocontent sd-block sd-social sd-social-icon sd-sharing\"><h3 class=\"sd-title\">Comparte esto:<\/h3><div class=\"sd-content\"><ul><li class=\"share-facebook\"><a rel=\"nofollow noopener noreferrer\" data-shared=\"sharing-facebook-21998\" class=\"share-facebook sd-button share-icon no-text\" href=\"http:\/\/www.hondurasensusmanos.com\/turismo\/reinas-de-feria-de-juticalpa-cautivan-en-tour-por-la-ciudad\/?share=facebook\" target=\"_blank\" title=\"Haz clic para compartir en Facebook\"><span><\/span><span class=\"sharing-screen-reader-text\">Haz clic para compartir en Facebook (Se abre en una ventana nueva)<\/span><\/a><\/li><li class=\"share-jetpack-whatsapp\"><a rel=\"nofollow noopener noreferrer\" data-shared=\"\" class=\"share-jetpack-whatsapp sd-button share-icon no-text\" href=\"http:\/\/www.hondurasensusmanos.com\/turismo\/reinas-de-feria-de-juticalpa-cautivan-en-tour-por-la-ciudad\/?share=jetpack-whatsapp\" target=\"_blank\" title=\"Haz clic para compartir en WhatsApp\"><span><\/span><span class=\"sharing-screen-reader-text\">Haz clic para compartir en WhatsApp (Se abre en una ventana nueva)<\/span><\/a><\/li><li class=\"share-twitter\"><a rel=\"nofollow noopener noreferrer\" data-shared=\"sharing-twitter-21998\" class=\"share-twitter sd-button share-icon no-text\" href=\"http:\/\/www.hondurasensusmanos.com\/turismo\/reinas-de-feria-de-juticalpa-cautivan-en-tour-por-la-ciudad\/?share=twitter\" target=\"_blank\" title=\"Haz clic para compartir en Twitter\"><span><\/span><span class=\"sharing-screen-reader-text\">Haz clic para compartir en Twitter (Se abre en una ventana nueva)<\/span><\/a><\/li><li class=\"share-tumblr\"><a rel=\"nofollow noopener noreferrer\" data-shared=\"\" class=\"share-tumblr sd-button share-icon no-text\" href=\"http:\/\/www.hondurasensusmanos.com\/turismo\/reinas-de-feria-de-juticalpa-cautivan-en-tour-por-la-ciudad\/?share=tumblr\" target=\"_blank\" title=\"Haz clic para compartir en Tumblr\"><span><\/span><span class=\"sharing-screen-reader-text\">Haz clic para compartir en Tumblr (Se abre en una ventana nueva)<\/span><\/a><\/li><li class=\"share-email\"><a rel=\"nofollow noopener noreferrer\" data-shared=\"\" class=\"share-email sd-button share-icon no-text\" href=\"http:\/\/www.hondurasensusmanos.com\/turismo\/reinas-de-feria-de-juticalpa-cautivan-en-tour-por-la-ciudad\/?share=email\" target=\"_blank\" title=\"Haz clic para enviar por correo electr\u00f3nico a un amigo\"><span><\/span><span class=\"sharing-screen-reader-text\">Haz clic para enviar por correo electr\u00f3nico a un amigo (Se abre en una ventana nueva)<\/span><\/a><\/li><li class=\"share-end\"><\/li><\/ul><\/div><\/div><\/div>","protected":false},"excerpt":{"rendered":"<p>JUTICALPA, Olancho.\u00a0Las reinas, princesas y la madrina de festejos de la Feria Inmaculada Concepci\u00f3n de Mar\u00eda (Fedeicom Juticalpa 2023), realizaron un tour por las principales calles y bulevares de esta cabecera departamental, cautivando a los pobladores por su belleza y simpat\u00eda natural. Se trata de un inesperado y primer evento de tal naturaleza visto en &#8230;<\/p>\n<div class=\"sharedaddy sd-sharing-enabled\"><div class=\"robots-nocontent sd-block sd-social sd-social-icon sd-sharing\"><h3 class=\"sd-title\">Comparte esto:<\/h3><div class=\"sd-content\"><ul><li class=\"share-facebook\"><a rel=\"nofollow noopener noreferrer\" data-shared=\"sharing-facebook-21998\" class=\"share-facebook sd-button share-icon no-text\" href=\"http:\/\/www.hondurasensusmanos.com\/turismo\/reinas-de-feria-de-juticalpa-cautivan-en-tour-por-la-ciudad\/?share=facebook\" target=\"_blank\" title=\"Haz clic para compartir en Facebook\"><span><\/span><span class=\"sharing-screen-reader-text\">Haz clic para compartir en Facebook (Se abre en una ventana nueva)<\/span><\/a><\/li><li class=\"share-jetpack-whatsapp\"><a rel=\"nofollow noopener noreferrer\" data-shared=\"\" class=\"share-jetpack-whatsapp sd-button share-icon no-text\" href=\"http:\/\/www.hondurasensusmanos.com\/turismo\/reinas-de-feria-de-juticalpa-cautivan-en-tour-por-la-ciudad\/?share=jetpack-whatsapp\" target=\"_blank\" title=\"Haz clic para compartir en WhatsApp\"><span><\/span><span class=\"sharing-screen-reader-text\">Haz clic para compartir en WhatsApp (Se abre en una ventana nueva)<\/span><\/a><\/li><li class=\"share-twitter\"><a rel=\"nofollow noopener noreferrer\" data-shared=\"sharing-twitter-21998\" class=\"share-twitter sd-button share-icon no-text\" href=\"http:\/\/www.hondurasensusmanos.com\/turismo\/reinas-de-feria-de-juticalpa-cautivan-en-tour-por-la-ciudad\/?share=twitter\" target=\"_blank\" title=\"Haz clic para compartir en Twitter\"><span><\/span><span class=\"sharing-screen-reader-text\">Haz clic para compartir en Twitter (Se abre en una ventana nueva)<\/span><\/a><\/li><li class=\"share-tumblr\"><a rel=\"nofollow noopener noreferrer\" data-shared=\"\" class=\"share-tumblr sd-button share-icon no-text\" href=\"http:\/\/www.hondurasensusmanos.com\/turismo\/reinas-de-feria-de-juticalpa-cautivan-en-tour-por-la-ciudad\/?share=tumblr\" target=\"_blank\" title=\"Haz clic para compartir en Tumblr\"><span><\/span><span class=\"sharing-screen-reader-text\">Haz clic para compartir en Tumblr (Se abre en una ventana nueva)<\/span><\/a><\/li><li class=\"share-email\"><a rel=\"nofollow noopener noreferrer\" data-shared=\"\" class=\"share-email sd-button share-icon no-text\" href=\"http:\/\/www.hondurasensusmanos.com\/turismo\/reinas-de-feria-de-juticalpa-cautivan-en-tour-por-la-ciudad\/?share=email\" target=\"_blank\" title=\"Haz clic para enviar por correo electr\u00f3nico a un amigo\"><span><\/span><span class=\"sharing-screen-reader-text\">Haz clic para enviar por correo electr\u00f3nico a un amigo (Se abre en una ventana nueva)<\/span><\/a><\/li><li class=\"share-end\"><\/li><\/ul><\/div><\/div><\/div>","protected":false},"author":4,"featured_media":21999,"comment_status":"open","ping_status":"open","sticky":false,"template":"","format":"standard","meta":{"spay_email":"","jetpack_publicize_message":"","jetpack_is_tweetstorm":false},"categories":[28,65,60,63],"tags":[],"jetpack_featured_media_url":"http:\/\/www.hondurasensusmanos.com\/turismo\/wp-content\/uploads\/2023\/12\/TOUR-DE-REINAS-1.jpg","jetpack_publicize_connections":[],"jetpack_sharing_enabled":true,"jetpack_shortlink":"https:\/\/wp.me\/p8AciD-5IO","_links":{"self":[{"href":"http:\/\/www.hondurasensusmanos.com\/turismo\/wp-json\/wp\/v2\/posts\/21998"}],"collection":[{"href":"http:\/\/www.hondurasensusmanos.com\/turismo\/wp-json\/wp\/v2\/posts"}],"about":[{"href":"http:\/\/www.hondurasensusmanos.com\/turismo\/wp-json\/wp\/v2\/types\/post"}],"author":[{"embeddable":true,"href":"http:\/\/www.hondurasensusmanos.com\/turismo\/wp-json\/wp\/v2\/users\/4"}],"replies":[{"embeddable":true,"href":"http:\/\/www.hondurasensusmanos.com\/turismo\/wp-json\/wp\/v2\/comments?post=21998"}],"version-history":[{"count":1,"href":"http:\/\/www.hondurasensusmanos.com\/turismo\/wp-json\/wp\/v2\/posts\/21998\/revisions"}],"predecessor-version":[{"id":22000,"href":"http:\/\/www.hondurasensusmanos.com\/turismo\/wp-json\/wp\/v2\/posts\/21998\/revisions\/22000"}],"wp:featuredmedia":[{"embeddable":true,"href":"http:\/\/www.hondurasensusmanos.com\/turismo\/wp-json\/wp\/v2\/media\/21999"}],"wp:attachment":[{"href":"http:\/\/www.hondurasensusmanos.com\/turismo\/wp-json\/wp\/v2\/media?parent=21998"}],"wp:term":[{"taxonomy":"category","embeddable":true,"href":"http:\/\/www.hondurasensusmanos.com\/turismo\/wp-json\/wp\/v2\/categories?post=21998"},{"taxonomy":"post_tag","embeddable":true,"href":"http:\/\/www.hondurasensusmanos.com\/turismo\/wp-json\/wp\/v2\/tags?post=21998"}],"curies":[{"name":"wp","href":"https:\/\/api.w.org\/{rel}","templated":true}]}}