{"id":22649,"date":"2024-08-16T01:46:06","date_gmt":"2024-08-15T14:16:06","guid":{"rendered":"https:\/\/www.hondurasensusmanos.com\/turismo\/?p=22649"},"modified":"2024-08-16T01:47:43","modified_gmt":"2024-08-15T14:17:43","slug":"16-y-17-de-agosto-al-festival-gastronomico-pina-fest-2024","status":"publish","type":"post","link":"http:\/\/www.hondurasensusmanos.com\/turismo\/16-y-17-de-agosto-al-festival-gastronomico-pina-fest-2024\/","title":{"rendered":"16 y 17 de agosto al Festival Gastron\u00f3mico Pi\u00f1a Fest 2024"},"content":{"rendered":"<p>15.08.2024<\/p>\n<p>El municipio de El Porvenir en Atl\u00e1ntida te invita el 16 y 17 de agosto al Festival Gastron\u00f3mico Pi\u00f1a Fest 2024 que se llevar\u00e1 a cabo en las Hermosas Playas El Porvenir, para que disfrutes con familia y amigos de todas las actividades que se realizar\u00e1n.<\/p>\n<p><img class=\"x85a59c x193iq5w x4fas0m x19kjcj4\" src=\"https:\/\/scontent.ftgu1-2.fna.fbcdn.net\/v\/t39.30808-6\/451845538_880058674151620_5393232604732172993_n.jpg?_nc_cat=107&amp;ccb=1-7&amp;_nc_sid=833d8c&amp;_nc_ohc=p200KuTh-mMQ7kNvgFsyfwP&amp;_nc_ht=scontent.ftgu1-2.fna&amp;oh=00_AYBmbJ4z7-MolnFfdQbVLe7JX_cVCalxvA8b6YhgWY5cKg&amp;oe=66C3EA83\" alt=\"Puede ser una imagen de texto\" data-visualcompletion=\"media-vc-image\" \/><\/p>\n<p><img class=\"x1bwycvy x193iq5w x4fas0m x19kjcj4\" src=\"https:\/\/scontent.ftgu1-2.fna.fbcdn.net\/v\/t39.30808-6\/454716318_486579277308650_3416100355798842207_n.jpg?_nc_cat=102&amp;ccb=1-7&amp;_nc_sid=833d8c&amp;_nc_ohc=rON7LhDG6BgQ7kNvgHk5APN&amp;_nc_ht=scontent.ftgu1-2.fna&amp;oh=00_AYCa3jnOMCE8GT_v47lW10B_Quy0tzMR3kccaAunTCGC1w&amp;oe=66C3CC4F\" alt=\"Puede ser una imagen de 6 personas y texto que dice &quot;Ven kt conocer la hermosa comunidad de El Porvenir: PINA ELPORWENIR -Recorrido hist\u00f3rico en la- la CHALANA Incluye: Recorrido en I chalana por el casco hist\u00f3rico de la comunidad de Porvenir \u2022Visita \u03b1 las plantaciones de pi\u00f1a Gu\u00eda interpretativo Degustaci\u00f3n de pi\u00f1a Experiencia: Mamado de Pi\u00f1a Precio de L150 Por persona 17 de 7deAgosto Agosto I M\u00e1s informaci\u00f3n: (+504) 9489-6058&quot;\" data-visualcompletion=\"media-vc-image\" \/><\/p>\n<div class=\"sharedaddy sd-sharing-enabled\"><div class=\"robots-nocontent sd-block sd-social sd-social-icon sd-sharing\"><h3 class=\"sd-title\">Comparte esto:<\/h3><div class=\"sd-content\"><ul><li class=\"share-facebook\"><a rel=\"nofollow noopener noreferrer\" data-shared=\"sharing-facebook-22649\" class=\"share-facebook sd-button share-icon no-text\" href=\"http:\/\/www.hondurasensusmanos.com\/turismo\/16-y-17-de-agosto-al-festival-gastronomico-pina-fest-2024\/?share=facebook\" target=\"_blank\" title=\"Haz clic para compartir en Facebook\"><span><\/span><span class=\"sharing-screen-reader-text\">Haz clic para compartir en Facebook (Se abre en una ventana nueva)<\/span><\/a><\/li><li class=\"share-jetpack-whatsapp\"><a rel=\"nofollow noopener noreferrer\" data-shared=\"\" class=\"share-jetpack-whatsapp sd-button share-icon no-text\" href=\"http:\/\/www.hondurasensusmanos.com\/turismo\/16-y-17-de-agosto-al-festival-gastronomico-pina-fest-2024\/?share=jetpack-whatsapp\" target=\"_blank\" title=\"Haz clic para compartir en WhatsApp\"><span><\/span><span class=\"sharing-screen-reader-text\">Haz clic para compartir en WhatsApp (Se abre en una ventana nueva)<\/span><\/a><\/li><li class=\"share-twitter\"><a rel=\"nofollow noopener noreferrer\" data-shared=\"sharing-twitter-22649\" class=\"share-twitter sd-button share-icon no-text\" href=\"http:\/\/www.hondurasensusmanos.com\/turismo\/16-y-17-de-agosto-al-festival-gastronomico-pina-fest-2024\/?share=twitter\" target=\"_blank\" title=\"Haz clic para compartir en Twitter\"><span><\/span><span class=\"sharing-screen-reader-text\">Haz clic para compartir en Twitter (Se abre en una ventana nueva)<\/span><\/a><\/li><li class=\"share-tumblr\"><a rel=\"nofollow noopener noreferrer\" data-shared=\"\" class=\"share-tumblr sd-button share-icon no-text\" href=\"http:\/\/www.hondurasensusmanos.com\/turismo\/16-y-17-de-agosto-al-festival-gastronomico-pina-fest-2024\/?share=tumblr\" target=\"_blank\" title=\"Haz clic para compartir en Tumblr\"><span><\/span><span class=\"sharing-screen-reader-text\">Haz clic para compartir en Tumblr (Se abre en una ventana nueva)<\/span><\/a><\/li><li class=\"share-email\"><a rel=\"nofollow noopener noreferrer\" data-shared=\"\" class=\"share-email sd-button share-icon no-text\" href=\"http:\/\/www.hondurasensusmanos.com\/turismo\/16-y-17-de-agosto-al-festival-gastronomico-pina-fest-2024\/?share=email\" target=\"_blank\" title=\"Haz clic para enviar por correo electr\u00f3nico a un amigo\"><span><\/span><span class=\"sharing-screen-reader-text\">Haz clic para enviar por correo electr\u00f3nico a un amigo (Se abre en una ventana nueva)<\/span><\/a><\/li><li class=\"share-end\"><\/li><\/ul><\/div><\/div><\/div>","protected":false},"excerpt":{"rendered":"<p>15.08.2024 El municipio de El Porvenir en Atl\u00e1ntida te invita el 16 y 17 de agosto al Festival Gastron\u00f3mico Pi\u00f1a Fest 2024 que se llevar\u00e1 a cabo en las Hermosas Playas El Porvenir, para que disfrutes con familia y amigos de todas las actividades que se realizar\u00e1n.<\/p>\n<div class=\"sharedaddy sd-sharing-enabled\"><div class=\"robots-nocontent sd-block sd-social sd-social-icon sd-sharing\"><h3 class=\"sd-title\">Comparte esto:<\/h3><div class=\"sd-content\"><ul><li class=\"share-facebook\"><a rel=\"nofollow noopener noreferrer\" data-shared=\"sharing-facebook-22649\" class=\"share-facebook sd-button share-icon no-text\" href=\"http:\/\/www.hondurasensusmanos.com\/turismo\/16-y-17-de-agosto-al-festival-gastronomico-pina-fest-2024\/?share=facebook\" target=\"_blank\" title=\"Haz clic para compartir en Facebook\"><span><\/span><span class=\"sharing-screen-reader-text\">Haz clic para compartir en Facebook (Se abre en una ventana nueva)<\/span><\/a><\/li><li class=\"share-jetpack-whatsapp\"><a rel=\"nofollow noopener noreferrer\" data-shared=\"\" class=\"share-jetpack-whatsapp sd-button share-icon no-text\" href=\"http:\/\/www.hondurasensusmanos.com\/turismo\/16-y-17-de-agosto-al-festival-gastronomico-pina-fest-2024\/?share=jetpack-whatsapp\" target=\"_blank\" title=\"Haz clic para compartir en WhatsApp\"><span><\/span><span class=\"sharing-screen-reader-text\">Haz clic para compartir en WhatsApp (Se abre en una ventana nueva)<\/span><\/a><\/li><li class=\"share-twitter\"><a rel=\"nofollow noopener noreferrer\" data-shared=\"sharing-twitter-22649\" class=\"share-twitter sd-button share-icon no-text\" href=\"http:\/\/www.hondurasensusmanos.com\/turismo\/16-y-17-de-agosto-al-festival-gastronomico-pina-fest-2024\/?share=twitter\" target=\"_blank\" title=\"Haz clic para compartir en Twitter\"><span><\/span><span class=\"sharing-screen-reader-text\">Haz clic para compartir en Twitter (Se abre en una ventana nueva)<\/span><\/a><\/li><li class=\"share-tumblr\"><a rel=\"nofollow noopener noreferrer\" data-shared=\"\" class=\"share-tumblr sd-button share-icon no-text\" href=\"http:\/\/www.hondurasensusmanos.com\/turismo\/16-y-17-de-agosto-al-festival-gastronomico-pina-fest-2024\/?share=tumblr\" target=\"_blank\" title=\"Haz clic para compartir en Tumblr\"><span><\/span><span class=\"sharing-screen-reader-text\">Haz clic para compartir en Tumblr (Se abre en una ventana nueva)<\/span><\/a><\/li><li class=\"share-email\"><a rel=\"nofollow noopener noreferrer\" data-shared=\"\" class=\"share-email sd-button share-icon no-text\" href=\"http:\/\/www.hondurasensusmanos.com\/turismo\/16-y-17-de-agosto-al-festival-gastronomico-pina-fest-2024\/?share=email\" target=\"_blank\" title=\"Haz clic para enviar por correo electr\u00f3nico a un amigo\"><span><\/span><span class=\"sharing-screen-reader-text\">Haz clic para enviar por correo electr\u00f3nico a un amigo (Se abre en una ventana nueva)<\/span><\/a><\/li><li class=\"share-end\"><\/li><\/ul><\/div><\/div><\/div>","protected":false},"author":4,"featured_media":22652,"comment_status":"open","ping_status":"open","sticky":false,"template":"","format":"standard","meta":{"spay_email":"","jetpack_publicize_message":"","jetpack_is_tweetstorm":false},"categories":[28,60,63],"tags":[],"jetpack_featured_media_url":"http:\/\/www.hondurasensusmanos.com\/turismo\/wp-content\/uploads\/2024\/08\/el-por.jpg","jetpack_publicize_connections":[],"jetpack_sharing_enabled":true,"jetpack_shortlink":"https:\/\/wp.me\/p8AciD-5Tj","_links":{"self":[{"href":"http:\/\/www.hondurasensusmanos.com\/turismo\/wp-json\/wp\/v2\/posts\/22649"}],"collection":[{"href":"http:\/\/www.hondurasensusmanos.com\/turismo\/wp-json\/wp\/v2\/posts"}],"about":[{"href":"http:\/\/www.hondurasensusmanos.com\/turismo\/wp-json\/wp\/v2\/types\/post"}],"author":[{"embeddable":true,"href":"http:\/\/www.hondurasensusmanos.com\/turismo\/wp-json\/wp\/v2\/users\/4"}],"replies":[{"embeddable":true,"href":"http:\/\/www.hondurasensusmanos.com\/turismo\/wp-json\/wp\/v2\/comments?post=22649"}],"version-history":[{"count":1,"href":"http:\/\/www.hondurasensusmanos.com\/turismo\/wp-json\/wp\/v2\/posts\/22649\/revisions"}],"predecessor-version":[{"id":22651,"href":"http:\/\/www.hondurasensusmanos.com\/turismo\/wp-json\/wp\/v2\/posts\/22649\/revisions\/22651"}],"wp:featuredmedia":[{"embeddable":true,"href":"http:\/\/www.hondurasensusmanos.com\/turismo\/wp-json\/wp\/v2\/media\/22652"}],"wp:attachment":[{"href":"http:\/\/www.hondurasensusmanos.com\/turismo\/wp-json\/wp\/v2\/media?parent=22649"}],"wp:term":[{"taxonomy":"category","embeddable":true,"href":"http:\/\/www.hondurasensusmanos.com\/turismo\/wp-json\/wp\/v2\/categories?post=22649"},{"taxonomy":"post_tag","embeddable":true,"href":"http:\/\/www.hondurasensusmanos.com\/turismo\/wp-json\/wp\/v2\/tags?post=22649"}],"curies":[{"name":"wp","href":"https:\/\/api.w.org\/{rel}","templated":true}]}}