{"id":22727,"date":"2024-08-23T02:41:21","date_gmt":"2024-08-22T15:11:21","guid":{"rendered":"https:\/\/www.hondurasensusmanos.com\/turismo\/?p=22727"},"modified":"2024-08-23T02:41:21","modified_gmt":"2024-08-22T15:11:21","slug":"el-parque-nacional-montana-de-celaque-pnmc-alcanza-el-galardon-bandera-azul-ecologica","status":"publish","type":"post","link":"http:\/\/www.hondurasensusmanos.com\/turismo\/el-parque-nacional-montana-de-celaque-pnmc-alcanza-el-galardon-bandera-azul-ecologica\/","title":{"rendered":"El Parque Nacional Monta\u00f1a de Celaque (PNMC) alcanza el galard\u00f3n Bandera Azul Ecol\u00f3gica"},"content":{"rendered":"<p>22,08,2024<\/p>\n<p><a class=\"post-thumbnail open-lightbox\" href=\"https:\/\/diarioroatan.com\/wp-content\/uploads\/2024\/08\/Bandera-azul.png\" rel=\"prettyPhoto\"><img loading=\"lazy\" class=\"b-loaded\" src=\"https:\/\/diarioroatan.com\/wp-content\/uploads\/2024\/08\/Bandera-azul-750x430.png\" alt=\"\" width=\"750\" height=\"430\" \/><\/a><\/p>\n<p style=\"text-align: justify;\">El Parque Nacional Monta\u00f1a de Celaque (PNMC) alcanza el galard\u00f3n Bandera Azul Ecol\u00f3gica, otorgado por el Instituto Hondure\u00f1o de Turismo (IHT), reconociendo los esfuerzos, acciones y buenas pr\u00e1cticas implementadas en pro del medio ambiente.<\/p>\n<p style=\"text-align: justify;\">Dicho evento cont\u00f3 con la participaci\u00f3n del viceministro de Turismo, Luis Ch\u00e9vez; el alcalde de Gracias, Lempira, Pedro Escalante; el presidente de la Junta de la Mancomunidad Pro Celaque (MAPANCE) y el actual alcalde de San Manuel, Elder Mej\u00eda; la jefa regional del Instituto de Conservaci\u00f3n Forestal (ICF), Sara Dubon, acompa\u00f1ada del coordinador de \u00e1reas protegidas y vida silvestre de ICF Regional de Occidente, Juan Rodr\u00edguez; y Herm\u00e8s Vega como invitado especial del proyecto CONECTA+ de la Secretar\u00eda de Recursos Naturales y Ambiente (SERNA).<\/p>\n<p style=\"text-align: justify;\">Celaque, conocido a nivel mundial por su impresionante biodiversidad, hogar de Cerro de Las Minas, registrado como el punto m\u00e1s alto de Honduras, ha producido al menos 150 mil plantas anuales, recuperando tierras y manteniendo la vegetaci\u00f3n a lo largo del PNMC; de igual manera, se han implementado programas de guardabosques, evitando la tala y caza ilegal dentro de este territorio.<\/p>\n<p style=\"text-align: justify;\">Asimismo, han realizado un gran trabajo en t\u00e9rminos h\u00eddricos, abasteciendo m\u00faltiples comunidades, identificando y controlando fuentes de contaminaci\u00f3n y educando a las comunidades sobre el correcto manejo de los recursos naturales.<\/p>\n<p style=\"text-align: justify;\">El premio Bandera Azul Ecol\u00f3gica es un proyecto ambiental impulsado por el IHT, el cual busca destacar y valorar el esfuerzo de las autoridades y la comunidad para conservar el ambiente en \u00f3ptimas condiciones. Cabe destacar que quienes cuentan con este galard\u00f3n, deben seguir ejecutando practicas sostenibles, ya que dicho reconocimiento puede ser retirado durante los procesos de seguimiento.<\/p>\n<p style=\"text-align: justify;\">Previo a la entrega del galard\u00f3n Bandera Azul Ecol\u00f3gica, el ICF regal\u00f3 a todos los presentes un momento \u00fanico e inolvidable, al hacerlos parte de la liberaci\u00f3n de un zorro que hab\u00eda sido decomisado hace unos meses y fue devuelto a su habitad natural, siendo el Parque Nacional Monta\u00f1a de Celaque el lugar id\u00f3neo para este peque\u00f1o mam\u00edfero.<\/p>\n<p>Fuente: Diario Roat\u00e1n<\/p>\n<div class=\"sharedaddy sd-sharing-enabled\"><div class=\"robots-nocontent sd-block sd-social sd-social-icon sd-sharing\"><h3 class=\"sd-title\">Comparte esto:<\/h3><div class=\"sd-content\"><ul><li class=\"share-facebook\"><a rel=\"nofollow noopener noreferrer\" data-shared=\"sharing-facebook-22727\" class=\"share-facebook sd-button share-icon no-text\" href=\"http:\/\/www.hondurasensusmanos.com\/turismo\/el-parque-nacional-montana-de-celaque-pnmc-alcanza-el-galardon-bandera-azul-ecologica\/?share=facebook\" target=\"_blank\" title=\"Haz clic para compartir en Facebook\"><span><\/span><span class=\"sharing-screen-reader-text\">Haz clic para compartir en Facebook (Se abre en una ventana nueva)<\/span><\/a><\/li><li class=\"share-jetpack-whatsapp\"><a rel=\"nofollow noopener noreferrer\" data-shared=\"\" class=\"share-jetpack-whatsapp sd-button share-icon no-text\" href=\"http:\/\/www.hondurasensusmanos.com\/turismo\/el-parque-nacional-montana-de-celaque-pnmc-alcanza-el-galardon-bandera-azul-ecologica\/?share=jetpack-whatsapp\" target=\"_blank\" title=\"Haz clic para compartir en WhatsApp\"><span><\/span><span class=\"sharing-screen-reader-text\">Haz clic para compartir en WhatsApp (Se abre en una ventana nueva)<\/span><\/a><\/li><li class=\"share-twitter\"><a rel=\"nofollow noopener noreferrer\" data-shared=\"sharing-twitter-22727\" class=\"share-twitter sd-button share-icon no-text\" href=\"http:\/\/www.hondurasensusmanos.com\/turismo\/el-parque-nacional-montana-de-celaque-pnmc-alcanza-el-galardon-bandera-azul-ecologica\/?share=twitter\" target=\"_blank\" title=\"Haz clic para compartir en Twitter\"><span><\/span><span class=\"sharing-screen-reader-text\">Haz clic para compartir en Twitter (Se abre en una ventana nueva)<\/span><\/a><\/li><li class=\"share-tumblr\"><a rel=\"nofollow noopener noreferrer\" data-shared=\"\" class=\"share-tumblr sd-button share-icon no-text\" href=\"http:\/\/www.hondurasensusmanos.com\/turismo\/el-parque-nacional-montana-de-celaque-pnmc-alcanza-el-galardon-bandera-azul-ecologica\/?share=tumblr\" target=\"_blank\" title=\"Haz clic para compartir en Tumblr\"><span><\/span><span class=\"sharing-screen-reader-text\">Haz clic para compartir en Tumblr (Se abre en una ventana nueva)<\/span><\/a><\/li><li class=\"share-email\"><a rel=\"nofollow noopener noreferrer\" data-shared=\"\" class=\"share-email sd-button share-icon no-text\" href=\"http:\/\/www.hondurasensusmanos.com\/turismo\/el-parque-nacional-montana-de-celaque-pnmc-alcanza-el-galardon-bandera-azul-ecologica\/?share=email\" target=\"_blank\" title=\"Haz clic para enviar por correo electr\u00f3nico a un amigo\"><span><\/span><span class=\"sharing-screen-reader-text\">Haz clic para enviar por correo electr\u00f3nico a un amigo (Se abre en una ventana nueva)<\/span><\/a><\/li><li class=\"share-end\"><\/li><\/ul><\/div><\/div><\/div>","protected":false},"excerpt":{"rendered":"<p>22,08,2024 El Parque Nacional Monta\u00f1a de Celaque (PNMC) alcanza el galard\u00f3n Bandera Azul Ecol\u00f3gica, otorgado por el Instituto Hondure\u00f1o de Turismo (IHT), reconociendo los esfuerzos, acciones y buenas pr\u00e1cticas implementadas en pro del medio ambiente. Dicho evento cont\u00f3 con la participaci\u00f3n del viceministro de Turismo, Luis Ch\u00e9vez; el alcalde de Gracias, Lempira, Pedro Escalante; el &#8230;<\/p>\n<div class=\"sharedaddy sd-sharing-enabled\"><div class=\"robots-nocontent sd-block sd-social sd-social-icon sd-sharing\"><h3 class=\"sd-title\">Comparte esto:<\/h3><div class=\"sd-content\"><ul><li class=\"share-facebook\"><a rel=\"nofollow noopener noreferrer\" data-shared=\"sharing-facebook-22727\" class=\"share-facebook sd-button share-icon no-text\" href=\"http:\/\/www.hondurasensusmanos.com\/turismo\/el-parque-nacional-montana-de-celaque-pnmc-alcanza-el-galardon-bandera-azul-ecologica\/?share=facebook\" target=\"_blank\" title=\"Haz clic para compartir en Facebook\"><span><\/span><span class=\"sharing-screen-reader-text\">Haz clic para compartir en Facebook (Se abre en una ventana nueva)<\/span><\/a><\/li><li class=\"share-jetpack-whatsapp\"><a rel=\"nofollow noopener noreferrer\" data-shared=\"\" class=\"share-jetpack-whatsapp sd-button share-icon no-text\" href=\"http:\/\/www.hondurasensusmanos.com\/turismo\/el-parque-nacional-montana-de-celaque-pnmc-alcanza-el-galardon-bandera-azul-ecologica\/?share=jetpack-whatsapp\" target=\"_blank\" title=\"Haz clic para compartir en WhatsApp\"><span><\/span><span class=\"sharing-screen-reader-text\">Haz clic para compartir en WhatsApp (Se abre en una ventana nueva)<\/span><\/a><\/li><li class=\"share-twitter\"><a rel=\"nofollow noopener noreferrer\" data-shared=\"sharing-twitter-22727\" class=\"share-twitter sd-button share-icon no-text\" href=\"http:\/\/www.hondurasensusmanos.com\/turismo\/el-parque-nacional-montana-de-celaque-pnmc-alcanza-el-galardon-bandera-azul-ecologica\/?share=twitter\" target=\"_blank\" title=\"Haz clic para compartir en Twitter\"><span><\/span><span class=\"sharing-screen-reader-text\">Haz clic para compartir en Twitter (Se abre en una ventana nueva)<\/span><\/a><\/li><li class=\"share-tumblr\"><a rel=\"nofollow noopener noreferrer\" data-shared=\"\" class=\"share-tumblr sd-button share-icon no-text\" href=\"http:\/\/www.hondurasensusmanos.com\/turismo\/el-parque-nacional-montana-de-celaque-pnmc-alcanza-el-galardon-bandera-azul-ecologica\/?share=tumblr\" target=\"_blank\" title=\"Haz clic para compartir en Tumblr\"><span><\/span><span class=\"sharing-screen-reader-text\">Haz clic para compartir en Tumblr (Se abre en una ventana nueva)<\/span><\/a><\/li><li class=\"share-email\"><a rel=\"nofollow noopener noreferrer\" data-shared=\"\" class=\"share-email sd-button share-icon no-text\" href=\"http:\/\/www.hondurasensusmanos.com\/turismo\/el-parque-nacional-montana-de-celaque-pnmc-alcanza-el-galardon-bandera-azul-ecologica\/?share=email\" target=\"_blank\" title=\"Haz clic para enviar por correo electr\u00f3nico a un amigo\"><span><\/span><span class=\"sharing-screen-reader-text\">Haz clic para enviar por correo electr\u00f3nico a un amigo (Se abre en una ventana nueva)<\/span><\/a><\/li><li class=\"share-end\"><\/li><\/ul><\/div><\/div><\/div>","protected":false},"author":4,"featured_media":22728,"comment_status":"open","ping_status":"open","sticky":false,"template":"","format":"standard","meta":{"spay_email":"","jetpack_publicize_message":"","jetpack_is_tweetstorm":false},"categories":[28,63],"tags":[],"jetpack_featured_media_url":"http:\/\/www.hondurasensusmanos.com\/turismo\/wp-content\/uploads\/2024\/08\/Bandera-azul-750x430-1.png","jetpack_publicize_connections":[],"jetpack_sharing_enabled":true,"jetpack_shortlink":"https:\/\/wp.me\/p8AciD-5Uz","_links":{"self":[{"href":"http:\/\/www.hondurasensusmanos.com\/turismo\/wp-json\/wp\/v2\/posts\/22727"}],"collection":[{"href":"http:\/\/www.hondurasensusmanos.com\/turismo\/wp-json\/wp\/v2\/posts"}],"about":[{"href":"http:\/\/www.hondurasensusmanos.com\/turismo\/wp-json\/wp\/v2\/types\/post"}],"author":[{"embeddable":true,"href":"http:\/\/www.hondurasensusmanos.com\/turismo\/wp-json\/wp\/v2\/users\/4"}],"replies":[{"embeddable":true,"href":"http:\/\/www.hondurasensusmanos.com\/turismo\/wp-json\/wp\/v2\/comments?post=22727"}],"version-history":[{"count":1,"href":"http:\/\/www.hondurasensusmanos.com\/turismo\/wp-json\/wp\/v2\/posts\/22727\/revisions"}],"predecessor-version":[{"id":22729,"href":"http:\/\/www.hondurasensusmanos.com\/turismo\/wp-json\/wp\/v2\/posts\/22727\/revisions\/22729"}],"wp:featuredmedia":[{"embeddable":true,"href":"http:\/\/www.hondurasensusmanos.com\/turismo\/wp-json\/wp\/v2\/media\/22728"}],"wp:attachment":[{"href":"http:\/\/www.hondurasensusmanos.com\/turismo\/wp-json\/wp\/v2\/media?parent=22727"}],"wp:term":[{"taxonomy":"category","embeddable":true,"href":"http:\/\/www.hondurasensusmanos.com\/turismo\/wp-json\/wp\/v2\/categories?post=22727"},{"taxonomy":"post_tag","embeddable":true,"href":"http:\/\/www.hondurasensusmanos.com\/turismo\/wp-json\/wp\/v2\/tags?post=22727"}],"curies":[{"name":"wp","href":"https:\/\/api.w.org\/{rel}","templated":true}]}}