{"id":23450,"date":"2026-01-24T05:54:23","date_gmt":"2026-01-23T18:24:23","guid":{"rendered":"https:\/\/www.hondurasensusmanos.com\/turismo\/?p=23450"},"modified":"2026-01-10T16:59:00","modified_gmt":"2026-01-10T05:29:00","slug":"el-14-de-enero-de-1859-se-le-concedio-el-rango-de-municipio-bajo-el-nombre-de-san-sebastian-en-ese-tiempo-pertenecia-al-departamento-de-la-paz-pero-en-el-ano-1877-paso-a-formar-parte-del-departament","status":"publish","type":"post","link":"http:\/\/www.hondurasensusmanos.com\/turismo\/el-14-de-enero-de-1859-se-le-concedio-el-rango-de-municipio-bajo-el-nombre-de-san-sebastian-en-ese-tiempo-pertenecia-al-departamento-de-la-paz-pero-en-el-ano-1877-paso-a-formar-parte-del-departament\/","title":{"rendered":"El 14 de enero de 1859 se le concedi\u00f3 el rango de municipio bajo el nombre de San Sebasti\u00e1n."},"content":{"rendered":"<p>23.01,2024<\/p>\n<p><img loading=\"lazy\" class=\"attachment-post-thumbnail size-post-thumbnail wp-post-image lazyloaded\" src=\"https:\/\/www.honduras.com\/wp-content\/uploads\/2023\/01\/festival-en-san-sebastian.jpg\" sizes=\"(max-width: 1840px) 100vw, 1840px\" srcset=\"https:\/\/www.honduras.com\/wp-content\/uploads\/2023\/01\/festival-en-san-sebastian.jpg 1840w, https:\/\/www.honduras.com\/wp-content\/uploads\/2023\/01\/festival-en-san-sebastian-300x169.jpg 300w, https:\/\/www.honduras.com\/wp-content\/uploads\/2023\/01\/festival-en-san-sebastian-1024x576.jpg 1024w, https:\/\/www.honduras.com\/wp-content\/uploads\/2023\/01\/festival-en-san-sebastian-768x432.jpg 768w, https:\/\/www.honduras.com\/wp-content\/uploads\/2023\/01\/festival-en-san-sebastian-1536x864.jpg 1536w, https:\/\/www.honduras.com\/wp-content\/uploads\/2023\/01\/festival-en-san-sebastian-800x450.jpg 800w, https:\/\/www.honduras.com\/wp-content\/uploads\/2023\/01\/festival-en-san-sebastian-150x84.jpg 150w\" alt=\"Feria de cultura y tradiciones San Sebasti\u00e1n en Gracias, Lempira\" width=\"1840\" height=\"1035\" data-srcset=\"https:\/\/www.honduras.com\/wp-content\/uploads\/2023\/01\/festival-en-san-sebastian.jpg 1840w, https:\/\/www.honduras.com\/wp-content\/uploads\/2023\/01\/festival-en-san-sebastian-300x169.jpg 300w, https:\/\/www.honduras.com\/wp-content\/uploads\/2023\/01\/festival-en-san-sebastian-1024x576.jpg 1024w, https:\/\/www.honduras.com\/wp-content\/uploads\/2023\/01\/festival-en-san-sebastian-768x432.jpg 768w, https:\/\/www.honduras.com\/wp-content\/uploads\/2023\/01\/festival-en-san-sebastian-1536x864.jpg 1536w, https:\/\/www.honduras.com\/wp-content\/uploads\/2023\/01\/festival-en-san-sebastian-800x450.jpg 800w, https:\/\/www.honduras.com\/wp-content\/uploads\/2023\/01\/festival-en-san-sebastian-150x84.jpg 150w\" data-src=\"https:\/\/www.honduras.com\/wp-content\/uploads\/2023\/01\/festival-en-san-sebastian.jpg\" data-sizes=\"(max-width: 1840px) 100vw, 1840px\" \/><\/p>\n<p>El 14 de enero de 1859 se le concedi\u00f3 el rango de municipio bajo el nombre de San Sebasti\u00e1n. En ese tiempo pertenec\u00eda al departamento de La Paz, pero en el a\u00f1o 1877 pas\u00f3 a formar parte del departamento de Comayagua.\u00a0<b>Su feria patronal es el d\u00eda 20 de enero en honor a Sebasti\u00e1n de Mil\u00e1n<\/b><\/p>\n<div class=\"sharedaddy sd-sharing-enabled\"><div class=\"robots-nocontent sd-block sd-social sd-social-icon sd-sharing\"><h3 class=\"sd-title\">Comparte esto:<\/h3><div class=\"sd-content\"><ul><li class=\"share-facebook\"><a rel=\"nofollow noopener noreferrer\" data-shared=\"sharing-facebook-23450\" class=\"share-facebook sd-button share-icon no-text\" href=\"http:\/\/www.hondurasensusmanos.com\/turismo\/el-14-de-enero-de-1859-se-le-concedio-el-rango-de-municipio-bajo-el-nombre-de-san-sebastian-en-ese-tiempo-pertenecia-al-departamento-de-la-paz-pero-en-el-ano-1877-paso-a-formar-parte-del-departament\/?share=facebook\" target=\"_blank\" title=\"Haz clic para compartir en Facebook\"><span><\/span><span class=\"sharing-screen-reader-text\">Haz clic para compartir en Facebook (Se abre en una ventana nueva)<\/span><\/a><\/li><li class=\"share-jetpack-whatsapp\"><a rel=\"nofollow noopener noreferrer\" data-shared=\"\" class=\"share-jetpack-whatsapp sd-button share-icon no-text\" href=\"http:\/\/www.hondurasensusmanos.com\/turismo\/el-14-de-enero-de-1859-se-le-concedio-el-rango-de-municipio-bajo-el-nombre-de-san-sebastian-en-ese-tiempo-pertenecia-al-departamento-de-la-paz-pero-en-el-ano-1877-paso-a-formar-parte-del-departament\/?share=jetpack-whatsapp\" target=\"_blank\" title=\"Haz clic para compartir en WhatsApp\"><span><\/span><span class=\"sharing-screen-reader-text\">Haz clic para compartir en WhatsApp (Se abre en una ventana nueva)<\/span><\/a><\/li><li class=\"share-twitter\"><a rel=\"nofollow noopener noreferrer\" data-shared=\"sharing-twitter-23450\" class=\"share-twitter sd-button share-icon no-text\" href=\"http:\/\/www.hondurasensusmanos.com\/turismo\/el-14-de-enero-de-1859-se-le-concedio-el-rango-de-municipio-bajo-el-nombre-de-san-sebastian-en-ese-tiempo-pertenecia-al-departamento-de-la-paz-pero-en-el-ano-1877-paso-a-formar-parte-del-departament\/?share=twitter\" target=\"_blank\" title=\"Haz clic para compartir en Twitter\"><span><\/span><span class=\"sharing-screen-reader-text\">Haz clic para compartir en Twitter (Se abre en una ventana nueva)<\/span><\/a><\/li><li class=\"share-tumblr\"><a rel=\"nofollow noopener noreferrer\" data-shared=\"\" class=\"share-tumblr sd-button share-icon no-text\" href=\"http:\/\/www.hondurasensusmanos.com\/turismo\/el-14-de-enero-de-1859-se-le-concedio-el-rango-de-municipio-bajo-el-nombre-de-san-sebastian-en-ese-tiempo-pertenecia-al-departamento-de-la-paz-pero-en-el-ano-1877-paso-a-formar-parte-del-departament\/?share=tumblr\" target=\"_blank\" title=\"Haz clic para compartir en Tumblr\"><span><\/span><span class=\"sharing-screen-reader-text\">Haz clic para compartir en Tumblr (Se abre en una ventana nueva)<\/span><\/a><\/li><li class=\"share-email\"><a rel=\"nofollow noopener noreferrer\" data-shared=\"\" class=\"share-email sd-button share-icon no-text\" href=\"http:\/\/www.hondurasensusmanos.com\/turismo\/el-14-de-enero-de-1859-se-le-concedio-el-rango-de-municipio-bajo-el-nombre-de-san-sebastian-en-ese-tiempo-pertenecia-al-departamento-de-la-paz-pero-en-el-ano-1877-paso-a-formar-parte-del-departament\/?share=email\" target=\"_blank\" title=\"Haz clic para enviar por correo electr\u00f3nico a un amigo\"><span><\/span><span class=\"sharing-screen-reader-text\">Haz clic para enviar por correo electr\u00f3nico a un amigo (Se abre en una ventana nueva)<\/span><\/a><\/li><li class=\"share-end\"><\/li><\/ul><\/div><\/div><\/div>","protected":false},"excerpt":{"rendered":"<p>23.01,2024 El 14 de enero de 1859 se le concedi\u00f3 el rango de municipio bajo el nombre de San Sebasti\u00e1n. En ese tiempo pertenec\u00eda al departamento de La Paz, pero en el a\u00f1o 1877 pas\u00f3 a formar parte del departamento de Comayagua.\u00a0Su feria patronal es el d\u00eda 20 de enero en honor a Sebasti\u00e1n de &#8230;<\/p>\n<div class=\"sharedaddy sd-sharing-enabled\"><div class=\"robots-nocontent sd-block sd-social sd-social-icon sd-sharing\"><h3 class=\"sd-title\">Comparte esto:<\/h3><div class=\"sd-content\"><ul><li class=\"share-facebook\"><a rel=\"nofollow noopener noreferrer\" data-shared=\"sharing-facebook-23450\" class=\"share-facebook sd-button share-icon no-text\" href=\"http:\/\/www.hondurasensusmanos.com\/turismo\/el-14-de-enero-de-1859-se-le-concedio-el-rango-de-municipio-bajo-el-nombre-de-san-sebastian-en-ese-tiempo-pertenecia-al-departamento-de-la-paz-pero-en-el-ano-1877-paso-a-formar-parte-del-departament\/?share=facebook\" target=\"_blank\" title=\"Haz clic para compartir en Facebook\"><span><\/span><span class=\"sharing-screen-reader-text\">Haz clic para compartir en Facebook (Se abre en una ventana nueva)<\/span><\/a><\/li><li class=\"share-jetpack-whatsapp\"><a rel=\"nofollow noopener noreferrer\" data-shared=\"\" class=\"share-jetpack-whatsapp sd-button share-icon no-text\" href=\"http:\/\/www.hondurasensusmanos.com\/turismo\/el-14-de-enero-de-1859-se-le-concedio-el-rango-de-municipio-bajo-el-nombre-de-san-sebastian-en-ese-tiempo-pertenecia-al-departamento-de-la-paz-pero-en-el-ano-1877-paso-a-formar-parte-del-departament\/?share=jetpack-whatsapp\" target=\"_blank\" title=\"Haz clic para compartir en WhatsApp\"><span><\/span><span class=\"sharing-screen-reader-text\">Haz clic para compartir en WhatsApp (Se abre en una ventana nueva)<\/span><\/a><\/li><li class=\"share-twitter\"><a rel=\"nofollow noopener noreferrer\" data-shared=\"sharing-twitter-23450\" class=\"share-twitter sd-button share-icon no-text\" href=\"http:\/\/www.hondurasensusmanos.com\/turismo\/el-14-de-enero-de-1859-se-le-concedio-el-rango-de-municipio-bajo-el-nombre-de-san-sebastian-en-ese-tiempo-pertenecia-al-departamento-de-la-paz-pero-en-el-ano-1877-paso-a-formar-parte-del-departament\/?share=twitter\" target=\"_blank\" title=\"Haz clic para compartir en Twitter\"><span><\/span><span class=\"sharing-screen-reader-text\">Haz clic para compartir en Twitter (Se abre en una ventana nueva)<\/span><\/a><\/li><li class=\"share-tumblr\"><a rel=\"nofollow noopener noreferrer\" data-shared=\"\" class=\"share-tumblr sd-button share-icon no-text\" href=\"http:\/\/www.hondurasensusmanos.com\/turismo\/el-14-de-enero-de-1859-se-le-concedio-el-rango-de-municipio-bajo-el-nombre-de-san-sebastian-en-ese-tiempo-pertenecia-al-departamento-de-la-paz-pero-en-el-ano-1877-paso-a-formar-parte-del-departament\/?share=tumblr\" target=\"_blank\" title=\"Haz clic para compartir en Tumblr\"><span><\/span><span class=\"sharing-screen-reader-text\">Haz clic para compartir en Tumblr (Se abre en una ventana nueva)<\/span><\/a><\/li><li class=\"share-email\"><a rel=\"nofollow noopener noreferrer\" data-shared=\"\" class=\"share-email sd-button share-icon no-text\" href=\"http:\/\/www.hondurasensusmanos.com\/turismo\/el-14-de-enero-de-1859-se-le-concedio-el-rango-de-municipio-bajo-el-nombre-de-san-sebastian-en-ese-tiempo-pertenecia-al-departamento-de-la-paz-pero-en-el-ano-1877-paso-a-formar-parte-del-departament\/?share=email\" target=\"_blank\" title=\"Haz clic para enviar por correo electr\u00f3nico a un amigo\"><span><\/span><span class=\"sharing-screen-reader-text\">Haz clic para enviar por correo electr\u00f3nico a un amigo (Se abre en una ventana nueva)<\/span><\/a><\/li><li class=\"share-end\"><\/li><\/ul><\/div><\/div><\/div>","protected":false},"author":4,"featured_media":23451,"comment_status":"open","ping_status":"open","sticky":false,"template":"","format":"standard","meta":{"spay_email":"","jetpack_publicize_message":"","jetpack_is_tweetstorm":false},"categories":[65,60],"tags":[],"jetpack_featured_media_url":"http:\/\/www.hondurasensusmanos.com\/turismo\/wp-content\/uploads\/2025\/01\/san-sebastian-1.jpg","jetpack_publicize_connections":[],"jetpack_sharing_enabled":true,"jetpack_shortlink":"https:\/\/wp.me\/p8AciD-66e","_links":{"self":[{"href":"http:\/\/www.hondurasensusmanos.com\/turismo\/wp-json\/wp\/v2\/posts\/23450"}],"collection":[{"href":"http:\/\/www.hondurasensusmanos.com\/turismo\/wp-json\/wp\/v2\/posts"}],"about":[{"href":"http:\/\/www.hondurasensusmanos.com\/turismo\/wp-json\/wp\/v2\/types\/post"}],"author":[{"embeddable":true,"href":"http:\/\/www.hondurasensusmanos.com\/turismo\/wp-json\/wp\/v2\/users\/4"}],"replies":[{"embeddable":true,"href":"http:\/\/www.hondurasensusmanos.com\/turismo\/wp-json\/wp\/v2\/comments?post=23450"}],"version-history":[{"count":2,"href":"http:\/\/www.hondurasensusmanos.com\/turismo\/wp-json\/wp\/v2\/posts\/23450\/revisions"}],"predecessor-version":[{"id":23474,"href":"http:\/\/www.hondurasensusmanos.com\/turismo\/wp-json\/wp\/v2\/posts\/23450\/revisions\/23474"}],"wp:featuredmedia":[{"embeddable":true,"href":"http:\/\/www.hondurasensusmanos.com\/turismo\/wp-json\/wp\/v2\/media\/23451"}],"wp:attachment":[{"href":"http:\/\/www.hondurasensusmanos.com\/turismo\/wp-json\/wp\/v2\/media?parent=23450"}],"wp:term":[{"taxonomy":"category","embeddable":true,"href":"http:\/\/www.hondurasensusmanos.com\/turismo\/wp-json\/wp\/v2\/categories?post=23450"},{"taxonomy":"post_tag","embeddable":true,"href":"http:\/\/www.hondurasensusmanos.com\/turismo\/wp-json\/wp\/v2\/tags?post=23450"}],"curies":[{"name":"wp","href":"https:\/\/api.w.org\/{rel}","templated":true}]}}