{"id":23900,"date":"2025-07-24T02:30:39","date_gmt":"2025-07-23T15:00:39","guid":{"rendered":"https:\/\/www.hondurasensusmanos.com\/turismo\/?p=23900"},"modified":"2025-07-24T02:41:06","modified_gmt":"2025-07-23T15:11:06","slug":"marcala-celebrara-la-identidad-y-el-talento-local-con-la-expo-marcala-2025","status":"publish","type":"post","link":"http:\/\/www.hondurasensusmanos.com\/turismo\/marcala-celebrara-la-identidad-y-el-talento-local-con-la-expo-marcala-2025\/","title":{"rendered":"Marcala celebrar\u00e1 la identidad y el talento local con la Expo Marcala 2025"},"content":{"rendered":"<p>23.07.2025<\/p>\n<p><a class=\"post-thumbnail open-lightbox\" href=\"https:\/\/diarioroatan.com\/wp-content\/uploads\/2025\/07\/image-642.png\" rel=\"prettyPhoto\"><img loading=\"lazy\" class=\"b-loaded\" src=\"https:\/\/diarioroatan.com\/wp-content\/uploads\/2025\/07\/image-642-750x430.png\" alt=\"\" width=\"750\" height=\"430\" \/><\/a><\/p>\n<p>Del 15 al 17 de agosto, Marcala vivir\u00e1 una celebraci\u00f3n especial con la Expo Marcala 2025, un evento que destaca la riqueza cultural, gastron\u00f3mica y empresarial de esta regi\u00f3n emblem\u00e1tica de Honduras. Organizado por el OGD Ruta Lenca Maya, este encuentro se ha consolidado como una plataforma importante para mostrar el talento local y promover el desarrollo econ\u00f3mico a trav\u00e9s del emprendimiento.<\/p>\n<p>Durante tres d\u00edas, visitantes y residentes podr\u00e1n disfrutar de una oferta diversa que incluye desde la degustaci\u00f3n de sabores aut\u00e9nticos de la gastronom\u00eda tradicional, hasta presentaciones art\u00edsticas y musicales que reflejan la identidad y creatividad de Marcala. La Expo tambi\u00e9n es una oportunidad para que productores y emprendedores locales conecten directamente con el p\u00fablico, fortaleciendo las cadenas productivas y promoviendo el consumo de productos nacionales.<\/p>\n<p>La Expo Marcala 2025 busca no solo celebrar la cultura y el talento, sino tambi\u00e9n fomentar el crecimiento sostenible de las empresas locales, generando impacto positivo en la econom\u00eda regional. El evento se perfila como una vitrina para que los emprendedores exhiban sus productos y servicios, adem\u00e1s de establecer alianzas y ampliar sus mercados.<\/p>\n<p>Autoridades y organizadores invitan a toda la poblaci\u00f3n a ser parte de esta experiencia \u00fanica que combina tradici\u00f3n, innovaci\u00f3n y desarrollo econ\u00f3mico.<\/p>\n<p>No te pierdas esta gran fiesta cultural y empresarial del 15 al 17 de agosto en Marcala, La Paz. \u00a1Vive la Expo Marcala 2025 y apoya lo nuestro!<\/p>\n<p>Diario Roat\u00e1n<\/p>\n<div class=\"sharedaddy sd-sharing-enabled\"><div class=\"robots-nocontent sd-block sd-social sd-social-icon sd-sharing\"><h3 class=\"sd-title\">Comparte esto:<\/h3><div class=\"sd-content\"><ul><li class=\"share-facebook\"><a rel=\"nofollow noopener noreferrer\" data-shared=\"sharing-facebook-23900\" class=\"share-facebook sd-button share-icon no-text\" href=\"http:\/\/www.hondurasensusmanos.com\/turismo\/marcala-celebrara-la-identidad-y-el-talento-local-con-la-expo-marcala-2025\/?share=facebook\" target=\"_blank\" title=\"Haz clic para compartir en Facebook\"><span><\/span><span class=\"sharing-screen-reader-text\">Haz clic para compartir en Facebook (Se abre en una ventana nueva)<\/span><\/a><\/li><li class=\"share-jetpack-whatsapp\"><a rel=\"nofollow noopener noreferrer\" data-shared=\"\" class=\"share-jetpack-whatsapp sd-button share-icon no-text\" href=\"http:\/\/www.hondurasensusmanos.com\/turismo\/marcala-celebrara-la-identidad-y-el-talento-local-con-la-expo-marcala-2025\/?share=jetpack-whatsapp\" target=\"_blank\" title=\"Haz clic para compartir en WhatsApp\"><span><\/span><span class=\"sharing-screen-reader-text\">Haz clic para compartir en WhatsApp (Se abre en una ventana nueva)<\/span><\/a><\/li><li class=\"share-twitter\"><a rel=\"nofollow noopener noreferrer\" data-shared=\"sharing-twitter-23900\" class=\"share-twitter sd-button share-icon no-text\" href=\"http:\/\/www.hondurasensusmanos.com\/turismo\/marcala-celebrara-la-identidad-y-el-talento-local-con-la-expo-marcala-2025\/?share=twitter\" target=\"_blank\" title=\"Haz clic para compartir en Twitter\"><span><\/span><span class=\"sharing-screen-reader-text\">Haz clic para compartir en Twitter (Se abre en una ventana nueva)<\/span><\/a><\/li><li class=\"share-tumblr\"><a rel=\"nofollow noopener noreferrer\" data-shared=\"\" class=\"share-tumblr sd-button share-icon no-text\" href=\"http:\/\/www.hondurasensusmanos.com\/turismo\/marcala-celebrara-la-identidad-y-el-talento-local-con-la-expo-marcala-2025\/?share=tumblr\" target=\"_blank\" title=\"Haz clic para compartir en Tumblr\"><span><\/span><span class=\"sharing-screen-reader-text\">Haz clic para compartir en Tumblr (Se abre en una ventana nueva)<\/span><\/a><\/li><li class=\"share-email\"><a rel=\"nofollow noopener noreferrer\" data-shared=\"\" class=\"share-email sd-button share-icon no-text\" href=\"http:\/\/www.hondurasensusmanos.com\/turismo\/marcala-celebrara-la-identidad-y-el-talento-local-con-la-expo-marcala-2025\/?share=email\" target=\"_blank\" title=\"Haz clic para enviar por correo electr\u00f3nico a un amigo\"><span><\/span><span class=\"sharing-screen-reader-text\">Haz clic para enviar por correo electr\u00f3nico a un amigo (Se abre en una ventana nueva)<\/span><\/a><\/li><li class=\"share-end\"><\/li><\/ul><\/div><\/div><\/div>","protected":false},"excerpt":{"rendered":"<p>23.07.2025 Del 15 al 17 de agosto, Marcala vivir\u00e1 una celebraci\u00f3n especial con la Expo Marcala 2025, un evento que destaca la riqueza cultural, gastron\u00f3mica y empresarial de esta regi\u00f3n emblem\u00e1tica de Honduras. Organizado por el OGD Ruta Lenca Maya, este encuentro se ha consolidado como una plataforma importante para mostrar el talento local y &#8230;<\/p>\n<div class=\"sharedaddy sd-sharing-enabled\"><div class=\"robots-nocontent sd-block sd-social sd-social-icon sd-sharing\"><h3 class=\"sd-title\">Comparte esto:<\/h3><div class=\"sd-content\"><ul><li class=\"share-facebook\"><a rel=\"nofollow noopener noreferrer\" data-shared=\"sharing-facebook-23900\" class=\"share-facebook sd-button share-icon no-text\" href=\"http:\/\/www.hondurasensusmanos.com\/turismo\/marcala-celebrara-la-identidad-y-el-talento-local-con-la-expo-marcala-2025\/?share=facebook\" target=\"_blank\" title=\"Haz clic para compartir en Facebook\"><span><\/span><span class=\"sharing-screen-reader-text\">Haz clic para compartir en Facebook (Se abre en una ventana nueva)<\/span><\/a><\/li><li class=\"share-jetpack-whatsapp\"><a rel=\"nofollow noopener noreferrer\" data-shared=\"\" class=\"share-jetpack-whatsapp sd-button share-icon no-text\" href=\"http:\/\/www.hondurasensusmanos.com\/turismo\/marcala-celebrara-la-identidad-y-el-talento-local-con-la-expo-marcala-2025\/?share=jetpack-whatsapp\" target=\"_blank\" title=\"Haz clic para compartir en WhatsApp\"><span><\/span><span class=\"sharing-screen-reader-text\">Haz clic para compartir en WhatsApp (Se abre en una ventana nueva)<\/span><\/a><\/li><li class=\"share-twitter\"><a rel=\"nofollow noopener noreferrer\" data-shared=\"sharing-twitter-23900\" class=\"share-twitter sd-button share-icon no-text\" href=\"http:\/\/www.hondurasensusmanos.com\/turismo\/marcala-celebrara-la-identidad-y-el-talento-local-con-la-expo-marcala-2025\/?share=twitter\" target=\"_blank\" title=\"Haz clic para compartir en Twitter\"><span><\/span><span class=\"sharing-screen-reader-text\">Haz clic para compartir en Twitter (Se abre en una ventana nueva)<\/span><\/a><\/li><li class=\"share-tumblr\"><a rel=\"nofollow noopener noreferrer\" data-shared=\"\" class=\"share-tumblr sd-button share-icon no-text\" href=\"http:\/\/www.hondurasensusmanos.com\/turismo\/marcala-celebrara-la-identidad-y-el-talento-local-con-la-expo-marcala-2025\/?share=tumblr\" target=\"_blank\" title=\"Haz clic para compartir en Tumblr\"><span><\/span><span class=\"sharing-screen-reader-text\">Haz clic para compartir en Tumblr (Se abre en una ventana nueva)<\/span><\/a><\/li><li class=\"share-email\"><a rel=\"nofollow noopener noreferrer\" data-shared=\"\" class=\"share-email sd-button share-icon no-text\" href=\"http:\/\/www.hondurasensusmanos.com\/turismo\/marcala-celebrara-la-identidad-y-el-talento-local-con-la-expo-marcala-2025\/?share=email\" target=\"_blank\" title=\"Haz clic para enviar por correo electr\u00f3nico a un amigo\"><span><\/span><span class=\"sharing-screen-reader-text\">Haz clic para enviar por correo electr\u00f3nico a un amigo (Se abre en una ventana nueva)<\/span><\/a><\/li><li class=\"share-end\"><\/li><\/ul><\/div><\/div><\/div>","protected":false},"author":4,"featured_media":23909,"comment_status":"open","ping_status":"open","sticky":false,"template":"","format":"standard","meta":{"spay_email":"","jetpack_publicize_message":"","jetpack_is_tweetstorm":false},"categories":[28,60,63],"tags":[],"jetpack_featured_media_url":"http:\/\/www.hondurasensusmanos.com\/turismo\/wp-content\/uploads\/2025\/07\/image-642-750x430-3.png","jetpack_publicize_connections":[],"jetpack_sharing_enabled":true,"jetpack_shortlink":"https:\/\/wp.me\/p8AciD-6du","_links":{"self":[{"href":"http:\/\/www.hondurasensusmanos.com\/turismo\/wp-json\/wp\/v2\/posts\/23900"}],"collection":[{"href":"http:\/\/www.hondurasensusmanos.com\/turismo\/wp-json\/wp\/v2\/posts"}],"about":[{"href":"http:\/\/www.hondurasensusmanos.com\/turismo\/wp-json\/wp\/v2\/types\/post"}],"author":[{"embeddable":true,"href":"http:\/\/www.hondurasensusmanos.com\/turismo\/wp-json\/wp\/v2\/users\/4"}],"replies":[{"embeddable":true,"href":"http:\/\/www.hondurasensusmanos.com\/turismo\/wp-json\/wp\/v2\/comments?post=23900"}],"version-history":[{"count":1,"href":"http:\/\/www.hondurasensusmanos.com\/turismo\/wp-json\/wp\/v2\/posts\/23900\/revisions"}],"predecessor-version":[{"id":23901,"href":"http:\/\/www.hondurasensusmanos.com\/turismo\/wp-json\/wp\/v2\/posts\/23900\/revisions\/23901"}],"wp:featuredmedia":[{"embeddable":true,"href":"http:\/\/www.hondurasensusmanos.com\/turismo\/wp-json\/wp\/v2\/media\/23909"}],"wp:attachment":[{"href":"http:\/\/www.hondurasensusmanos.com\/turismo\/wp-json\/wp\/v2\/media?parent=23900"}],"wp:term":[{"taxonomy":"category","embeddable":true,"href":"http:\/\/www.hondurasensusmanos.com\/turismo\/wp-json\/wp\/v2\/categories?post=23900"},{"taxonomy":"post_tag","embeddable":true,"href":"http:\/\/www.hondurasensusmanos.com\/turismo\/wp-json\/wp\/v2\/tags?post=23900"}],"curies":[{"name":"wp","href":"https:\/\/api.w.org\/{rel}","templated":true}]}}