{"id":24224,"date":"2025-09-04T07:51:01","date_gmt":"2025-09-03T20:21:01","guid":{"rendered":"https:\/\/www.hondurasensusmanos.com\/turismo\/?p=24224"},"modified":"2025-09-04T07:51:01","modified_gmt":"2025-09-03T20:21:01","slug":"el-teatro-de-titeres-cobra-vida-en-el-xiii-festanad","status":"publish","type":"post","link":"http:\/\/www.hondurasensusmanos.com\/turismo\/el-teatro-de-titeres-cobra-vida-en-el-xiii-festanad\/","title":{"rendered":"El teatro de t\u00edteres cobra vida en el XIII FESTANAD"},"content":{"rendered":"<p data-start=\"195\" data-end=\"587\"><a href=\"http:\/\/www.hondurasensusmanos.com\/turismo\/wp-content\/uploads\/2025\/09\/515441657_10161720800777227_8327204073258058429_n.jpg\"><img loading=\"lazy\" class=\"alignnone size-medium wp-image-24225\" src=\"http:\/\/www.hondurasensusmanos.com\/turismo\/wp-content\/uploads\/2025\/09\/515441657_10161720800777227_8327204073258058429_n-240x300.jpg\" alt=\"\" width=\"240\" height=\"300\" srcset=\"http:\/\/www.hondurasensusmanos.com\/turismo\/wp-content\/uploads\/2025\/09\/515441657_10161720800777227_8327204073258058429_n-240x300.jpg 240w, http:\/\/www.hondurasensusmanos.com\/turismo\/wp-content\/uploads\/2025\/09\/515441657_10161720800777227_8327204073258058429_n.jpg 720w\" sizes=\"(max-width: 240px) 100vw, 240px\" \/> <\/a><a href=\"http:\/\/www.hondurasensusmanos.com\/turismo\/wp-content\/uploads\/2025\/09\/541135073_10161720800852227_3772784811104722156_n.jpg\"><img loading=\"lazy\" class=\"alignnone size-medium wp-image-24226\" src=\"http:\/\/www.hondurasensusmanos.com\/turismo\/wp-content\/uploads\/2025\/09\/541135073_10161720800852227_3772784811104722156_n-240x300.jpg\" alt=\"\" width=\"240\" height=\"300\" srcset=\"http:\/\/www.hondurasensusmanos.com\/turismo\/wp-content\/uploads\/2025\/09\/541135073_10161720800852227_3772784811104722156_n-240x300.jpg 240w, http:\/\/www.hondurasensusmanos.com\/turismo\/wp-content\/uploads\/2025\/09\/541135073_10161720800852227_3772784811104722156_n.jpg 720w\" sizes=\"(max-width: 240px) 100vw, 240px\" \/><\/a><\/p>\n<p data-start=\"195\" data-end=\"587\">El arte esc\u00e9nico dirigido a la ni\u00f1ez vuelve a tomar protagonismo con la celebraci\u00f3n del <strong data-start=\"300\" data-end=\"317\">XIII FESTANAD<\/strong> (Festival Nacional de Teatro para la Ni\u00f1ez y Adolescencia), bajo el lema <strong data-start=\"391\" data-end=\"424\">\u201c\u00a1Lleva a un ni\u00f1@ al teatro!\u201d<\/strong>. Del <strong data-start=\"430\" data-end=\"454\">1 al 6 de septiembre<\/strong>, diversas actividades art\u00edsticas se desarrollan con el objetivo de fomentar el amor por el teatro desde las primeras etapas de vida.<\/p>\n<p data-start=\"589\" data-end=\"993\">Entre los eventos destacados del <strong data-start=\"622\" data-end=\"648\">jueves 4 de septiembre<\/strong>, se encuentra el conversatorio titulado <strong data-start=\"689\" data-end=\"755\">\u201cEl teatro de t\u00edteres en Honduras: una aproximaci\u00f3n hist\u00f3rica\u201d<\/strong>, a cargo del reconocido artista <strong data-start=\"788\" data-end=\"804\">Danilo Lagos<\/strong>. La actividad se desarrollar\u00e1 de <strong data-start=\"838\" data-end=\"863\">7:00 p.m. a 8:00 p.m.<\/strong> en las instalaciones de <strong data-start=\"888\" data-end=\"896\">ANAD<\/strong>, ubicadas en la colonia San \u00c1ngel, frente a la Iglesia Cat\u00f3lica \u201cNuestra Se\u00f1ora de los \u00c1ngeles\u201d.<\/p>\n<p data-start=\"995\" data-end=\"1251\">Este conversatorio forma parte del <strong data-start=\"1030\" data-end=\"1072\">I Encuentro de Titiriter@s en Honduras<\/strong>, y busca reflexionar sobre el papel hist\u00f3rico de los t\u00edteres en la cultura hondure\u00f1a, desde sus or\u00edgenes hasta su proyecci\u00f3n contempor\u00e1nea como herramienta art\u00edstica y educativa.<\/p>\n<p data-start=\"1253\" data-end=\"1640\">Ese mismo d\u00eda por la ma\u00f1ana, el <strong data-start=\"1285\" data-end=\"1308\">Grupo Teatral Bamb\u00fa<\/strong> presentar\u00e1 la obra <strong data-start=\"1328\" data-end=\"1368\">\u201cLas aventuras del payasito Plumita\u201d<\/strong>, una divertida propuesta de <strong data-start=\"1397\" data-end=\"1418\">teatro de objetos<\/strong> dirigida al p\u00fablico infantil. La funci\u00f3n se llevar\u00e1 a cabo en la <strong data-start=\"1484\" data-end=\"1503\">sala del PPICPU<\/strong> de <strong data-start=\"1507\" data-end=\"1534\">10:30 a.m. a 11:30 a.m.<\/strong>, y promete risas, aprendizaje y creatividad a trav\u00e9s de elementos cotidianos transformados en personajes.<\/p>\n<p data-start=\"1642\" data-end=\"1950\">El <strong data-start=\"1645\" data-end=\"1662\">XIII FESTANAD<\/strong> es una iniciativa impulsada por la <strong data-start=\"1698\" data-end=\"1738\">Direcci\u00f3n General de Cultura y Artes<\/strong>, la <strong data-start=\"1743\" data-end=\"1754\">SECAPPH<\/strong>, el <strong data-start=\"1759\" data-end=\"1769\">PPICPU<\/strong>, la <strong data-start=\"1774\" data-end=\"1782\">ANAD<\/strong>, y cuenta con el respaldo de la <strong data-start=\"1815\" data-end=\"1824\">AECID<\/strong> y otros organismos culturales, que juntos reafirman su compromiso con la promoci\u00f3n del arte para ni\u00f1as, ni\u00f1os y adolescentes.<\/p>\n<p data-start=\"1952\" data-end=\"2216\">Con un enfoque l\u00fadico, educativo y participativo, el festival busca no solo entretener, sino tambi\u00e9n sensibilizar sobre la importancia de las artes esc\u00e9nicas en la formaci\u00f3n de nuevas generaciones con pensamiento cr\u00edtico, sensibilidad social y amor por la cultura.<\/p>\n<div class=\"sharedaddy sd-sharing-enabled\"><div class=\"robots-nocontent sd-block sd-social sd-social-icon sd-sharing\"><h3 class=\"sd-title\">Comparte esto:<\/h3><div class=\"sd-content\"><ul><li class=\"share-facebook\"><a rel=\"nofollow noopener noreferrer\" data-shared=\"sharing-facebook-24224\" class=\"share-facebook sd-button share-icon no-text\" href=\"http:\/\/www.hondurasensusmanos.com\/turismo\/el-teatro-de-titeres-cobra-vida-en-el-xiii-festanad\/?share=facebook\" target=\"_blank\" title=\"Haz clic para compartir en Facebook\"><span><\/span><span class=\"sharing-screen-reader-text\">Haz clic para compartir en Facebook (Se abre en una ventana nueva)<\/span><\/a><\/li><li class=\"share-jetpack-whatsapp\"><a rel=\"nofollow noopener noreferrer\" data-shared=\"\" class=\"share-jetpack-whatsapp sd-button share-icon no-text\" href=\"http:\/\/www.hondurasensusmanos.com\/turismo\/el-teatro-de-titeres-cobra-vida-en-el-xiii-festanad\/?share=jetpack-whatsapp\" target=\"_blank\" title=\"Haz clic para compartir en WhatsApp\"><span><\/span><span class=\"sharing-screen-reader-text\">Haz clic para compartir en WhatsApp (Se abre en una ventana nueva)<\/span><\/a><\/li><li class=\"share-twitter\"><a rel=\"nofollow noopener noreferrer\" data-shared=\"sharing-twitter-24224\" class=\"share-twitter sd-button share-icon no-text\" href=\"http:\/\/www.hondurasensusmanos.com\/turismo\/el-teatro-de-titeres-cobra-vida-en-el-xiii-festanad\/?share=twitter\" target=\"_blank\" title=\"Haz clic para compartir en Twitter\"><span><\/span><span class=\"sharing-screen-reader-text\">Haz clic para compartir en Twitter (Se abre en una ventana nueva)<\/span><\/a><\/li><li class=\"share-tumblr\"><a rel=\"nofollow noopener noreferrer\" data-shared=\"\" class=\"share-tumblr sd-button share-icon no-text\" href=\"http:\/\/www.hondurasensusmanos.com\/turismo\/el-teatro-de-titeres-cobra-vida-en-el-xiii-festanad\/?share=tumblr\" target=\"_blank\" title=\"Haz clic para compartir en Tumblr\"><span><\/span><span class=\"sharing-screen-reader-text\">Haz clic para compartir en Tumblr (Se abre en una ventana nueva)<\/span><\/a><\/li><li class=\"share-email\"><a rel=\"nofollow noopener noreferrer\" data-shared=\"\" class=\"share-email sd-button share-icon no-text\" href=\"http:\/\/www.hondurasensusmanos.com\/turismo\/el-teatro-de-titeres-cobra-vida-en-el-xiii-festanad\/?share=email\" target=\"_blank\" title=\"Haz clic para enviar por correo electr\u00f3nico a un amigo\"><span><\/span><span class=\"sharing-screen-reader-text\">Haz clic para enviar por correo electr\u00f3nico a un amigo (Se abre en una ventana nueva)<\/span><\/a><\/li><li class=\"share-end\"><\/li><\/ul><\/div><\/div><\/div>","protected":false},"excerpt":{"rendered":"<p>El arte esc\u00e9nico dirigido a la ni\u00f1ez vuelve a tomar protagonismo con la celebraci\u00f3n del XIII FESTANAD (Festival Nacional de Teatro para la Ni\u00f1ez y Adolescencia), bajo el lema \u201c\u00a1Lleva a un ni\u00f1@ al teatro!\u201d. Del 1 al 6 de septiembre, diversas actividades art\u00edsticas se desarrollan con el objetivo de fomentar el amor por el &#8230;<\/p>\n<div class=\"sharedaddy sd-sharing-enabled\"><div class=\"robots-nocontent sd-block sd-social sd-social-icon sd-sharing\"><h3 class=\"sd-title\">Comparte esto:<\/h3><div class=\"sd-content\"><ul><li class=\"share-facebook\"><a rel=\"nofollow noopener noreferrer\" data-shared=\"sharing-facebook-24224\" class=\"share-facebook sd-button share-icon no-text\" href=\"http:\/\/www.hondurasensusmanos.com\/turismo\/el-teatro-de-titeres-cobra-vida-en-el-xiii-festanad\/?share=facebook\" target=\"_blank\" title=\"Haz clic para compartir en Facebook\"><span><\/span><span class=\"sharing-screen-reader-text\">Haz clic para compartir en Facebook (Se abre en una ventana nueva)<\/span><\/a><\/li><li class=\"share-jetpack-whatsapp\"><a rel=\"nofollow noopener noreferrer\" data-shared=\"\" class=\"share-jetpack-whatsapp sd-button share-icon no-text\" href=\"http:\/\/www.hondurasensusmanos.com\/turismo\/el-teatro-de-titeres-cobra-vida-en-el-xiii-festanad\/?share=jetpack-whatsapp\" target=\"_blank\" title=\"Haz clic para compartir en WhatsApp\"><span><\/span><span class=\"sharing-screen-reader-text\">Haz clic para compartir en WhatsApp (Se abre en una ventana nueva)<\/span><\/a><\/li><li class=\"share-twitter\"><a rel=\"nofollow noopener noreferrer\" data-shared=\"sharing-twitter-24224\" class=\"share-twitter sd-button share-icon no-text\" href=\"http:\/\/www.hondurasensusmanos.com\/turismo\/el-teatro-de-titeres-cobra-vida-en-el-xiii-festanad\/?share=twitter\" target=\"_blank\" title=\"Haz clic para compartir en Twitter\"><span><\/span><span class=\"sharing-screen-reader-text\">Haz clic para compartir en Twitter (Se abre en una ventana nueva)<\/span><\/a><\/li><li class=\"share-tumblr\"><a rel=\"nofollow noopener noreferrer\" data-shared=\"\" class=\"share-tumblr sd-button share-icon no-text\" href=\"http:\/\/www.hondurasensusmanos.com\/turismo\/el-teatro-de-titeres-cobra-vida-en-el-xiii-festanad\/?share=tumblr\" target=\"_blank\" title=\"Haz clic para compartir en Tumblr\"><span><\/span><span class=\"sharing-screen-reader-text\">Haz clic para compartir en Tumblr (Se abre en una ventana nueva)<\/span><\/a><\/li><li class=\"share-email\"><a rel=\"nofollow noopener noreferrer\" data-shared=\"\" class=\"share-email sd-button share-icon no-text\" href=\"http:\/\/www.hondurasensusmanos.com\/turismo\/el-teatro-de-titeres-cobra-vida-en-el-xiii-festanad\/?share=email\" target=\"_blank\" title=\"Haz clic para enviar por correo electr\u00f3nico a un amigo\"><span><\/span><span class=\"sharing-screen-reader-text\">Haz clic para enviar por correo electr\u00f3nico a un amigo (Se abre en una ventana nueva)<\/span><\/a><\/li><li class=\"share-end\"><\/li><\/ul><\/div><\/div><\/div>","protected":false},"author":4,"featured_media":24225,"comment_status":"open","ping_status":"open","sticky":false,"template":"","format":"standard","meta":{"spay_email":"","jetpack_publicize_message":"","jetpack_is_tweetstorm":false},"categories":[28],"tags":[],"jetpack_featured_media_url":"http:\/\/www.hondurasensusmanos.com\/turismo\/wp-content\/uploads\/2025\/09\/515441657_10161720800777227_8327204073258058429_n.jpg","jetpack_publicize_connections":[],"jetpack_sharing_enabled":true,"jetpack_shortlink":"https:\/\/wp.me\/p8AciD-6iI","_links":{"self":[{"href":"http:\/\/www.hondurasensusmanos.com\/turismo\/wp-json\/wp\/v2\/posts\/24224"}],"collection":[{"href":"http:\/\/www.hondurasensusmanos.com\/turismo\/wp-json\/wp\/v2\/posts"}],"about":[{"href":"http:\/\/www.hondurasensusmanos.com\/turismo\/wp-json\/wp\/v2\/types\/post"}],"author":[{"embeddable":true,"href":"http:\/\/www.hondurasensusmanos.com\/turismo\/wp-json\/wp\/v2\/users\/4"}],"replies":[{"embeddable":true,"href":"http:\/\/www.hondurasensusmanos.com\/turismo\/wp-json\/wp\/v2\/comments?post=24224"}],"version-history":[{"count":1,"href":"http:\/\/www.hondurasensusmanos.com\/turismo\/wp-json\/wp\/v2\/posts\/24224\/revisions"}],"predecessor-version":[{"id":24227,"href":"http:\/\/www.hondurasensusmanos.com\/turismo\/wp-json\/wp\/v2\/posts\/24224\/revisions\/24227"}],"wp:featuredmedia":[{"embeddable":true,"href":"http:\/\/www.hondurasensusmanos.com\/turismo\/wp-json\/wp\/v2\/media\/24225"}],"wp:attachment":[{"href":"http:\/\/www.hondurasensusmanos.com\/turismo\/wp-json\/wp\/v2\/media?parent=24224"}],"wp:term":[{"taxonomy":"category","embeddable":true,"href":"http:\/\/www.hondurasensusmanos.com\/turismo\/wp-json\/wp\/v2\/categories?post=24224"},{"taxonomy":"post_tag","embeddable":true,"href":"http:\/\/www.hondurasensusmanos.com\/turismo\/wp-json\/wp\/v2\/tags?post=24224"}],"curies":[{"name":"wp","href":"https:\/\/api.w.org\/{rel}","templated":true}]}}