{"id":24434,"date":"2026-05-02T05:02:25","date_gmt":"2026-05-01T17:32:25","guid":{"rendered":"https:\/\/www.hondurasensusmanos.com\/turismo\/?p=24434"},"modified":"2026-05-02T05:02:25","modified_gmt":"2026-05-01T17:32:25","slug":"la-fiesta-esta-por-comenzar-%f0%9f%8e%a1","status":"publish","type":"post","link":"http:\/\/www.hondurasensusmanos.com\/turismo\/la-fiesta-esta-por-comenzar-%f0%9f%8e%a1\/","title":{"rendered":"\u00a1La fiesta est\u00e1 por comenzar! \ud83c\udfa1"},"content":{"rendered":"<p><a href=\"http:\/\/www.hondurasensusmanos.com\/turismo\/wp-content\/uploads\/2026\/05\/WhatsApp-Image-2026-05-01-at-10.56.20.jpeg\"><img loading=\"lazy\" class=\"alignnone  wp-image-24436\" src=\"http:\/\/www.hondurasensusmanos.com\/turismo\/wp-content\/uploads\/2026\/05\/WhatsApp-Image-2026-05-01-at-10.56.20-212x300.jpeg\" alt=\"\" width=\"261\" height=\"369\" srcset=\"http:\/\/www.hondurasensusmanos.com\/turismo\/wp-content\/uploads\/2026\/05\/WhatsApp-Image-2026-05-01-at-10.56.20-212x300.jpeg 212w, http:\/\/www.hondurasensusmanos.com\/turismo\/wp-content\/uploads\/2026\/05\/WhatsApp-Image-2026-05-01-at-10.56.20-724x1024.jpeg 724w, http:\/\/www.hondurasensusmanos.com\/turismo\/wp-content\/uploads\/2026\/05\/WhatsApp-Image-2026-05-01-at-10.56.20-768x1086.jpeg 768w, http:\/\/www.hondurasensusmanos.com\/turismo\/wp-content\/uploads\/2026\/05\/WhatsApp-Image-2026-05-01-at-10.56.20-1087x1536.jpeg 1087w, http:\/\/www.hondurasensusmanos.com\/turismo\/wp-content\/uploads\/2026\/05\/WhatsApp-Image-2026-05-01-at-10.56.20.jpeg 1132w\" sizes=\"(max-width: 261px) 100vw, 261px\" \/><\/a><\/p>\n<p>A partir del 6 de mayo, la comunidad de Animas, Danl\u00ed se llena de alegr\u00eda con su gran feria, un evento para disfrutar en familia con deliciosa comida, juegos, m\u00fasica en vivo y mucho ambiente festivo.<\/p>\n<p>Agend\u00e1 la fecha y no te lo perd\u00e1s\u2026 \u00a1ven\u00ed a vivir la tradici\u00f3n y el color de esta gran celebraci\u00f3n! \ud83c\udf89<\/p>\n<p>\u00a1Conoce todas las actividades que tienen planeadas para ti!<\/p>\n<div class=\"sharedaddy sd-sharing-enabled\"><div class=\"robots-nocontent sd-block sd-social sd-social-icon sd-sharing\"><h3 class=\"sd-title\">Comparte esto:<\/h3><div class=\"sd-content\"><ul><li class=\"share-facebook\"><a rel=\"nofollow noopener noreferrer\" data-shared=\"sharing-facebook-24434\" class=\"share-facebook sd-button share-icon no-text\" href=\"http:\/\/www.hondurasensusmanos.com\/turismo\/la-fiesta-esta-por-comenzar-%f0%9f%8e%a1\/?share=facebook\" target=\"_blank\" title=\"Haz clic para compartir en Facebook\"><span><\/span><span class=\"sharing-screen-reader-text\">Haz clic para compartir en Facebook (Se abre en una ventana nueva)<\/span><\/a><\/li><li class=\"share-jetpack-whatsapp\"><a rel=\"nofollow noopener noreferrer\" data-shared=\"\" class=\"share-jetpack-whatsapp sd-button share-icon no-text\" href=\"http:\/\/www.hondurasensusmanos.com\/turismo\/la-fiesta-esta-por-comenzar-%f0%9f%8e%a1\/?share=jetpack-whatsapp\" target=\"_blank\" title=\"Haz clic para compartir en WhatsApp\"><span><\/span><span class=\"sharing-screen-reader-text\">Haz clic para compartir en WhatsApp (Se abre en una ventana nueva)<\/span><\/a><\/li><li class=\"share-twitter\"><a rel=\"nofollow noopener noreferrer\" data-shared=\"sharing-twitter-24434\" class=\"share-twitter sd-button share-icon no-text\" href=\"http:\/\/www.hondurasensusmanos.com\/turismo\/la-fiesta-esta-por-comenzar-%f0%9f%8e%a1\/?share=twitter\" target=\"_blank\" title=\"Haz clic para compartir en Twitter\"><span><\/span><span class=\"sharing-screen-reader-text\">Haz clic para compartir en Twitter (Se abre en una ventana nueva)<\/span><\/a><\/li><li class=\"share-tumblr\"><a rel=\"nofollow noopener noreferrer\" data-shared=\"\" class=\"share-tumblr sd-button share-icon no-text\" href=\"http:\/\/www.hondurasensusmanos.com\/turismo\/la-fiesta-esta-por-comenzar-%f0%9f%8e%a1\/?share=tumblr\" target=\"_blank\" title=\"Haz clic para compartir en Tumblr\"><span><\/span><span class=\"sharing-screen-reader-text\">Haz clic para compartir en Tumblr (Se abre en una ventana nueva)<\/span><\/a><\/li><li class=\"share-email\"><a rel=\"nofollow noopener noreferrer\" data-shared=\"\" class=\"share-email sd-button share-icon no-text\" href=\"http:\/\/www.hondurasensusmanos.com\/turismo\/la-fiesta-esta-por-comenzar-%f0%9f%8e%a1\/?share=email\" target=\"_blank\" title=\"Haz clic para enviar por correo electr\u00f3nico a un amigo\"><span><\/span><span class=\"sharing-screen-reader-text\">Haz clic para enviar por correo electr\u00f3nico a un amigo (Se abre en una ventana nueva)<\/span><\/a><\/li><li class=\"share-end\"><\/li><\/ul><\/div><\/div><\/div>","protected":false},"excerpt":{"rendered":"<p>A partir del 6 de mayo, la comunidad de Animas, Danl\u00ed se llena de alegr\u00eda con su gran feria, un evento para disfrutar en familia con deliciosa comida, juegos, m\u00fasica en vivo y mucho ambiente festivo. Agend\u00e1 la fecha y no te lo perd\u00e1s\u2026 \u00a1ven\u00ed a vivir la tradici\u00f3n y el color de esta gran &#8230;<\/p>\n<div class=\"sharedaddy sd-sharing-enabled\"><div class=\"robots-nocontent sd-block sd-social sd-social-icon sd-sharing\"><h3 class=\"sd-title\">Comparte esto:<\/h3><div class=\"sd-content\"><ul><li class=\"share-facebook\"><a rel=\"nofollow noopener noreferrer\" data-shared=\"sharing-facebook-24434\" class=\"share-facebook sd-button share-icon no-text\" href=\"http:\/\/www.hondurasensusmanos.com\/turismo\/la-fiesta-esta-por-comenzar-%f0%9f%8e%a1\/?share=facebook\" target=\"_blank\" title=\"Haz clic para compartir en Facebook\"><span><\/span><span class=\"sharing-screen-reader-text\">Haz clic para compartir en Facebook (Se abre en una ventana nueva)<\/span><\/a><\/li><li class=\"share-jetpack-whatsapp\"><a rel=\"nofollow noopener noreferrer\" data-shared=\"\" class=\"share-jetpack-whatsapp sd-button share-icon no-text\" href=\"http:\/\/www.hondurasensusmanos.com\/turismo\/la-fiesta-esta-por-comenzar-%f0%9f%8e%a1\/?share=jetpack-whatsapp\" target=\"_blank\" title=\"Haz clic para compartir en WhatsApp\"><span><\/span><span class=\"sharing-screen-reader-text\">Haz clic para compartir en WhatsApp (Se abre en una ventana nueva)<\/span><\/a><\/li><li class=\"share-twitter\"><a rel=\"nofollow noopener noreferrer\" data-shared=\"sharing-twitter-24434\" class=\"share-twitter sd-button share-icon no-text\" href=\"http:\/\/www.hondurasensusmanos.com\/turismo\/la-fiesta-esta-por-comenzar-%f0%9f%8e%a1\/?share=twitter\" target=\"_blank\" title=\"Haz clic para compartir en Twitter\"><span><\/span><span class=\"sharing-screen-reader-text\">Haz clic para compartir en Twitter (Se abre en una ventana nueva)<\/span><\/a><\/li><li class=\"share-tumblr\"><a rel=\"nofollow noopener noreferrer\" data-shared=\"\" class=\"share-tumblr sd-button share-icon no-text\" href=\"http:\/\/www.hondurasensusmanos.com\/turismo\/la-fiesta-esta-por-comenzar-%f0%9f%8e%a1\/?share=tumblr\" target=\"_blank\" title=\"Haz clic para compartir en Tumblr\"><span><\/span><span class=\"sharing-screen-reader-text\">Haz clic para compartir en Tumblr (Se abre en una ventana nueva)<\/span><\/a><\/li><li class=\"share-email\"><a rel=\"nofollow noopener noreferrer\" data-shared=\"\" class=\"share-email sd-button share-icon no-text\" href=\"http:\/\/www.hondurasensusmanos.com\/turismo\/la-fiesta-esta-por-comenzar-%f0%9f%8e%a1\/?share=email\" target=\"_blank\" title=\"Haz clic para enviar por correo electr\u00f3nico a un amigo\"><span><\/span><span class=\"sharing-screen-reader-text\">Haz clic para enviar por correo electr\u00f3nico a un amigo (Se abre en una ventana nueva)<\/span><\/a><\/li><li class=\"share-end\"><\/li><\/ul><\/div><\/div><\/div>","protected":false},"author":4,"featured_media":24436,"comment_status":"open","ping_status":"open","sticky":false,"template":"","format":"standard","meta":{"spay_email":"","jetpack_publicize_message":"","jetpack_is_tweetstorm":false},"categories":[44,84,65,60],"tags":[],"jetpack_featured_media_url":"http:\/\/www.hondurasensusmanos.com\/turismo\/wp-content\/uploads\/2026\/05\/WhatsApp-Image-2026-05-01-at-10.56.20.jpeg","jetpack_publicize_connections":[],"jetpack_sharing_enabled":true,"jetpack_shortlink":"https:\/\/wp.me\/p8AciD-6m6","_links":{"self":[{"href":"http:\/\/www.hondurasensusmanos.com\/turismo\/wp-json\/wp\/v2\/posts\/24434"}],"collection":[{"href":"http:\/\/www.hondurasensusmanos.com\/turismo\/wp-json\/wp\/v2\/posts"}],"about":[{"href":"http:\/\/www.hondurasensusmanos.com\/turismo\/wp-json\/wp\/v2\/types\/post"}],"author":[{"embeddable":true,"href":"http:\/\/www.hondurasensusmanos.com\/turismo\/wp-json\/wp\/v2\/users\/4"}],"replies":[{"embeddable":true,"href":"http:\/\/www.hondurasensusmanos.com\/turismo\/wp-json\/wp\/v2\/comments?post=24434"}],"version-history":[{"count":1,"href":"http:\/\/www.hondurasensusmanos.com\/turismo\/wp-json\/wp\/v2\/posts\/24434\/revisions"}],"predecessor-version":[{"id":24437,"href":"http:\/\/www.hondurasensusmanos.com\/turismo\/wp-json\/wp\/v2\/posts\/24434\/revisions\/24437"}],"wp:featuredmedia":[{"embeddable":true,"href":"http:\/\/www.hondurasensusmanos.com\/turismo\/wp-json\/wp\/v2\/media\/24436"}],"wp:attachment":[{"href":"http:\/\/www.hondurasensusmanos.com\/turismo\/wp-json\/wp\/v2\/media?parent=24434"}],"wp:term":[{"taxonomy":"category","embeddable":true,"href":"http:\/\/www.hondurasensusmanos.com\/turismo\/wp-json\/wp\/v2\/categories?post=24434"},{"taxonomy":"post_tag","embeddable":true,"href":"http:\/\/www.hondurasensusmanos.com\/turismo\/wp-json\/wp\/v2\/tags?post=24434"}],"curies":[{"name":"wp","href":"https:\/\/api.w.org\/{rel}","templated":true}]}}