{"id":17878,"date":"2022-05-15T06:19:57","date_gmt":"2022-05-14T18:49:57","guid":{"rendered":"http:\/\/www.hondurasensusmanos.com\/turismo\/?p=17878"},"modified":"2022-04-11T15:49:00","modified_gmt":"2022-04-11T04:19:00","slug":"15-de-mayo-lepaterique-celebraria-su-feria-en-honor-a-san-isidro","status":"publish","type":"post","link":"https:\/\/www.hondurasensusmanos.com\/turismo\/15-de-mayo-lepaterique-celebraria-su-feria-en-honor-a-san-isidro\/","title":{"rendered":"15 de Mayo Lepaterique celebrar\u00eda su feria en honor a San Isidro"},"content":{"rendered":"<p><img loading=\"lazy\" class=\"aligncenter\" src=\"https:\/\/www.vtv.com.hn\/wp-content\/uploads\/2019\/08\/29\/lepa%20uno%20final.jpg\" alt=\"Toque de queda en Lepaterique - VTV\" width=\"900\" height=\"584\" \/><\/p>\n<p style=\"text-align: justify;\"><b>Lepaterique<\/b>\u00a0es un\u00a0municipio\u00a0en el\u00a0departamento\u00a0de\u00a0Francisco Moraz\u00e1n, en\u00a0Honduras. Su nombre significa en\u00a0Lenca \u00abCerro del Tigre\u00bb. Celebran su feria patronal en honor a San Isidro el 15 de mayo anualmente.<\/p>\n<p style=\"text-align: justify;\">Pueblo antiguo anteriormente llamado Lepatrequi, en el recuento de poblaci\u00f3n de 1791 era un pueblo del curato de Ojojona y en la Divisi\u00f3n Pol\u00edtica Territorial de 1889 era uno de los municipios del Distrito de Sabanagrande, pero que el 16 de octubre de 1913 se segreg\u00f3 de \u00e9ste y se anex\u00f3 al Distrito de Tegucigalpa.<\/p>\n<!--[if lt IE 9]><script>document.createElement('video');<\/script><![endif]-->\n\t<div class=\"wp-playlist wp-video-playlist wp-playlist-light\">\n\t\t<video controls=\"controls\" preload=\"none\" width=\"596\"\n\t\t height=\"397\"\t><\/video>\n\t<div class=\"wp-playlist-next\"><\/div>\n\t<div class=\"wp-playlist-prev\"><\/div>\n\t<noscript>\n\t<ol>\n\t\t<li><a href='https:\/\/www.hondurasensusmanos.com\/turismo\/wp-content\/uploads\/2021\/05\/Lepaterique-FM.mp4'>Lepaterique, FM<\/a><\/li>\t<\/ol>\n\t<\/noscript>\n\t<script type=\"application\/json\" class=\"wp-playlist-script\">{\"type\":\"video\",\"tracklist\":true,\"tracknumbers\":true,\"images\":true,\"artists\":true,\"tracks\":[{\"src\":\"https:\\\/\\\/www.hondurasensusmanos.com\\\/turismo\\\/wp-content\\\/uploads\\\/2021\\\/05\\\/Lepaterique-FM.mp4\",\"type\":\"video\\\/mp4\",\"title\":\"Lepaterique, FM\",\"caption\":\"\",\"description\":\"\",\"meta\":{\"length_formatted\":\"0:30\"},\"dimensions\":{\"original\":{\"width\":720,\"height\":480},\"resized\":{\"width\":596,\"height\":397}},\"image\":{\"src\":\"https:\\\/\\\/www.hondurasensusmanos.com\\\/turismo\\\/wp-includes\\\/images\\\/media\\\/video.png\",\"width\":48,\"height\":64},\"thumb\":{\"src\":\"https:\\\/\\\/www.hondurasensusmanos.com\\\/turismo\\\/wp-includes\\\/images\\\/media\\\/video.png\",\"width\":48,\"height\":64}}]}<\/script>\n<\/div>\n\t\n<p><strong>SAN ISIDRO<\/strong><\/p>\n<p style=\"text-align: justify;\">La figura de San Isidro se ha propagado a trav\u00e9s de la cultura popular en diversas localidades del mundo. Por regla general es una forma de deseo de la vida sencilla de los campesinos y del contacto directo con la naturaleza. Se conocen celebraciones del Santo en Madrid por\u00a0carta ejecutoria\u00a0sobre la financiaci\u00f3n de una fiesta dedicada al labrador en el a\u00f1o 1344.<sup id=\"cite_ref-31\" class=\"reference separada\"><\/sup>\u00a0No obstante la primera celebraci\u00f3n en honor del santo madrile\u00f1o tuvo lugar en mayo de 1620 con motivo de su beatificaci\u00f3n, el cuerpo de Isidro fue portado en procesi\u00f3n por las calles de Madrid en el interior de una suntuosa urna labrada por los plateros de la ciudad.<img loading=\"lazy\" class=\"size-medium wp-image-4012 alignright tie-appear\" src=\"https:\/\/i1.wp.com\/www.hondurasensusmanos.com\/feriasdehonduras\/wp-content\/uploads\/2019\/11\/san-isidro-labrador-1-300x200.jpg?resize=300%2C200\" alt=\"\" width=\"300\" height=\"200\" data-recalc-dims=\"1\" \/><\/p>\n<p style=\"text-align: justify;\">La popularidad de San Isidro se vio relanzada debido al apoyo de la\u00a0Monarqu\u00eda Espa\u00f1ola\u00a0a fines del Quinientos y durante la primera mitad del siglo XVII. El fervor que suscitaba Isidro hizo que desde\u00a0Isabel la Cat\u00f3lica\u00a0se practicara la costumbre de que cada vez que las reinas ca\u00edan enfermas se encomendaran al Santo para su curaci\u00f3n. Seg\u00fan las cr\u00f3nicas, siendo pr\u00edncipe, Felipe II se recuper\u00f3 de una enfermedad tras haber ingerido agua de la milagrosa fuente abierta por San Isidro en la\u00a0pradera de San Isidro\u00a0(lugar retratado por\u00a0Goya\u00a0en un cuadro titulado:\u00a0La pradera de San Isidro). Lugar ubicado en la margen derecha del r\u00edo Manzanares donde se alzar\u00eda posteriormente una\u00a0ermita en su honor.<sup id=\"cite_ref-Zoz_30-1\" class=\"reference separada\"><\/sup><\/p>\n<p style=\"text-align: justify;\">El poeta madrile\u00f1o Lope de Vega es uno de los primeros en describir la vida de San Isidro en un poema (Madrid, 1599). A. de Villegas escribe una anterior.<sup id=\"cite_ref-ADV_4-3\" class=\"reference separada\"><\/sup>\u200b Poema escrito en\u00a0quintillas\u00a0a lo largo de diez cantos son los fragmentos en que el poeta se acerca al universo rural en que se mueve el santo. En este poema biogr\u00e1fico se halla s\u00f3lidamente documentado: ley\u00f3 todo lo escrito anteriormente sobre el santo y tuvo acceso a los papeles de la causa de beatificaci\u00f3n recogidos por el padre Domingo de Mendoza,<sup id=\"cite_ref-RB_9-1\" class=\"reference separada\"><\/sup>\u200b comisario pontificio para la beatificaci\u00f3n de Isidro. Rafael Haideer escribe en la primera mitad del siglo XX una comedia popular sobre la vida de San Isidro, en prosa, en tres actos. Dedicada seg\u00fan \u00e9l al pueblo de Madrid.\u00a0<sup id=\"cite_ref-RH_32-0\" class=\"reference separada\"><\/sup>En el incendio de la Plaza Mayor\u00a0de\u00a0Madrid\u00a0de 1631 se ruega al Santo por su intercesi\u00f3n.<\/p>\n<p style=\"text-align: justify;\">Los pintores del siglo XIX que retrataron al santo madrile\u00f1o, entre ellos se encuentra Mariano Salvador Maella.\u00a0<sup id=\"cite_ref-33\" class=\"reference separada\"><\/sup>Varios eruditos y cronistas del Madrid Barroco, como Jer\u00f3nimo de Quintana y Antonio de Le\u00f3n Pinelo, dedicar\u00edan extensas l\u00edneas a alabar su vida y milagros. Es posterior, ya en el siglo XVIII, cuando nuevas publicaciones a\u00f1adir\u00edan tambi\u00e9n la biograf\u00eda y milagros de Santa Mar\u00eda de la Cabeza a la vida de San Isidro. Fue declarado patrono de los agricultores espa\u00f1oles por Juan XXIII en bula del a\u00f1o 1960.<\/p>\n<p>&nbsp;<\/p>\n<div class=\"sharedaddy sd-sharing-enabled\"><div class=\"robots-nocontent sd-block sd-social sd-social-icon sd-sharing\"><h3 class=\"sd-title\">Comparte esto:<\/h3><div class=\"sd-content\"><ul><li class=\"share-facebook\"><a rel=\"nofollow noopener noreferrer\" data-shared=\"sharing-facebook-17878\" class=\"share-facebook sd-button share-icon no-text\" href=\"https:\/\/www.hondurasensusmanos.com\/turismo\/15-de-mayo-lepaterique-celebraria-su-feria-en-honor-a-san-isidro\/?share=facebook\" target=\"_blank\" title=\"Haz clic para compartir en Facebook\"><span><\/span><span class=\"sharing-screen-reader-text\">Haz clic para compartir en Facebook (Se abre en una ventana nueva)<\/span><\/a><\/li><li class=\"share-jetpack-whatsapp\"><a rel=\"nofollow noopener noreferrer\" data-shared=\"\" class=\"share-jetpack-whatsapp sd-button share-icon no-text\" href=\"https:\/\/www.hondurasensusmanos.com\/turismo\/15-de-mayo-lepaterique-celebraria-su-feria-en-honor-a-san-isidro\/?share=jetpack-whatsapp\" target=\"_blank\" title=\"Haz clic para compartir en WhatsApp\"><span><\/span><span class=\"sharing-screen-reader-text\">Haz clic para compartir en WhatsApp (Se abre en una ventana nueva)<\/span><\/a><\/li><li class=\"share-twitter\"><a rel=\"nofollow noopener noreferrer\" data-shared=\"sharing-twitter-17878\" class=\"share-twitter sd-button share-icon no-text\" href=\"https:\/\/www.hondurasensusmanos.com\/turismo\/15-de-mayo-lepaterique-celebraria-su-feria-en-honor-a-san-isidro\/?share=twitter\" target=\"_blank\" title=\"Haz clic para compartir en Twitter\"><span><\/span><span class=\"sharing-screen-reader-text\">Haz clic para compartir en Twitter (Se abre en una ventana nueva)<\/span><\/a><\/li><li class=\"share-tumblr\"><a rel=\"nofollow noopener noreferrer\" data-shared=\"\" class=\"share-tumblr sd-button share-icon no-text\" href=\"https:\/\/www.hondurasensusmanos.com\/turismo\/15-de-mayo-lepaterique-celebraria-su-feria-en-honor-a-san-isidro\/?share=tumblr\" target=\"_blank\" title=\"Haz clic para compartir en Tumblr\"><span><\/span><span class=\"sharing-screen-reader-text\">Haz clic para compartir en Tumblr (Se abre en una ventana nueva)<\/span><\/a><\/li><li class=\"share-email\"><a rel=\"nofollow noopener noreferrer\" data-shared=\"\" class=\"share-email sd-button share-icon no-text\" href=\"https:\/\/www.hondurasensusmanos.com\/turismo\/15-de-mayo-lepaterique-celebraria-su-feria-en-honor-a-san-isidro\/?share=email\" target=\"_blank\" title=\"Haz clic para enviar por correo electr\u00f3nico a un amigo\"><span><\/span><span class=\"sharing-screen-reader-text\">Haz clic para enviar por correo electr\u00f3nico a un amigo (Se abre en una ventana nueva)<\/span><\/a><\/li><li class=\"share-end\"><\/li><\/ul><\/div><\/div><\/div>","protected":false},"excerpt":{"rendered":"<p>Lepaterique\u00a0es un\u00a0municipio\u00a0en el\u00a0departamento\u00a0de\u00a0Francisco Moraz\u00e1n, en\u00a0Honduras. Su nombre significa en\u00a0Lenca \u00abCerro del Tigre\u00bb. Celebran su feria patronal en honor a San Isidro el 15 de mayo anualmente. Pueblo antiguo anteriormente llamado Lepatrequi, en el recuento de poblaci\u00f3n de 1791 era un pueblo del curato de Ojojona y en la Divisi\u00f3n Pol\u00edtica Territorial de 1889 era uno &#8230;<\/p>\n<div class=\"sharedaddy sd-sharing-enabled\"><div class=\"robots-nocontent sd-block sd-social sd-social-icon sd-sharing\"><h3 class=\"sd-title\">Comparte esto:<\/h3><div class=\"sd-content\"><ul><li class=\"share-facebook\"><a rel=\"nofollow noopener noreferrer\" data-shared=\"sharing-facebook-17878\" class=\"share-facebook sd-button share-icon no-text\" href=\"https:\/\/www.hondurasensusmanos.com\/turismo\/15-de-mayo-lepaterique-celebraria-su-feria-en-honor-a-san-isidro\/?share=facebook\" target=\"_blank\" title=\"Haz clic para compartir en Facebook\"><span><\/span><span class=\"sharing-screen-reader-text\">Haz clic para compartir en Facebook (Se abre en una ventana nueva)<\/span><\/a><\/li><li class=\"share-jetpack-whatsapp\"><a rel=\"nofollow noopener noreferrer\" data-shared=\"\" class=\"share-jetpack-whatsapp sd-button share-icon no-text\" href=\"https:\/\/www.hondurasensusmanos.com\/turismo\/15-de-mayo-lepaterique-celebraria-su-feria-en-honor-a-san-isidro\/?share=jetpack-whatsapp\" target=\"_blank\" title=\"Haz clic para compartir en WhatsApp\"><span><\/span><span class=\"sharing-screen-reader-text\">Haz clic para compartir en WhatsApp (Se abre en una ventana nueva)<\/span><\/a><\/li><li class=\"share-twitter\"><a rel=\"nofollow noopener noreferrer\" data-shared=\"sharing-twitter-17878\" class=\"share-twitter sd-button share-icon no-text\" href=\"https:\/\/www.hondurasensusmanos.com\/turismo\/15-de-mayo-lepaterique-celebraria-su-feria-en-honor-a-san-isidro\/?share=twitter\" target=\"_blank\" title=\"Haz clic para compartir en Twitter\"><span><\/span><span class=\"sharing-screen-reader-text\">Haz clic para compartir en Twitter (Se abre en una ventana nueva)<\/span><\/a><\/li><li class=\"share-tumblr\"><a rel=\"nofollow noopener noreferrer\" data-shared=\"\" class=\"share-tumblr sd-button share-icon no-text\" href=\"https:\/\/www.hondurasensusmanos.com\/turismo\/15-de-mayo-lepaterique-celebraria-su-feria-en-honor-a-san-isidro\/?share=tumblr\" target=\"_blank\" title=\"Haz clic para compartir en Tumblr\"><span><\/span><span class=\"sharing-screen-reader-text\">Haz clic para compartir en Tumblr (Se abre en una ventana nueva)<\/span><\/a><\/li><li class=\"share-email\"><a rel=\"nofollow noopener noreferrer\" data-shared=\"\" class=\"share-email sd-button share-icon no-text\" href=\"https:\/\/www.hondurasensusmanos.com\/turismo\/15-de-mayo-lepaterique-celebraria-su-feria-en-honor-a-san-isidro\/?share=email\" target=\"_blank\" title=\"Haz clic para enviar por correo electr\u00f3nico a un amigo\"><span><\/span><span class=\"sharing-screen-reader-text\">Haz clic para enviar por correo electr\u00f3nico a un amigo (Se abre en una ventana nueva)<\/span><\/a><\/li><li class=\"share-end\"><\/li><\/ul><\/div><\/div><\/div>","protected":false},"author":4,"featured_media":17879,"comment_status":"open","ping_status":"open","sticky":false,"template":"","format":"standard","meta":{"spay_email":"","jetpack_publicize_message":"","jetpack_is_tweetstorm":false},"categories":[72,83,65,60],"tags":[],"jetpack_featured_media_url":"https:\/\/www.hondurasensusmanos.com\/turismo\/wp-content\/uploads\/2021\/05\/lepaterique-honduras.jpg","jetpack_publicize_connections":[],"jetpack_sharing_enabled":true,"jetpack_shortlink":"https:\/\/wp.me\/p8AciD-4Em","_links":{"self":[{"href":"https:\/\/www.hondurasensusmanos.com\/turismo\/wp-json\/wp\/v2\/posts\/17878"}],"collection":[{"href":"https:\/\/www.hondurasensusmanos.com\/turismo\/wp-json\/wp\/v2\/posts"}],"about":[{"href":"https:\/\/www.hondurasensusmanos.com\/turismo\/wp-json\/wp\/v2\/types\/post"}],"author":[{"embeddable":true,"href":"https:\/\/www.hondurasensusmanos.com\/turismo\/wp-json\/wp\/v2\/users\/4"}],"replies":[{"embeddable":true,"href":"https:\/\/www.hondurasensusmanos.com\/turismo\/wp-json\/wp\/v2\/comments?post=17878"}],"version-history":[{"count":1,"href":"https:\/\/www.hondurasensusmanos.com\/turismo\/wp-json\/wp\/v2\/posts\/17878\/revisions"}],"predecessor-version":[{"id":17881,"href":"https:\/\/www.hondurasensusmanos.com\/turismo\/wp-json\/wp\/v2\/posts\/17878\/revisions\/17881"}],"wp:featuredmedia":[{"embeddable":true,"href":"https:\/\/www.hondurasensusmanos.com\/turismo\/wp-json\/wp\/v2\/media\/17879"}],"wp:attachment":[{"href":"https:\/\/www.hondurasensusmanos.com\/turismo\/wp-json\/wp\/v2\/media?parent=17878"}],"wp:term":[{"taxonomy":"category","embeddable":true,"href":"https:\/\/www.hondurasensusmanos.com\/turismo\/wp-json\/wp\/v2\/categories?post=17878"},{"taxonomy":"post_tag","embeddable":true,"href":"https:\/\/www.hondurasensusmanos.com\/turismo\/wp-json\/wp\/v2\/tags?post=17878"}],"curies":[{"name":"wp","href":"https:\/\/api.w.org\/{rel}","templated":true}]}}