{"id":18051,"date":"2021-06-13T06:26:34","date_gmt":"2021-06-12T18:56:34","guid":{"rendered":"http:\/\/www.hondurasensusmanos.com\/turismo\/?p=18051"},"modified":"2021-05-08T13:41:22","modified_gmt":"2021-05-08T02:11:22","slug":"13-de-junio-el-municipio-de-maraita-fm-celebra-en-honor-a-su-santo-patron-san-antonio","status":"publish","type":"post","link":"https:\/\/www.hondurasensusmanos.com\/turismo\/13-de-junio-el-municipio-de-maraita-fm-celebra-en-honor-a-su-santo-patron-san-antonio\/","title":{"rendered":"13 de junio el municipio de Maraita, FM celebra en honor a su santo patr\u00f3n San Antonio."},"content":{"rendered":"<p><a href=\"http:\/\/www.hondurasensusmanos.com\/turismo\/wp-content\/uploads\/2021\/05\/maraita.jpg\"><img loading=\"lazy\" class=\" wp-image-18053 alignleft\" src=\"http:\/\/www.hondurasensusmanos.com\/turismo\/wp-content\/uploads\/2021\/05\/maraita.jpg\" alt=\"\" width=\"373\" height=\"217\" \/><\/a>El municipio de Maraita te invita a que este 13 de junio festejes en honor a San Antonio.<\/p>\n<p>Maraita es una municipalidad en el departamento de Francisco Moraz\u00e1n, en la rep\u00fablica de Honduras. Su nombre significa en mexicano \u00abDentro de los prisioneros de Guerra\u00bb, es decir en el interior de las tierras que estos ocupan.<\/p>\n<p>Fundado en 1824 como aldea de \u00abTatumbla\u00bb; en la Divisi\u00f3n Pol\u00edtica Territorial de 1889 era uno de los municipios del Distrito de San Antonio de Oriente.<\/p>\n<p>El municipio colinda al norte con los municipios de Tatumbla y San Antonio de Oriente, al sur con los municipios de Yauyupe y San Lucas, al este con el municipio de G\u00fcinope y al oeste con los municipios de San Buenaventura, Nueva Armenia y Distrito Central.\u200b Su cabecera est\u00e1 atravesada por el r\u00edo de su nombre y al sur del Cerro Los Terrones y Monta\u00f1a de Azacualpa.<\/p>\n<p>&nbsp;<\/p>\n<p><span class=\"embed-youtube\" style=\"text-align:center; display: block;\"><iframe class='youtube-player' width='618' height='348' src='https:\/\/www.youtube.com\/embed\/vW4c7SjWYws?version=3&#038;rel=1&#038;showsearch=0&#038;showinfo=1&#038;iv_load_policy=1&#038;fs=1&#038;hl=es-ES&#038;autohide=2&#038;wmode=transparent' allowfullscreen='true' style='border:0;' sandbox='allow-scripts allow-same-origin allow-popups allow-presentation'><\/iframe><\/span><\/p>\n<!--[if lt IE 9]><script>document.createElement('video');<\/script><![endif]-->\n\t<div class=\"wp-playlist wp-video-playlist wp-playlist-light\">\n\t\t<video controls=\"controls\" preload=\"none\" width=\"596\"\n\t\t height=\"397\"\t><\/video>\n\t<div class=\"wp-playlist-next\"><\/div>\n\t<div class=\"wp-playlist-prev\"><\/div>\n\t<noscript>\n\t<ol>\n\t\t<li><a href='https:\/\/www.hondurasensusmanos.com\/turismo\/wp-content\/uploads\/2021\/05\/Maraita-FM.mp4'>Maraita, FM<\/a><\/li>\t<\/ol>\n\t<\/noscript>\n\t<script type=\"application\/json\" class=\"wp-playlist-script\">{\"type\":\"video\",\"tracklist\":true,\"tracknumbers\":true,\"images\":true,\"artists\":true,\"tracks\":[{\"src\":\"https:\\\/\\\/www.hondurasensusmanos.com\\\/turismo\\\/wp-content\\\/uploads\\\/2021\\\/05\\\/Maraita-FM.mp4\",\"type\":\"video\\\/mp4\",\"title\":\"Maraita, FM\",\"caption\":\"\",\"description\":\"\",\"meta\":{\"length_formatted\":\"0:35\"},\"dimensions\":{\"original\":{\"width\":720,\"height\":480},\"resized\":{\"width\":596,\"height\":397}},\"image\":{\"src\":\"https:\\\/\\\/www.hondurasensusmanos.com\\\/turismo\\\/wp-includes\\\/images\\\/media\\\/video.png\",\"width\":48,\"height\":64},\"thumb\":{\"src\":\"https:\\\/\\\/www.hondurasensusmanos.com\\\/turismo\\\/wp-includes\\\/images\\\/media\\\/video.png\",\"width\":48,\"height\":64}}]}<\/script>\n<\/div>\n\t\n<p><strong>SAN ANTONIO<a href=\"http:\/\/www.hondurasensusmanos.com\/turismo\/wp-content\/uploads\/2021\/05\/SAN-ANTONIO.jpg\"><img loading=\"lazy\" class=\"size-full wp-image-17971 alignright\" src=\"http:\/\/www.hondurasensusmanos.com\/turismo\/wp-content\/uploads\/2021\/05\/SAN-ANTONIO.jpg\" alt=\"\" width=\"220\" height=\"301\" \/><\/a><\/strong><\/p>\n<p style=\"text-align: justify;\">Antonio de Padua, tambi\u00e9n conocido como\u00a0san Antonio de Lisboa\u00a0(Lisboa,\u00a0Reino de Portugal,\u00a01191\u00a0a\u00a01195\u00a0&#8211;\u00a0Padua,\u00a013 de junio\u00a0de\u00a01231), fue un\u00a0sacerdote\u00a0de la\u00a0Orden Franciscana, predicador y te\u00f3logo\u00a0portugu\u00e9s, venerado como\u00a0santo\u00a0y\u00a0doctor de la Iglesia\u00a0por el\u00a0catolicismo.<\/p>\n<p style=\"text-align: justify;\">Su capacidad de pr\u00e9dica era proverbial, al punto de ser llamado \u00abArca del Testamento\u00bb por\u00a0Gregorio IX. Las\u00a0citas b\u00edblicas\u00a0en los\u00a0Sermones dominicales\u00a0y\u00a0Sermones festivi\u00a0\u2014ambas obras de su autor\u00eda acreditada\u2014 superaron el n\u00famero de seis mil, lo que supone un nivel de conocimiento escol\u00e1stico que justifica el t\u00edtulo espec\u00edfico que se le adjudic\u00f3,\u00a0doctor evang\u00e9lico.\u200b Sus predicaciones \u2014en particular la de la\u00a0Cuaresma\u00a0de\u00a01231\u2014 alcanzaron un \u00e9xito notable. Sus palabras y obras ante la multitud de personas que acud\u00edan a escucharlo fue recogida con el lenguaje propio de la \u00e9poca en\u00a0Assidua, la primera biograf\u00eda de Antonio de Padua, escrita por un autor an\u00f3nimo contempor\u00e1neo suyo:<\/p>\n<p style=\"text-align: justify;\">Reconduc\u00eda a la paz fraterna a los desavenidos, hac\u00eda restituir lo sustra\u00eddo con la usura y la violencia. Liberaba a las prostitutas de su torpe mercado, y disuad\u00eda a ladrones famosos por sus fechor\u00edas de meter las manos en las cosas ajenas. No puedo pasar por alto c\u00f3mo \u00e9l induc\u00eda a confesar los pecados a una multitud tan grande de hombres y mujeres, que no bastaban para o\u00edrles ni los religiosos, ni otros sacerdotes, que en no peque\u00f1a cantidad lo acompa\u00f1aban.<\/p>\n<p style=\"text-align: justify;\">Antonio naci\u00f3 en\u00a0Lisboa,\u00a0de all\u00ed que el\u00a0Martirologio romano\u00a0lo llama \u00abLusitanus\u00bb.\u00a0La casa donde se estima naci\u00f3 el santo, en el barrio medieval de la\u00a0Alfama, fue destruida completamente en el\u00a0terremoto que arras\u00f3 Lisboa\u00a0el\u00a01 de noviembre\u00a0de\u00a01755\u00a0y s\u00f3lo se conserva un peque\u00f1o s\u00f3tano. Su nombre secular era Fernando Martim de Bulh\u00f5es e Taveira Azevedo, nombre que cambi\u00f3 por el de Antonio en 1220 cuando entr\u00f3 en la\u00a0Orden de los Frailes Menores. La fecha de nacimiento no es precisa, y se estima entre 1191\u00a0y\u00a01195,\u200b en el seno de una familia de buena posici\u00f3n en la sociedad lisboeta.\u200b<\/p>\n<p style=\"text-align: justify;\">\n<p style=\"text-align: justify;\">Educaci\u00f3n y entrada en la vida religiosa<\/p>\n<p style=\"text-align: justify;\">Se educ\u00f3 en la escuela catedralicia local. Contrariando los deseos de su familia, Antonio ingres\u00f3 en la abad\u00eda agustina suburbana de San Vicente en las afueras de Lisboa, perteneciente a los can\u00f3nigos regulares de san Agust\u00edn. Los monjes de la orden de San Agust\u00edn de la cual \u00e9l era miembro eran famosos por su dedicaci\u00f3n a los estudios. Antonio estudi\u00f3 las Sagradas Escrituras y la teolog\u00eda de algunos doctores de la Iglesia cat\u00f3lica como Jer\u00f3nimo de Estrid\u00f3n, Agust\u00edn de Hipona, Gregorio Magno y Bernardo de Claraval. Tambi\u00e9n estudi\u00f3 los cl\u00e1sicos latinos, como Ovidio y S\u00e9neca. Luego de dos a\u00f1os, y tras obtener el permiso de sus superiores religiosos, se traslad\u00f3 en 1210 al monasterio agustiniano de Santa Cruz en Co\u00edmbra, para continuar sus estudios. Se trataba de un reconocido centro de cultura eclesi\u00e1stica, donde tuvo oportunidad de profundizar la disciplina religiosa, su conocimiento de la Biblia y el ejercicio de la Lectio divina.<\/p>\n<p style=\"text-align: justify;\">A principios de 1220, tres sacerdotes (Berardo, Pedro y Ot\u00f3n) y dos hermanos legos (Acursio y Ayuto), todos ellos de la orden franciscana, fueron asesinados en Marruecos. Conducidas sus reliquias a Co\u00edmbra, el evento produjo un cambio decisivo en la vida de Antonio, quien en el verano de 1220 mud\u00f3 de orden y se hizo\u00a0franciscano. En ese momento adopt\u00f3 el nombre de Antonio en honor de\u00a0san Antonio Abad\u00a0a quien estaba dedicada la ermita franciscana en la que \u00e9l resid\u00eda. Antonio parti\u00f3 para Marruecos pero enferm\u00f3 gravemente durante el invierno de 1220, lo que lo hizo retornar. En el trayecto una tempestad violenta desvi\u00f3 su barco a Sicilia, y all\u00ed tuvo noticias del Cap\u00edtulo general convocado en As\u00eds.<\/p>\n<div class=\"sharedaddy sd-sharing-enabled\"><div class=\"robots-nocontent sd-block sd-social sd-social-icon sd-sharing\"><h3 class=\"sd-title\">Comparte esto:<\/h3><div class=\"sd-content\"><ul><li class=\"share-facebook\"><a rel=\"nofollow noopener noreferrer\" data-shared=\"sharing-facebook-18051\" class=\"share-facebook sd-button share-icon no-text\" href=\"https:\/\/www.hondurasensusmanos.com\/turismo\/13-de-junio-el-municipio-de-maraita-fm-celebra-en-honor-a-su-santo-patron-san-antonio\/?share=facebook\" target=\"_blank\" title=\"Haz clic para compartir en Facebook\"><span><\/span><span class=\"sharing-screen-reader-text\">Haz clic para compartir en Facebook (Se abre en una ventana nueva)<\/span><\/a><\/li><li class=\"share-jetpack-whatsapp\"><a rel=\"nofollow noopener noreferrer\" data-shared=\"\" class=\"share-jetpack-whatsapp sd-button share-icon no-text\" href=\"https:\/\/www.hondurasensusmanos.com\/turismo\/13-de-junio-el-municipio-de-maraita-fm-celebra-en-honor-a-su-santo-patron-san-antonio\/?share=jetpack-whatsapp\" target=\"_blank\" title=\"Haz clic para compartir en WhatsApp\"><span><\/span><span class=\"sharing-screen-reader-text\">Haz clic para compartir en WhatsApp (Se abre en una ventana nueva)<\/span><\/a><\/li><li class=\"share-twitter\"><a rel=\"nofollow noopener noreferrer\" data-shared=\"sharing-twitter-18051\" class=\"share-twitter sd-button share-icon no-text\" href=\"https:\/\/www.hondurasensusmanos.com\/turismo\/13-de-junio-el-municipio-de-maraita-fm-celebra-en-honor-a-su-santo-patron-san-antonio\/?share=twitter\" target=\"_blank\" title=\"Haz clic para compartir en Twitter\"><span><\/span><span class=\"sharing-screen-reader-text\">Haz clic para compartir en Twitter (Se abre en una ventana nueva)<\/span><\/a><\/li><li class=\"share-tumblr\"><a rel=\"nofollow noopener noreferrer\" data-shared=\"\" class=\"share-tumblr sd-button share-icon no-text\" href=\"https:\/\/www.hondurasensusmanos.com\/turismo\/13-de-junio-el-municipio-de-maraita-fm-celebra-en-honor-a-su-santo-patron-san-antonio\/?share=tumblr\" target=\"_blank\" title=\"Haz clic para compartir en Tumblr\"><span><\/span><span class=\"sharing-screen-reader-text\">Haz clic para compartir en Tumblr (Se abre en una ventana nueva)<\/span><\/a><\/li><li class=\"share-email\"><a rel=\"nofollow noopener noreferrer\" data-shared=\"\" class=\"share-email sd-button share-icon no-text\" href=\"https:\/\/www.hondurasensusmanos.com\/turismo\/13-de-junio-el-municipio-de-maraita-fm-celebra-en-honor-a-su-santo-patron-san-antonio\/?share=email\" target=\"_blank\" title=\"Haz clic para enviar por correo electr\u00f3nico a un amigo\"><span><\/span><span class=\"sharing-screen-reader-text\">Haz clic para enviar por correo electr\u00f3nico a un amigo (Se abre en una ventana nueva)<\/span><\/a><\/li><li class=\"share-end\"><\/li><\/ul><\/div><\/div><\/div>","protected":false},"excerpt":{"rendered":"<p>El municipio de Maraita te invita a que este 13 de junio festejes en honor a San Antonio. Maraita es una municipalidad en el departamento de Francisco Moraz\u00e1n, en la rep\u00fablica de Honduras. Su nombre significa en mexicano \u00abDentro de los prisioneros de Guerra\u00bb, es decir en el interior de las tierras que estos ocupan. &#8230;<\/p>\n<div class=\"sharedaddy sd-sharing-enabled\"><div class=\"robots-nocontent sd-block sd-social sd-social-icon sd-sharing\"><h3 class=\"sd-title\">Comparte esto:<\/h3><div class=\"sd-content\"><ul><li class=\"share-facebook\"><a rel=\"nofollow noopener noreferrer\" data-shared=\"sharing-facebook-18051\" class=\"share-facebook sd-button share-icon no-text\" href=\"https:\/\/www.hondurasensusmanos.com\/turismo\/13-de-junio-el-municipio-de-maraita-fm-celebra-en-honor-a-su-santo-patron-san-antonio\/?share=facebook\" target=\"_blank\" title=\"Haz clic para compartir en Facebook\"><span><\/span><span class=\"sharing-screen-reader-text\">Haz clic para compartir en Facebook (Se abre en una ventana nueva)<\/span><\/a><\/li><li class=\"share-jetpack-whatsapp\"><a rel=\"nofollow noopener noreferrer\" data-shared=\"\" class=\"share-jetpack-whatsapp sd-button share-icon no-text\" href=\"https:\/\/www.hondurasensusmanos.com\/turismo\/13-de-junio-el-municipio-de-maraita-fm-celebra-en-honor-a-su-santo-patron-san-antonio\/?share=jetpack-whatsapp\" target=\"_blank\" title=\"Haz clic para compartir en WhatsApp\"><span><\/span><span class=\"sharing-screen-reader-text\">Haz clic para compartir en WhatsApp (Se abre en una ventana nueva)<\/span><\/a><\/li><li class=\"share-twitter\"><a rel=\"nofollow noopener noreferrer\" data-shared=\"sharing-twitter-18051\" class=\"share-twitter sd-button share-icon no-text\" href=\"https:\/\/www.hondurasensusmanos.com\/turismo\/13-de-junio-el-municipio-de-maraita-fm-celebra-en-honor-a-su-santo-patron-san-antonio\/?share=twitter\" target=\"_blank\" title=\"Haz clic para compartir en Twitter\"><span><\/span><span class=\"sharing-screen-reader-text\">Haz clic para compartir en Twitter (Se abre en una ventana nueva)<\/span><\/a><\/li><li class=\"share-tumblr\"><a rel=\"nofollow noopener noreferrer\" data-shared=\"\" class=\"share-tumblr sd-button share-icon no-text\" href=\"https:\/\/www.hondurasensusmanos.com\/turismo\/13-de-junio-el-municipio-de-maraita-fm-celebra-en-honor-a-su-santo-patron-san-antonio\/?share=tumblr\" target=\"_blank\" title=\"Haz clic para compartir en Tumblr\"><span><\/span><span class=\"sharing-screen-reader-text\">Haz clic para compartir en Tumblr (Se abre en una ventana nueva)<\/span><\/a><\/li><li class=\"share-email\"><a rel=\"nofollow noopener noreferrer\" data-shared=\"\" class=\"share-email sd-button share-icon no-text\" href=\"https:\/\/www.hondurasensusmanos.com\/turismo\/13-de-junio-el-municipio-de-maraita-fm-celebra-en-honor-a-su-santo-patron-san-antonio\/?share=email\" target=\"_blank\" title=\"Haz clic para enviar por correo electr\u00f3nico a un amigo\"><span><\/span><span class=\"sharing-screen-reader-text\">Haz clic para enviar por correo electr\u00f3nico a un amigo (Se abre en una ventana nueva)<\/span><\/a><\/li><li class=\"share-end\"><\/li><\/ul><\/div><\/div><\/div>","protected":false},"author":4,"featured_media":18052,"comment_status":"open","ping_status":"open","sticky":false,"template":"","format":"standard","meta":{"spay_email":"","jetpack_publicize_message":"","jetpack_is_tweetstorm":false},"categories":[72,83,65,60],"tags":[],"jetpack_featured_media_url":"https:\/\/www.hondurasensusmanos.com\/turismo\/wp-content\/uploads\/2021\/05\/maraita-fm.jpg","jetpack_publicize_connections":[],"jetpack_sharing_enabled":true,"jetpack_shortlink":"https:\/\/wp.me\/p8AciD-4H9","_links":{"self":[{"href":"https:\/\/www.hondurasensusmanos.com\/turismo\/wp-json\/wp\/v2\/posts\/18051"}],"collection":[{"href":"https:\/\/www.hondurasensusmanos.com\/turismo\/wp-json\/wp\/v2\/posts"}],"about":[{"href":"https:\/\/www.hondurasensusmanos.com\/turismo\/wp-json\/wp\/v2\/types\/post"}],"author":[{"embeddable":true,"href":"https:\/\/www.hondurasensusmanos.com\/turismo\/wp-json\/wp\/v2\/users\/4"}],"replies":[{"embeddable":true,"href":"https:\/\/www.hondurasensusmanos.com\/turismo\/wp-json\/wp\/v2\/comments?post=18051"}],"version-history":[{"count":3,"href":"https:\/\/www.hondurasensusmanos.com\/turismo\/wp-json\/wp\/v2\/posts\/18051\/revisions"}],"predecessor-version":[{"id":18057,"href":"https:\/\/www.hondurasensusmanos.com\/turismo\/wp-json\/wp\/v2\/posts\/18051\/revisions\/18057"}],"wp:featuredmedia":[{"embeddable":true,"href":"https:\/\/www.hondurasensusmanos.com\/turismo\/wp-json\/wp\/v2\/media\/18052"}],"wp:attachment":[{"href":"https:\/\/www.hondurasensusmanos.com\/turismo\/wp-json\/wp\/v2\/media?parent=18051"}],"wp:term":[{"taxonomy":"category","embeddable":true,"href":"https:\/\/www.hondurasensusmanos.com\/turismo\/wp-json\/wp\/v2\/categories?post=18051"},{"taxonomy":"post_tag","embeddable":true,"href":"https:\/\/www.hondurasensusmanos.com\/turismo\/wp-json\/wp\/v2\/tags?post=18051"}],"curies":[{"name":"wp","href":"https:\/\/api.w.org\/{rel}","templated":true}]}}