{"id":18679,"date":"2025-11-30T06:46:29","date_gmt":"2025-11-29T19:16:29","guid":{"rendered":"http:\/\/www.hondurasensusmanos.com\/turismo\/?p=18679"},"modified":"2025-05-31T12:24:26","modified_gmt":"2025-05-31T00:54:26","slug":"yarumela-la-paz-celebra-hoy-2-de-octubre-en-honor-a-su-santo-patron-san-francisco-de-asis","status":"publish","type":"post","link":"https:\/\/www.hondurasensusmanos.com\/turismo\/yarumela-la-paz-celebra-hoy-2-de-octubre-en-honor-a-su-santo-patron-san-francisco-de-asis\/","title":{"rendered":"Yarumela, La Paz celebra hoy 2 de Octubre en honor a su santo patr\u00f3n San Francisco de As\u00eds"},"content":{"rendered":"<p><a href=\"http:\/\/www.hondurasensusmanos.com\/turismo\/wp-content\/uploads\/2021\/06\/yarumela-san-francisco-de-asis.jpg\"><img loading=\"lazy\" class=\"wp-image-18680 aligncenter\" src=\"http:\/\/www.hondurasensusmanos.com\/turismo\/wp-content\/uploads\/2021\/06\/yarumela-san-francisco-de-asis-300x225.jpg\" alt=\"\" width=\"487\" height=\"365\" srcset=\"https:\/\/www.hondurasensusmanos.com\/turismo\/wp-content\/uploads\/2021\/06\/yarumela-san-francisco-de-asis-300x225.jpg 300w, https:\/\/www.hondurasensusmanos.com\/turismo\/wp-content\/uploads\/2021\/06\/yarumela-san-francisco-de-asis-768x577.jpg 768w, https:\/\/www.hondurasensusmanos.com\/turismo\/wp-content\/uploads\/2021\/06\/yarumela-san-francisco-de-asis-320x240.jpg 320w, https:\/\/www.hondurasensusmanos.com\/turismo\/wp-content\/uploads\/2021\/06\/yarumela-san-francisco-de-asis.jpg 1023w\" sizes=\"(max-width: 487px) 100vw, 487px\" \/><\/a><\/p>\n<p style=\"text-align: justify;\">Este hermoso pueblo perteneciente al departamento de La Paz cuenta con un arte incre\u00edble para la creaci\u00f3n de artesan\u00edas de barro, se destacan por realizar figuras b\u00edblicas que recrean nacimientos navide\u00f1os.<\/p>\n<p style=\"text-align: justify;\">Yarumela est\u00e1 ubicada\u00a0 a 4.3km del municipio de La Paz, frente a su desv\u00edo se localiza el sitio arqueol\u00f3gico El Chircal el cual contiene mont\u00edculos antiguos mayas y en \u00e9l se han encontrado utensilios antiguos que forman parte de la historia del lugar.<\/p>\n<p style=\"text-align: justify;\">Yarumela, \u201cLos b\u00e9licas\u201d (como les llaman), dentro de ella encuentras una gran historia, cultura, y sabor. En ella resalta su gente noble y acogedora con un gran esp\u00edritu de trabajo, en ella se encuentran los r\u00edos, \u00ablas lajas\u00bb \u00abel pacito\u00bb \u00abrio de tulio\u00bb \u00ablos encuentros\u00bb \u00abel puente\u00bb.<\/p>\n<p style=\"text-align: justify;\">Este lugar cultiva sandia y mango tambi\u00e9n guarda leyendas como \u00abchimpla\u00bb (RIP), \u00abchimilio\u00bb(RIP) \u00abTia chon\u00bb (RIP) \u00abaurora\u00bb(RIP) \u00ablola.<\/p>\n<p><span class=\"embed-youtube\" style=\"text-align:center; display: block;\"><iframe class='youtube-player' width='618' height='348' src='https:\/\/www.youtube.com\/embed\/jryD4FLGvjM?version=3&#038;rel=1&#038;showsearch=0&#038;showinfo=1&#038;iv_load_policy=1&#038;fs=1&#038;hl=es-ES&#038;autohide=2&#038;wmode=transparent' allowfullscreen='true' style='border:0;' sandbox='allow-scripts allow-same-origin allow-popups allow-presentation'><\/iframe><\/span><\/p>\n<p><strong>Francisco de As\u00eds <a href=\"http:\/\/www.hondurasensusmanos.com\/turismo\/wp-content\/uploads\/2021\/06\/francisco-de-asis-santo.jpg\"><img loading=\"lazy\" class=\"size-full wp-image-18682 alignright\" src=\"http:\/\/www.hondurasensusmanos.com\/turismo\/wp-content\/uploads\/2021\/06\/francisco-de-asis-santo.jpg\" alt=\"\" width=\"299\" height=\"168\" \/><\/a><\/strong><\/p>\n<p style=\"text-align: justify;\">San Francisco de As\u00eds (en italiano San Francesco d\u2019Assisi, nacido Giovanni di Pietro Bernardone; As\u00eds, 1181\/11825\u200b-ibidem, 3 de octubre de 1226)\u200b es un santo umbro (italiano), di\u00e1cono,6\u200b7\u200b y fundador de la Orden Franciscana, de una segunda orden conocida como Hermanas Clarisas y una tercera conocida como tercera orden seglar, todas surgidas bajo la autoridad de la Iglesia cat\u00f3lica en la Edad Media. Destaca como una de las grandes figuras de la espiritualidad en la historia de la cristianidad.<\/p>\n<p style=\"text-align: justify;\">De ser hijo de un rico comerciante de la ciudad en su juventud, pas\u00f3 a vivir bajo la m\u00e1s estricta pobreza y observancia de los Evangelios. En Egipto, intent\u00f3 infructuosamente la conversi\u00f3n de los musulmanes al cristianismo. Su vida religiosa fue austera y simple, por lo que animaba a sus seguidores a hacerlo de igual manera. Tal forma de vivir no fue aceptada por algunos de los nuevos miembros de la orden mientras esta crec\u00eda; aun as\u00ed, Francisco no fue reticente a una reorganizaci\u00f3n. Es el primer caso conocido en la historia de estigmatizaciones visibles y externas.\u200b Fue canonizado por la Iglesia cat\u00f3lica en 1228, y su festividad se celebra el 4 de octubre. En italiano es conocido tambi\u00e9n como il poverello d&#8217;Assisi, es decir, \u00abel pobrecillo de As\u00eds\u00bb.<\/p>\n<div class=\"sharedaddy sd-sharing-enabled\"><div class=\"robots-nocontent sd-block sd-social sd-social-icon sd-sharing\"><h3 class=\"sd-title\">Comparte esto:<\/h3><div class=\"sd-content\"><ul><li class=\"share-facebook\"><a rel=\"nofollow noopener noreferrer\" data-shared=\"sharing-facebook-18679\" class=\"share-facebook sd-button share-icon no-text\" href=\"https:\/\/www.hondurasensusmanos.com\/turismo\/yarumela-la-paz-celebra-hoy-2-de-octubre-en-honor-a-su-santo-patron-san-francisco-de-asis\/?share=facebook\" target=\"_blank\" title=\"Haz clic para compartir en Facebook\"><span><\/span><span class=\"sharing-screen-reader-text\">Haz clic para compartir en Facebook (Se abre en una ventana nueva)<\/span><\/a><\/li><li class=\"share-jetpack-whatsapp\"><a rel=\"nofollow noopener noreferrer\" data-shared=\"\" class=\"share-jetpack-whatsapp sd-button share-icon no-text\" href=\"https:\/\/www.hondurasensusmanos.com\/turismo\/yarumela-la-paz-celebra-hoy-2-de-octubre-en-honor-a-su-santo-patron-san-francisco-de-asis\/?share=jetpack-whatsapp\" target=\"_blank\" title=\"Haz clic para compartir en WhatsApp\"><span><\/span><span class=\"sharing-screen-reader-text\">Haz clic para compartir en WhatsApp (Se abre en una ventana nueva)<\/span><\/a><\/li><li class=\"share-twitter\"><a rel=\"nofollow noopener noreferrer\" data-shared=\"sharing-twitter-18679\" class=\"share-twitter sd-button share-icon no-text\" href=\"https:\/\/www.hondurasensusmanos.com\/turismo\/yarumela-la-paz-celebra-hoy-2-de-octubre-en-honor-a-su-santo-patron-san-francisco-de-asis\/?share=twitter\" target=\"_blank\" title=\"Haz clic para compartir en Twitter\"><span><\/span><span class=\"sharing-screen-reader-text\">Haz clic para compartir en Twitter (Se abre en una ventana nueva)<\/span><\/a><\/li><li class=\"share-tumblr\"><a rel=\"nofollow noopener noreferrer\" data-shared=\"\" class=\"share-tumblr sd-button share-icon no-text\" href=\"https:\/\/www.hondurasensusmanos.com\/turismo\/yarumela-la-paz-celebra-hoy-2-de-octubre-en-honor-a-su-santo-patron-san-francisco-de-asis\/?share=tumblr\" target=\"_blank\" title=\"Haz clic para compartir en Tumblr\"><span><\/span><span class=\"sharing-screen-reader-text\">Haz clic para compartir en Tumblr (Se abre en una ventana nueva)<\/span><\/a><\/li><li class=\"share-email\"><a rel=\"nofollow noopener noreferrer\" data-shared=\"\" class=\"share-email sd-button share-icon no-text\" href=\"https:\/\/www.hondurasensusmanos.com\/turismo\/yarumela-la-paz-celebra-hoy-2-de-octubre-en-honor-a-su-santo-patron-san-francisco-de-asis\/?share=email\" target=\"_blank\" title=\"Haz clic para enviar por correo electr\u00f3nico a un amigo\"><span><\/span><span class=\"sharing-screen-reader-text\">Haz clic para enviar por correo electr\u00f3nico a un amigo (Se abre en una ventana nueva)<\/span><\/a><\/li><li class=\"share-end\"><\/li><\/ul><\/div><\/div><\/div>","protected":false},"excerpt":{"rendered":"<p>Este hermoso pueblo perteneciente al departamento de La Paz cuenta con un arte incre\u00edble para la creaci\u00f3n de artesan\u00edas de barro, se destacan por realizar figuras b\u00edblicas que recrean nacimientos navide\u00f1os. Yarumela est\u00e1 ubicada\u00a0 a 4.3km del municipio de La Paz, frente a su desv\u00edo se localiza el sitio arqueol\u00f3gico El Chircal el cual contiene &#8230;<\/p>\n<div class=\"sharedaddy sd-sharing-enabled\"><div class=\"robots-nocontent sd-block sd-social sd-social-icon sd-sharing\"><h3 class=\"sd-title\">Comparte esto:<\/h3><div class=\"sd-content\"><ul><li class=\"share-facebook\"><a rel=\"nofollow noopener noreferrer\" data-shared=\"sharing-facebook-18679\" class=\"share-facebook sd-button share-icon no-text\" href=\"https:\/\/www.hondurasensusmanos.com\/turismo\/yarumela-la-paz-celebra-hoy-2-de-octubre-en-honor-a-su-santo-patron-san-francisco-de-asis\/?share=facebook\" target=\"_blank\" title=\"Haz clic para compartir en Facebook\"><span><\/span><span class=\"sharing-screen-reader-text\">Haz clic para compartir en Facebook (Se abre en una ventana nueva)<\/span><\/a><\/li><li class=\"share-jetpack-whatsapp\"><a rel=\"nofollow noopener noreferrer\" data-shared=\"\" class=\"share-jetpack-whatsapp sd-button share-icon no-text\" href=\"https:\/\/www.hondurasensusmanos.com\/turismo\/yarumela-la-paz-celebra-hoy-2-de-octubre-en-honor-a-su-santo-patron-san-francisco-de-asis\/?share=jetpack-whatsapp\" target=\"_blank\" title=\"Haz clic para compartir en WhatsApp\"><span><\/span><span class=\"sharing-screen-reader-text\">Haz clic para compartir en WhatsApp (Se abre en una ventana nueva)<\/span><\/a><\/li><li class=\"share-twitter\"><a rel=\"nofollow noopener noreferrer\" data-shared=\"sharing-twitter-18679\" class=\"share-twitter sd-button share-icon no-text\" href=\"https:\/\/www.hondurasensusmanos.com\/turismo\/yarumela-la-paz-celebra-hoy-2-de-octubre-en-honor-a-su-santo-patron-san-francisco-de-asis\/?share=twitter\" target=\"_blank\" title=\"Haz clic para compartir en Twitter\"><span><\/span><span class=\"sharing-screen-reader-text\">Haz clic para compartir en Twitter (Se abre en una ventana nueva)<\/span><\/a><\/li><li class=\"share-tumblr\"><a rel=\"nofollow noopener noreferrer\" data-shared=\"\" class=\"share-tumblr sd-button share-icon no-text\" href=\"https:\/\/www.hondurasensusmanos.com\/turismo\/yarumela-la-paz-celebra-hoy-2-de-octubre-en-honor-a-su-santo-patron-san-francisco-de-asis\/?share=tumblr\" target=\"_blank\" title=\"Haz clic para compartir en Tumblr\"><span><\/span><span class=\"sharing-screen-reader-text\">Haz clic para compartir en Tumblr (Se abre en una ventana nueva)<\/span><\/a><\/li><li class=\"share-email\"><a rel=\"nofollow noopener noreferrer\" data-shared=\"\" class=\"share-email sd-button share-icon no-text\" href=\"https:\/\/www.hondurasensusmanos.com\/turismo\/yarumela-la-paz-celebra-hoy-2-de-octubre-en-honor-a-su-santo-patron-san-francisco-de-asis\/?share=email\" target=\"_blank\" title=\"Haz clic para enviar por correo electr\u00f3nico a un amigo\"><span><\/span><span class=\"sharing-screen-reader-text\">Haz clic para enviar por correo electr\u00f3nico a un amigo (Se abre en una ventana nueva)<\/span><\/a><\/li><li class=\"share-end\"><\/li><\/ul><\/div><\/div><\/div>","protected":false},"author":4,"featured_media":18681,"comment_status":"open","ping_status":"open","sticky":false,"template":"","format":"standard","meta":{"spay_email":"","jetpack_publicize_message":"","jetpack_is_tweetstorm":false},"categories":[76,65,60],"tags":[],"jetpack_featured_media_url":"https:\/\/www.hondurasensusmanos.com\/turismo\/wp-content\/uploads\/2021\/06\/yarumela-la-paz.jpg","jetpack_publicize_connections":[],"jetpack_sharing_enabled":true,"jetpack_shortlink":"https:\/\/wp.me\/p8AciD-4Rh","_links":{"self":[{"href":"https:\/\/www.hondurasensusmanos.com\/turismo\/wp-json\/wp\/v2\/posts\/18679"}],"collection":[{"href":"https:\/\/www.hondurasensusmanos.com\/turismo\/wp-json\/wp\/v2\/posts"}],"about":[{"href":"https:\/\/www.hondurasensusmanos.com\/turismo\/wp-json\/wp\/v2\/types\/post"}],"author":[{"embeddable":true,"href":"https:\/\/www.hondurasensusmanos.com\/turismo\/wp-json\/wp\/v2\/users\/4"}],"replies":[{"embeddable":true,"href":"https:\/\/www.hondurasensusmanos.com\/turismo\/wp-json\/wp\/v2\/comments?post=18679"}],"version-history":[{"count":1,"href":"https:\/\/www.hondurasensusmanos.com\/turismo\/wp-json\/wp\/v2\/posts\/18679\/revisions"}],"predecessor-version":[{"id":18683,"href":"https:\/\/www.hondurasensusmanos.com\/turismo\/wp-json\/wp\/v2\/posts\/18679\/revisions\/18683"}],"wp:featuredmedia":[{"embeddable":true,"href":"https:\/\/www.hondurasensusmanos.com\/turismo\/wp-json\/wp\/v2\/media\/18681"}],"wp:attachment":[{"href":"https:\/\/www.hondurasensusmanos.com\/turismo\/wp-json\/wp\/v2\/media?parent=18679"}],"wp:term":[{"taxonomy":"category","embeddable":true,"href":"https:\/\/www.hondurasensusmanos.com\/turismo\/wp-json\/wp\/v2\/categories?post=18679"},{"taxonomy":"post_tag","embeddable":true,"href":"https:\/\/www.hondurasensusmanos.com\/turismo\/wp-json\/wp\/v2\/tags?post=18679"}],"curies":[{"name":"wp","href":"https:\/\/api.w.org\/{rel}","templated":true}]}}