{"id":18707,"date":"2025-10-02T06:23:35","date_gmt":"2025-10-01T18:53:35","guid":{"rendered":"http:\/\/www.hondurasensusmanos.com\/turismo\/?p=18707"},"modified":"2025-05-31T12:34:55","modified_gmt":"2025-05-31T01:04:55","slug":"valle-de-angeles-fm-celebra-en-honor-a-san-francisco-de-asis","status":"publish","type":"post","link":"https:\/\/www.hondurasensusmanos.com\/turismo\/valle-de-angeles-fm-celebra-en-honor-a-san-francisco-de-asis\/","title":{"rendered":"Valle de \u00c1ngeles, FM celebra en honor a San Francisco de As\u00eds"},"content":{"rendered":"<p><a href=\"http:\/\/www.hondurasensusmanos.com\/turismo\/wp-content\/uploads\/2021\/06\/Valle-de-angeles.jpg\"><img loading=\"lazy\" class=\"wp-image-18708 aligncenter\" src=\"http:\/\/www.hondurasensusmanos.com\/turismo\/wp-content\/uploads\/2021\/06\/Valle-de-angeles-300x200.jpg\" alt=\"\" width=\"638\" height=\"425\" srcset=\"https:\/\/www.hondurasensusmanos.com\/turismo\/wp-content\/uploads\/2021\/06\/Valle-de-angeles-300x200.jpg 300w, https:\/\/www.hondurasensusmanos.com\/turismo\/wp-content\/uploads\/2021\/06\/Valle-de-angeles-768x512.jpg 768w, https:\/\/www.hondurasensusmanos.com\/turismo\/wp-content\/uploads\/2021\/06\/Valle-de-angeles.jpg 990w\" sizes=\"(max-width: 638px) 100vw, 638px\" \/><\/a><\/p>\n<p style=\"text-align: justify;\"><strong>Si piensas visitar Valle de \u00c1ngeles<\/strong>, te dejamos una lista de lugares que no pueden hacer falta en tu viaje. Este municipio esta ubicado dentro del departamento de\u00a0Francisco Moraz\u00e1n.<\/p>\n<p style=\"text-align: justify;\">Valle de \u00c1ngeles se caracteriza por tener\u00a0<strong>veranos bastante c\u00e1lidos<\/strong>, con temperaturas de hasta de 30 grados.<\/p>\n<p style=\"text-align: justify;\">Tambi\u00e9n se caracteriza por tener muchas monta\u00f1as y minas, donde se pueden\u00a0<strong>apreciar hermosos paisajes.<\/strong><\/p>\n<h2 style=\"text-align: justify;\">Monta\u00f1as que puedes recorrer<\/h2>\n<ul style=\"text-align: justify;\">\n<li>Monta\u00f1a La Marranera<\/li>\n<li>Mina \u00abLas Animas\u00bb<\/li>\n<li>Mineral de \u00c1ngeles<\/li>\n<\/ul>\n<p style=\"text-align: justify;\">Otro de los atractivos tur\u00edsticos de Valle de \u00c1ngeles es la reserva forestal\u00a0Parque Nacional La Tigra.<\/p>\n<p style=\"text-align: justify;\">Un bosque nuboso con una amplia y rica biodiversidad, incluso abastece agua dulce al<strong>\u00a040% de los habitantes<\/strong>\u00a0de la capital.<\/p>\n<h2 style=\"text-align: justify;\">Caba\u00f1a Posada del \u00c1ngel<\/h2>\n<p style=\"text-align: justify;\">Es ideal para aquellas personas que buscan\u00a0<strong>relajarse fuera de la ciudad<\/strong>, es un rinc\u00f3n al aire libre donde se puede disfrutar de hermosos paisajes y buena comida.<\/p>\n<p style=\"text-align: justify;\">Las caba\u00f1as Posada del \u00c1ngel, cuenta con \u00e1rea para hospedarse, tambi\u00e9n tiene un\u00a0<strong>restaurante\u00a0<\/strong>con muy buenas opciones para consumir.<\/p>\n<p style=\"text-align: justify;\"><strong>Entrada:\u00a0<\/strong>L.150.00<\/p>\n<div class=\"wp-block-image\" style=\"text-align: justify;\">\n<figure class=\"aligncenter size-large is-resized\"><img loading=\"lazy\" class=\"wp-image-15583\" src=\"https:\/\/www.honduras.com\/wp-content\/uploads\/2021\/04\/photo4915688850681080191.jpg\" sizes=\"(max-width: 464px) 100vw, 464px\" srcset=\"https:\/\/www.honduras.com\/wp-content\/uploads\/2021\/04\/photo4915688850681080191.jpg 828w, https:\/\/www.honduras.com\/wp-content\/uploads\/2021\/04\/photo4915688850681080191-300x300.jpg 300w, https:\/\/www.honduras.com\/wp-content\/uploads\/2021\/04\/photo4915688850681080191-150x150.jpg 150w, https:\/\/www.honduras.com\/wp-content\/uploads\/2021\/04\/photo4915688850681080191-768x767.jpg 768w\" alt=\"\" width=\"464\" height=\"463\" \/><figcaption>(Cr\u00e9ditos: @isisamayahn)<\/figcaption><\/figure>\n<\/div>\n<h2 style=\"text-align: justify;\">Galer\u00eda Sixtina<\/h2>\n<p style=\"text-align: justify;\">Es una galer\u00eda de arte del conocido artista hondure\u00f1o,<strong>\u00a0Julio Vizquerra.<\/strong><\/p>\n<p style=\"text-align: justify;\">Esta ubicada en la calle principal de Valle de \u00c1ngeles, e i incluso da clases de\u00a0<strong>arte y pintura los fines de semana.<\/strong><\/p>\n<p style=\"text-align: justify;\">Tambi\u00e9n se exponen\u00a0<strong>conciertos de artistas hondure\u00f1os<\/strong>\u00a0reconocidos, con el fin de apoyar a los catrachos con talento.<\/p>\n<div class=\"wp-block-image\" style=\"text-align: justify;\">\n<figure class=\"aligncenter size-large is-resized\"><img loading=\"lazy\" class=\"wp-image-15589\" src=\"https:\/\/www.honduras.com\/wp-content\/uploads\/2021\/04\/galeria-sixtina-VA.jpg\" sizes=\"(max-width: 500px) 100vw, 500px\" srcset=\"https:\/\/www.honduras.com\/wp-content\/uploads\/2021\/04\/galeria-sixtina-VA.jpg 600w, https:\/\/www.honduras.com\/wp-content\/uploads\/2021\/04\/galeria-sixtina-VA-300x200.jpg 300w\" alt=\"\" width=\"500\" height=\"333\" \/><\/figure>\n<\/div>\n<h2 style=\"text-align: justify;\">Parroquia San Francisco de As\u00eds<\/h2>\n<p style=\"text-align: justify;\"><strong>Fue construida alrededor de 1879\u00a0<\/strong>y se convirti\u00f3 en la capellan\u00eda en el a\u00f1o 1889. Se erigi\u00f3 a Valle de \u00c1ngeles, Santa Luc\u00eda y San Juancito como parroquia. El primer sacerdote espa\u00f1ol fue el presb\u00edtero Roque Bosch Caixal.<\/p>\n<div class=\"wp-block-image\" style=\"text-align: justify;\">\n<figure class=\"aligncenter size-large is-resized\"><img loading=\"lazy\" class=\"wp-image-15592\" src=\"https:\/\/www.honduras.com\/wp-content\/uploads\/2021\/04\/iglesia-san-frnacisco-de-asis.jpg\" sizes=\"(max-width: 510px) 100vw, 510px\" srcset=\"https:\/\/www.honduras.com\/wp-content\/uploads\/2021\/04\/iglesia-san-frnacisco-de-asis.jpg 1024w, https:\/\/www.honduras.com\/wp-content\/uploads\/2021\/04\/iglesia-san-frnacisco-de-asis-300x225.jpg 300w, https:\/\/www.honduras.com\/wp-content\/uploads\/2021\/04\/iglesia-san-frnacisco-de-asis-768x576.jpg 768w\" alt=\"\" width=\"510\" height=\"383\" \/><\/figure>\n<\/div>\n<h2 style=\"text-align: justify;\">Canopy Las Golondrinas<\/h2>\n<p style=\"text-align: justify;\">Es un lugar donde puedes explorar los hornos de las minas, justo a la entrada del sendero.<\/p>\n<p style=\"text-align: justify;\">Las 3 minas que se pueden observar son<strong>: Las Animas, Los \u00c1ngeles y El Socorro.<\/strong><\/p>\n<p style=\"text-align: justify;\">Durante el recorrido se pueden apreciar una gran diversidad de<strong>\u00a0flora y fauna.<\/strong><\/p>\n<p style=\"text-align: justify;\">Animales como p\u00e1jaros ex\u00f3ticos, Jaguares y reptiles, que conforman la\u00a0<strong>vida silvestre del lugar.<\/strong><\/p>\n<div class=\"wp-block-image\">\n<figure class=\"aligncenter size-large is-resized\" style=\"text-align: justify;\"><img loading=\"lazy\" class=\"wp-image-15594\" src=\"https:\/\/www.honduras.com\/wp-content\/uploads\/2021\/04\/canopy-las-golondrinas2.jpg\" sizes=\"(max-width: 305px) 100vw, 305px\" srcset=\"https:\/\/www.honduras.com\/wp-content\/uploads\/2021\/04\/canopy-las-golondrinas2.jpg 539w, https:\/\/www.honduras.com\/wp-content\/uploads\/2021\/04\/canopy-las-golondrinas2-168x300.jpg 168w\" alt=\"\" width=\"305\" height=\"543\" \/><\/figure>\n<p>Fuente: Honduras.com<\/p>\n<p><span class=\"embed-youtube\" style=\"text-align:center; display: block;\"><iframe class='youtube-player' width='618' height='348' src='https:\/\/www.youtube.com\/embed\/OmAuW43-Z8I?version=3&#038;rel=1&#038;showsearch=0&#038;showinfo=1&#038;iv_load_policy=1&#038;fs=1&#038;hl=es-ES&#038;autohide=2&#038;wmode=transparent' allowfullscreen='true' style='border:0;' sandbox='allow-scripts allow-same-origin allow-popups allow-presentation'><\/iframe><\/span><\/p>\n<p><strong>Francisco de As\u00eds<a href=\"http:\/\/www.hondurasensusmanos.com\/turismo\/wp-content\/uploads\/2021\/06\/francisco-de-asis-santo.jpg\"><img loading=\"lazy\" class=\"size-full wp-image-18682 alignright\" src=\"http:\/\/www.hondurasensusmanos.com\/turismo\/wp-content\/uploads\/2021\/06\/francisco-de-asis-santo.jpg\" alt=\"\" width=\"299\" height=\"168\" \/><\/a><\/strong><\/p>\n<p style=\"text-align: justify;\">San Francisco de As\u00eds (en italiano San Francesco d\u2019Assisi, nacido Giovanni di Pietro Bernardone; As\u00eds, 1181\/11825\u200b-ibidem, 3 de octubre de 1226)\u200b es un santo umbro (italiano), di\u00e1cono,6\u200b7\u200b y fundador de la Orden Franciscana, de una segunda orden conocida como Hermanas Clarisas y una tercera conocida como tercera orden seglar, todas surgidas bajo la autoridad de la Iglesia cat\u00f3lica en la Edad Media. Destaca como una de las grandes figuras de la espiritualidad en la historia de la cristianidad.<\/p>\n<p style=\"text-align: justify;\">De ser hijo de un rico comerciante de la ciudad en su juventud, pas\u00f3 a vivir bajo la m\u00e1s estricta pobreza y observancia de los Evangelios. En Egipto, intent\u00f3 infructuosamente la conversi\u00f3n de los musulmanes al cristianismo. Su vida religiosa fue austera y simple, por lo que animaba a sus seguidores a hacerlo de igual manera. Tal forma de vivir no fue aceptada por algunos de los nuevos miembros de la orden mientras esta crec\u00eda; aun as\u00ed, Francisco no fue reticente a una reorganizaci\u00f3n. Es el primer caso conocido en la historia de estigmatizaciones visibles y externas.\u200b Fue canonizado por la Iglesia cat\u00f3lica en 1228, y su festividad se celebra el 4 de octubre. En italiano es conocido tambi\u00e9n como il poverello d&#8217;Assisi, es decir, \u00abel pobrecillo de As\u00eds\u00bb.<\/p>\n<\/div>\n<div class=\"sharedaddy sd-sharing-enabled\"><div class=\"robots-nocontent sd-block sd-social sd-social-icon sd-sharing\"><h3 class=\"sd-title\">Comparte esto:<\/h3><div class=\"sd-content\"><ul><li class=\"share-facebook\"><a rel=\"nofollow noopener noreferrer\" data-shared=\"sharing-facebook-18707\" class=\"share-facebook sd-button share-icon no-text\" href=\"https:\/\/www.hondurasensusmanos.com\/turismo\/valle-de-angeles-fm-celebra-en-honor-a-san-francisco-de-asis\/?share=facebook\" target=\"_blank\" title=\"Haz clic para compartir en Facebook\"><span><\/span><span class=\"sharing-screen-reader-text\">Haz clic para compartir en Facebook (Se abre en una ventana nueva)<\/span><\/a><\/li><li class=\"share-jetpack-whatsapp\"><a rel=\"nofollow noopener noreferrer\" data-shared=\"\" class=\"share-jetpack-whatsapp sd-button share-icon no-text\" href=\"https:\/\/www.hondurasensusmanos.com\/turismo\/valle-de-angeles-fm-celebra-en-honor-a-san-francisco-de-asis\/?share=jetpack-whatsapp\" target=\"_blank\" title=\"Haz clic para compartir en WhatsApp\"><span><\/span><span class=\"sharing-screen-reader-text\">Haz clic para compartir en WhatsApp (Se abre en una ventana nueva)<\/span><\/a><\/li><li class=\"share-twitter\"><a rel=\"nofollow noopener noreferrer\" data-shared=\"sharing-twitter-18707\" class=\"share-twitter sd-button share-icon no-text\" href=\"https:\/\/www.hondurasensusmanos.com\/turismo\/valle-de-angeles-fm-celebra-en-honor-a-san-francisco-de-asis\/?share=twitter\" target=\"_blank\" title=\"Haz clic para compartir en Twitter\"><span><\/span><span class=\"sharing-screen-reader-text\">Haz clic para compartir en Twitter (Se abre en una ventana nueva)<\/span><\/a><\/li><li class=\"share-tumblr\"><a rel=\"nofollow noopener noreferrer\" data-shared=\"\" class=\"share-tumblr sd-button share-icon no-text\" href=\"https:\/\/www.hondurasensusmanos.com\/turismo\/valle-de-angeles-fm-celebra-en-honor-a-san-francisco-de-asis\/?share=tumblr\" target=\"_blank\" title=\"Haz clic para compartir en Tumblr\"><span><\/span><span class=\"sharing-screen-reader-text\">Haz clic para compartir en Tumblr (Se abre en una ventana nueva)<\/span><\/a><\/li><li class=\"share-email\"><a rel=\"nofollow noopener noreferrer\" data-shared=\"\" class=\"share-email sd-button share-icon no-text\" href=\"https:\/\/www.hondurasensusmanos.com\/turismo\/valle-de-angeles-fm-celebra-en-honor-a-san-francisco-de-asis\/?share=email\" target=\"_blank\" title=\"Haz clic para enviar por correo electr\u00f3nico a un amigo\"><span><\/span><span class=\"sharing-screen-reader-text\">Haz clic para enviar por correo electr\u00f3nico a un amigo (Se abre en una ventana nueva)<\/span><\/a><\/li><li class=\"share-end\"><\/li><\/ul><\/div><\/div><\/div>","protected":false},"excerpt":{"rendered":"<p>Si piensas visitar Valle de \u00c1ngeles, te dejamos una lista de lugares que no pueden hacer falta en tu viaje. Este municipio esta ubicado dentro del departamento de\u00a0Francisco Moraz\u00e1n. Valle de \u00c1ngeles se caracteriza por tener\u00a0veranos bastante c\u00e1lidos, con temperaturas de hasta de 30 grados. Tambi\u00e9n se caracteriza por tener muchas monta\u00f1as y minas, donde &#8230;<\/p>\n<div class=\"sharedaddy sd-sharing-enabled\"><div class=\"robots-nocontent sd-block sd-social sd-social-icon sd-sharing\"><h3 class=\"sd-title\">Comparte esto:<\/h3><div class=\"sd-content\"><ul><li class=\"share-facebook\"><a rel=\"nofollow noopener noreferrer\" data-shared=\"sharing-facebook-18707\" class=\"share-facebook sd-button share-icon no-text\" href=\"https:\/\/www.hondurasensusmanos.com\/turismo\/valle-de-angeles-fm-celebra-en-honor-a-san-francisco-de-asis\/?share=facebook\" target=\"_blank\" title=\"Haz clic para compartir en Facebook\"><span><\/span><span class=\"sharing-screen-reader-text\">Haz clic para compartir en Facebook (Se abre en una ventana nueva)<\/span><\/a><\/li><li class=\"share-jetpack-whatsapp\"><a rel=\"nofollow noopener noreferrer\" data-shared=\"\" class=\"share-jetpack-whatsapp sd-button share-icon no-text\" href=\"https:\/\/www.hondurasensusmanos.com\/turismo\/valle-de-angeles-fm-celebra-en-honor-a-san-francisco-de-asis\/?share=jetpack-whatsapp\" target=\"_blank\" title=\"Haz clic para compartir en WhatsApp\"><span><\/span><span class=\"sharing-screen-reader-text\">Haz clic para compartir en WhatsApp (Se abre en una ventana nueva)<\/span><\/a><\/li><li class=\"share-twitter\"><a rel=\"nofollow noopener noreferrer\" data-shared=\"sharing-twitter-18707\" class=\"share-twitter sd-button share-icon no-text\" href=\"https:\/\/www.hondurasensusmanos.com\/turismo\/valle-de-angeles-fm-celebra-en-honor-a-san-francisco-de-asis\/?share=twitter\" target=\"_blank\" title=\"Haz clic para compartir en Twitter\"><span><\/span><span class=\"sharing-screen-reader-text\">Haz clic para compartir en Twitter (Se abre en una ventana nueva)<\/span><\/a><\/li><li class=\"share-tumblr\"><a rel=\"nofollow noopener noreferrer\" data-shared=\"\" class=\"share-tumblr sd-button share-icon no-text\" href=\"https:\/\/www.hondurasensusmanos.com\/turismo\/valle-de-angeles-fm-celebra-en-honor-a-san-francisco-de-asis\/?share=tumblr\" target=\"_blank\" title=\"Haz clic para compartir en Tumblr\"><span><\/span><span class=\"sharing-screen-reader-text\">Haz clic para compartir en Tumblr (Se abre en una ventana nueva)<\/span><\/a><\/li><li class=\"share-email\"><a rel=\"nofollow noopener noreferrer\" data-shared=\"\" class=\"share-email sd-button share-icon no-text\" href=\"https:\/\/www.hondurasensusmanos.com\/turismo\/valle-de-angeles-fm-celebra-en-honor-a-san-francisco-de-asis\/?share=email\" target=\"_blank\" title=\"Haz clic para enviar por correo electr\u00f3nico a un amigo\"><span><\/span><span class=\"sharing-screen-reader-text\">Haz clic para enviar por correo electr\u00f3nico a un amigo (Se abre en una ventana nueva)<\/span><\/a><\/li><li class=\"share-end\"><\/li><\/ul><\/div><\/div><\/div>","protected":false},"author":4,"featured_media":18711,"comment_status":"open","ping_status":"open","sticky":false,"template":"","format":"standard","meta":{"spay_email":"","jetpack_publicize_message":"","jetpack_is_tweetstorm":false},"categories":[72,65,60],"tags":[],"jetpack_featured_media_url":"https:\/\/www.hondurasensusmanos.com\/turismo\/wp-content\/uploads\/2021\/06\/VALLE-DE-ANGELES-2.jpg","jetpack_publicize_connections":[],"jetpack_sharing_enabled":true,"jetpack_shortlink":"https:\/\/wp.me\/p8AciD-4RJ","_links":{"self":[{"href":"https:\/\/www.hondurasensusmanos.com\/turismo\/wp-json\/wp\/v2\/posts\/18707"}],"collection":[{"href":"https:\/\/www.hondurasensusmanos.com\/turismo\/wp-json\/wp\/v2\/posts"}],"about":[{"href":"https:\/\/www.hondurasensusmanos.com\/turismo\/wp-json\/wp\/v2\/types\/post"}],"author":[{"embeddable":true,"href":"https:\/\/www.hondurasensusmanos.com\/turismo\/wp-json\/wp\/v2\/users\/4"}],"replies":[{"embeddable":true,"href":"https:\/\/www.hondurasensusmanos.com\/turismo\/wp-json\/wp\/v2\/comments?post=18707"}],"version-history":[{"count":1,"href":"https:\/\/www.hondurasensusmanos.com\/turismo\/wp-json\/wp\/v2\/posts\/18707\/revisions"}],"predecessor-version":[{"id":18712,"href":"https:\/\/www.hondurasensusmanos.com\/turismo\/wp-json\/wp\/v2\/posts\/18707\/revisions\/18712"}],"wp:featuredmedia":[{"embeddable":true,"href":"https:\/\/www.hondurasensusmanos.com\/turismo\/wp-json\/wp\/v2\/media\/18711"}],"wp:attachment":[{"href":"https:\/\/www.hondurasensusmanos.com\/turismo\/wp-json\/wp\/v2\/media?parent=18707"}],"wp:term":[{"taxonomy":"category","embeddable":true,"href":"https:\/\/www.hondurasensusmanos.com\/turismo\/wp-json\/wp\/v2\/categories?post=18707"},{"taxonomy":"post_tag","embeddable":true,"href":"https:\/\/www.hondurasensusmanos.com\/turismo\/wp-json\/wp\/v2\/tags?post=18707"}],"curies":[{"name":"wp","href":"https:\/\/api.w.org\/{rel}","templated":true}]}}