{"id":19689,"date":"2023-03-12T06:00:29","date_gmt":"2023-03-11T18:30:29","guid":{"rendered":"https:\/\/www.hondurasensusmanos.com\/turismo\/?p=19689"},"modified":"2023-03-10T05:49:20","modified_gmt":"2023-03-09T18:19:20","slug":"col-buenos-aires-en-ciudad-de-tegucigalpa-celebra-su-feria-en-honor-a-san-jose","status":"publish","type":"post","link":"https:\/\/www.hondurasensusmanos.com\/turismo\/col-buenos-aires-en-ciudad-de-tegucigalpa-celebra-su-feria-en-honor-a-san-jose\/","title":{"rendered":"Col. Buenos Aires en ciudad de Tegucigalpa celebra su feria en honor a San Jos\u00e9"},"content":{"rendered":"<p><a href=\"http:\/\/www.hondurasensusmanos.com\/turismo\/wp-content\/uploads\/2022\/03\/maxresdefault.jpg\"><img loading=\"lazy\" class=\"wp-image-19691 aligncenter\" src=\"http:\/\/www.hondurasensusmanos.com\/turismo\/wp-content\/uploads\/2022\/03\/maxresdefault-300x169.jpg\" alt=\"\" width=\"577\" height=\"325\" srcset=\"https:\/\/www.hondurasensusmanos.com\/turismo\/wp-content\/uploads\/2022\/03\/maxresdefault-300x169.jpg 300w, https:\/\/www.hondurasensusmanos.com\/turismo\/wp-content\/uploads\/2022\/03\/maxresdefault-1024x576.jpg 1024w, https:\/\/www.hondurasensusmanos.com\/turismo\/wp-content\/uploads\/2022\/03\/maxresdefault-768x432.jpg 768w, https:\/\/www.hondurasensusmanos.com\/turismo\/wp-content\/uploads\/2022\/03\/maxresdefault.jpg 1280w\" sizes=\"(max-width: 577px) 100vw, 577px\" \/><\/a><\/p>\n<p>Ingresar al barrio Buenos Aires brinda la sensaci\u00f3n de detener el tiempo.<\/p>\n<p>Tranquilidad y belleza son calificativos que describen a este oto\u00f1al barrio de Tegucigalpa.<\/p>\n<p>Sus empinadas calles y su certera ubicaci\u00f3n fue la causa para que los primeros pobladores le otorgaran su nombre, pues desde lo alto del sector del Picacho se recibe un fresco clima.<\/p>\n<p>Les invitamos a conocer los encantos de este barrio capitalino.<\/p>\n<p>&nbsp;<\/p>\n<p><a href=\"http:\/\/www.hondurasensusmanos.com\/turismo\/wp-content\/uploads\/2022\/03\/san-jose.jpeg\"><img loading=\"lazy\" class=\"size-medium wp-image-19692 alignleft\" src=\"http:\/\/www.hondurasensusmanos.com\/turismo\/wp-content\/uploads\/2022\/03\/san-jose-245x300.jpeg\" alt=\"\" width=\"245\" height=\"300\" srcset=\"https:\/\/www.hondurasensusmanos.com\/turismo\/wp-content\/uploads\/2022\/03\/san-jose-245x300.jpeg 245w, https:\/\/www.hondurasensusmanos.com\/turismo\/wp-content\/uploads\/2022\/03\/san-jose.jpeg 420w\" sizes=\"(max-width: 245px) 100vw, 245px\" \/><\/a>Solemnidad de san Jos\u00e9, esposo de la bienaventurada Virgen Mar\u00eda, var\u00f3n justo, nacido de la estirpe de David, que hizo las veces de padre al Hijo de Dios, Cristo Jes\u00fas, el cual quiso ser llamado hijo de Jos\u00e9 y le estuvo sujeto como un hijo a su padre. La Iglesia lo venera con especial honor como patr\u00f3n, a quien el Se\u00f1or constituy\u00f3 sobre su familia.<\/p>\n<p>El matrimonio de Jos\u00e9 con Mar\u00eda fue un verdadero matrimonio, aunque virginal. Poco despu\u00e9s del compromiso, Jos\u00e9 se percat\u00f3 de la maternidad de Mar\u00eda y, aunque no dudaba de su integridad, pens\u00f3 \u201crepudiarla en secreto\u201d. Siendo \u201chombre justo\u201d, a\u00f1ade el Evangelio -el adjetivo usado en esta dram\u00e1tica situaci\u00f3n es como el rel\u00e1mpago deslumbrador que ilumina toda la figura del santo-, no quiso admitir sospechas, pero tampoco avalar con su presencia un hecho inexplicable. La palabra del \u00e1ngel aclara el angustioso dilema. As\u00ed \u00e9l \u201ctom\u00f3 consigo a su esposa\u201d y con ella fue a Bel\u00e9n para el censo, y all\u00ed el Verbo eterno apareci\u00f3 en este mundo, acogido por el homenaje de los humildes pastores y de los sabios y ricos magos; pero tambi\u00e9n por la hostilidad de Herodes, que oblig\u00f3 a la Sagrada Familia a huir a Egipto. Despu\u00e9s regresaron a la tranquilidad de Nazaret, hasta los doce a\u00f1os, cuando hubo el par\u00e9ntesis de la p\u00e9rdida y hallazgo de Jes\u00fas en el templo.<\/p>\n<p>Despu\u00e9s de este episodio, el Evangelio parece despedirse de Jos\u00e9 con una sugestiva imagen de la Sagrada Familia: Jes\u00fas obedec\u00eda a Mar\u00eda y a Jos\u00e9 y crec\u00eda bajo su mirada \u201cen sabidur\u00eda, en estatura y en gracia\u201d. San Jos\u00e9 vivi\u00f3 en humildad el extraordinario privilegio de ser el padre putativo de Jes\u00fas, y probablemente muri\u00f3 antes del comienzo de la vida p\u00fablica del Redentor.<\/p>\n<p>Su imagen permaneci\u00f3 en la sombra aun despu\u00e9s de la muerte. Su culto, en efecto, comenz\u00f3 s\u00f3lo durante el siglo IX. En 1621 Gregorio V declar\u00f3 el 19 de marzo fiesta de precepto (celebraci\u00f3n que se mantuvo hasta la reforma lit\u00fargica del Vaticano II) y P\u00edo IX proclam\u00f3 a san Jos\u00e9 Patrono de la Iglesia universal. El \u00faltimo homenaje se lo tribut\u00f3 Juan XXIII, que introdujo su nombre en el canon de la misa.<\/p>\n<div class=\"sharedaddy sd-sharing-enabled\"><div class=\"robots-nocontent sd-block sd-social sd-social-icon sd-sharing\"><h3 class=\"sd-title\">Comparte esto:<\/h3><div class=\"sd-content\"><ul><li class=\"share-facebook\"><a rel=\"nofollow noopener noreferrer\" data-shared=\"sharing-facebook-19689\" class=\"share-facebook sd-button share-icon no-text\" href=\"https:\/\/www.hondurasensusmanos.com\/turismo\/col-buenos-aires-en-ciudad-de-tegucigalpa-celebra-su-feria-en-honor-a-san-jose\/?share=facebook\" target=\"_blank\" title=\"Haz clic para compartir en Facebook\"><span><\/span><span class=\"sharing-screen-reader-text\">Haz clic para compartir en Facebook (Se abre en una ventana nueva)<\/span><\/a><\/li><li class=\"share-jetpack-whatsapp\"><a rel=\"nofollow noopener noreferrer\" data-shared=\"\" class=\"share-jetpack-whatsapp sd-button share-icon no-text\" href=\"https:\/\/www.hondurasensusmanos.com\/turismo\/col-buenos-aires-en-ciudad-de-tegucigalpa-celebra-su-feria-en-honor-a-san-jose\/?share=jetpack-whatsapp\" target=\"_blank\" title=\"Haz clic para compartir en WhatsApp\"><span><\/span><span class=\"sharing-screen-reader-text\">Haz clic para compartir en WhatsApp (Se abre en una ventana nueva)<\/span><\/a><\/li><li class=\"share-twitter\"><a rel=\"nofollow noopener noreferrer\" data-shared=\"sharing-twitter-19689\" class=\"share-twitter sd-button share-icon no-text\" href=\"https:\/\/www.hondurasensusmanos.com\/turismo\/col-buenos-aires-en-ciudad-de-tegucigalpa-celebra-su-feria-en-honor-a-san-jose\/?share=twitter\" target=\"_blank\" title=\"Haz clic para compartir en Twitter\"><span><\/span><span class=\"sharing-screen-reader-text\">Haz clic para compartir en Twitter (Se abre en una ventana nueva)<\/span><\/a><\/li><li class=\"share-tumblr\"><a rel=\"nofollow noopener noreferrer\" data-shared=\"\" class=\"share-tumblr sd-button share-icon no-text\" href=\"https:\/\/www.hondurasensusmanos.com\/turismo\/col-buenos-aires-en-ciudad-de-tegucigalpa-celebra-su-feria-en-honor-a-san-jose\/?share=tumblr\" target=\"_blank\" title=\"Haz clic para compartir en Tumblr\"><span><\/span><span class=\"sharing-screen-reader-text\">Haz clic para compartir en Tumblr (Se abre en una ventana nueva)<\/span><\/a><\/li><li class=\"share-email\"><a rel=\"nofollow noopener noreferrer\" data-shared=\"\" class=\"share-email sd-button share-icon no-text\" href=\"https:\/\/www.hondurasensusmanos.com\/turismo\/col-buenos-aires-en-ciudad-de-tegucigalpa-celebra-su-feria-en-honor-a-san-jose\/?share=email\" target=\"_blank\" title=\"Haz clic para enviar por correo electr\u00f3nico a un amigo\"><span><\/span><span class=\"sharing-screen-reader-text\">Haz clic para enviar por correo electr\u00f3nico a un amigo (Se abre en una ventana nueva)<\/span><\/a><\/li><li class=\"share-end\"><\/li><\/ul><\/div><\/div><\/div>","protected":false},"excerpt":{"rendered":"<p>Ingresar al barrio Buenos Aires brinda la sensaci\u00f3n de detener el tiempo. Tranquilidad y belleza son calificativos que describen a este oto\u00f1al barrio de Tegucigalpa. Sus empinadas calles y su certera ubicaci\u00f3n fue la causa para que los primeros pobladores le otorgaran su nombre, pues desde lo alto del sector del Picacho se recibe un &#8230;<\/p>\n<div class=\"sharedaddy sd-sharing-enabled\"><div class=\"robots-nocontent sd-block sd-social sd-social-icon sd-sharing\"><h3 class=\"sd-title\">Comparte esto:<\/h3><div class=\"sd-content\"><ul><li class=\"share-facebook\"><a rel=\"nofollow noopener noreferrer\" data-shared=\"sharing-facebook-19689\" class=\"share-facebook sd-button share-icon no-text\" href=\"https:\/\/www.hondurasensusmanos.com\/turismo\/col-buenos-aires-en-ciudad-de-tegucigalpa-celebra-su-feria-en-honor-a-san-jose\/?share=facebook\" target=\"_blank\" title=\"Haz clic para compartir en Facebook\"><span><\/span><span class=\"sharing-screen-reader-text\">Haz clic para compartir en Facebook (Se abre en una ventana nueva)<\/span><\/a><\/li><li class=\"share-jetpack-whatsapp\"><a rel=\"nofollow noopener noreferrer\" data-shared=\"\" class=\"share-jetpack-whatsapp sd-button share-icon no-text\" href=\"https:\/\/www.hondurasensusmanos.com\/turismo\/col-buenos-aires-en-ciudad-de-tegucigalpa-celebra-su-feria-en-honor-a-san-jose\/?share=jetpack-whatsapp\" target=\"_blank\" title=\"Haz clic para compartir en WhatsApp\"><span><\/span><span class=\"sharing-screen-reader-text\">Haz clic para compartir en WhatsApp (Se abre en una ventana nueva)<\/span><\/a><\/li><li class=\"share-twitter\"><a rel=\"nofollow noopener noreferrer\" data-shared=\"sharing-twitter-19689\" class=\"share-twitter sd-button share-icon no-text\" href=\"https:\/\/www.hondurasensusmanos.com\/turismo\/col-buenos-aires-en-ciudad-de-tegucigalpa-celebra-su-feria-en-honor-a-san-jose\/?share=twitter\" target=\"_blank\" title=\"Haz clic para compartir en Twitter\"><span><\/span><span class=\"sharing-screen-reader-text\">Haz clic para compartir en Twitter (Se abre en una ventana nueva)<\/span><\/a><\/li><li class=\"share-tumblr\"><a rel=\"nofollow noopener noreferrer\" data-shared=\"\" class=\"share-tumblr sd-button share-icon no-text\" href=\"https:\/\/www.hondurasensusmanos.com\/turismo\/col-buenos-aires-en-ciudad-de-tegucigalpa-celebra-su-feria-en-honor-a-san-jose\/?share=tumblr\" target=\"_blank\" title=\"Haz clic para compartir en Tumblr\"><span><\/span><span class=\"sharing-screen-reader-text\">Haz clic para compartir en Tumblr (Se abre en una ventana nueva)<\/span><\/a><\/li><li class=\"share-email\"><a rel=\"nofollow noopener noreferrer\" data-shared=\"\" class=\"share-email sd-button share-icon no-text\" href=\"https:\/\/www.hondurasensusmanos.com\/turismo\/col-buenos-aires-en-ciudad-de-tegucigalpa-celebra-su-feria-en-honor-a-san-jose\/?share=email\" target=\"_blank\" title=\"Haz clic para enviar por correo electr\u00f3nico a un amigo\"><span><\/span><span class=\"sharing-screen-reader-text\">Haz clic para enviar por correo electr\u00f3nico a un amigo (Se abre en una ventana nueva)<\/span><\/a><\/li><li class=\"share-end\"><\/li><\/ul><\/div><\/div><\/div>","protected":false},"author":4,"featured_media":19690,"comment_status":"open","ping_status":"open","sticky":false,"template":"","format":"standard","meta":{"spay_email":"","jetpack_publicize_message":"","jetpack_is_tweetstorm":false},"categories":[72,83,65,60],"tags":[],"jetpack_featured_media_url":"https:\/\/www.hondurasensusmanos.com\/turismo\/wp-content\/uploads\/2022\/03\/col-buenos-aires-sb.jpg","jetpack_publicize_connections":[],"jetpack_sharing_enabled":true,"jetpack_shortlink":"https:\/\/wp.me\/p8AciD-57z","_links":{"self":[{"href":"https:\/\/www.hondurasensusmanos.com\/turismo\/wp-json\/wp\/v2\/posts\/19689"}],"collection":[{"href":"https:\/\/www.hondurasensusmanos.com\/turismo\/wp-json\/wp\/v2\/posts"}],"about":[{"href":"https:\/\/www.hondurasensusmanos.com\/turismo\/wp-json\/wp\/v2\/types\/post"}],"author":[{"embeddable":true,"href":"https:\/\/www.hondurasensusmanos.com\/turismo\/wp-json\/wp\/v2\/users\/4"}],"replies":[{"embeddable":true,"href":"https:\/\/www.hondurasensusmanos.com\/turismo\/wp-json\/wp\/v2\/comments?post=19689"}],"version-history":[{"count":1,"href":"https:\/\/www.hondurasensusmanos.com\/turismo\/wp-json\/wp\/v2\/posts\/19689\/revisions"}],"predecessor-version":[{"id":19693,"href":"https:\/\/www.hondurasensusmanos.com\/turismo\/wp-json\/wp\/v2\/posts\/19689\/revisions\/19693"}],"wp:featuredmedia":[{"embeddable":true,"href":"https:\/\/www.hondurasensusmanos.com\/turismo\/wp-json\/wp\/v2\/media\/19690"}],"wp:attachment":[{"href":"https:\/\/www.hondurasensusmanos.com\/turismo\/wp-json\/wp\/v2\/media?parent=19689"}],"wp:term":[{"taxonomy":"category","embeddable":true,"href":"https:\/\/www.hondurasensusmanos.com\/turismo\/wp-json\/wp\/v2\/categories?post=19689"},{"taxonomy":"post_tag","embeddable":true,"href":"https:\/\/www.hondurasensusmanos.com\/turismo\/wp-json\/wp\/v2\/tags?post=19689"}],"curies":[{"name":"wp","href":"https:\/\/api.w.org\/{rel}","templated":true}]}}