{"id":21952,"date":"2025-11-02T06:09:33","date_gmt":"2025-11-01T18:39:33","guid":{"rendered":"https:\/\/www.hondurasensusmanos.com\/turismo\/?p=21952"},"modified":"2025-05-31T12:58:31","modified_gmt":"2025-05-31T01:28:31","slug":"mapulaca-festeja-aniversario-con-colorido-desfile-alusivo-a-su-cultura-y-gastronomia","status":"publish","type":"post","link":"https:\/\/www.hondurasensusmanos.com\/turismo\/mapulaca-festeja-aniversario-con-colorido-desfile-alusivo-a-su-cultura-y-gastronomia\/","title":{"rendered":"Mapulaca festeja aniversario con colorido desfile alusivo a su cultura y gastronom\u00eda"},"content":{"rendered":"<p style=\"text-align: center;\"><a href=\"http:\/\/www.hondurasensusmanos.com\/turismo\/wp-content\/uploads\/2023\/11\/MAPULACA-10.jpg\"><img loading=\"lazy\" class=\"alignnone wp-image-21953\" src=\"http:\/\/www.hondurasensusmanos.com\/turismo\/wp-content\/uploads\/2023\/11\/MAPULACA-10-300x154.jpg\" alt=\"\" width=\"407\" height=\"209\" srcset=\"https:\/\/www.hondurasensusmanos.com\/turismo\/wp-content\/uploads\/2023\/11\/MAPULACA-10-300x154.jpg 300w, https:\/\/www.hondurasensusmanos.com\/turismo\/wp-content\/uploads\/2023\/11\/MAPULACA-10-768x393.jpg 768w, https:\/\/www.hondurasensusmanos.com\/turismo\/wp-content\/uploads\/2023\/11\/MAPULACA-10.jpg 996w\" sizes=\"(max-width: 407px) 100vw, 407px\" \/><\/a><\/p>\n<div class=\"news-content md:text-[18px] lg:text-[19px] lg:leading-[21.85px]\">\n<p class=\"mb-6\">El municipio de Mapulaca, en el departamento de Lempira, celebra un aniversario m\u00e1s de su fundaci\u00f3n en medio de una gran algarab\u00eda, en la que se desarrollaron actividades culturales y se reuni\u00f3 a todo el pueblo.<\/p>\n<p class=\"mb-6\">Pobladores de diferentes comunidades llegaron al festejo, ya que el alcalde de Mapulaca, Jaime Reyes, invit\u00f3 a todas las comunidades a acercarse, llevar sus productos y mostrar sus trajes t\u00edpicos para poder dar a conocer sus costumbres.<\/p>\n<p class=\"mb-6\">Representantes de cada localidad expusieron en las calles del municipio su gastronom\u00eda, artesan\u00edas, entre otros.<\/p>\n<p class=\"mb-6\">En la fiesta municipal se re\u00fanen todas las autoridades, quienes acompa\u00f1an el alcalde, as\u00ed como exalcaldes del municipio.<\/p>\n<p class=\"mb-6\">Para el caso, este a\u00f1o llegaron varios exediles, por lo que Reyes agradeci\u00f3 su presencia porque no lo han dejado solo, a pesar que es un municipio.<\/p>\n<figure id=\"attachment_13116169\" class=\"my-8\" aria-describedby=\"caption-attachment-13116169\"><img loading=\"lazy\" class=\"w-full\" src=\"https:\/\/d1mrtjpezxphht.cloudfront.net\/wp-content\/uploads\/2023\/11\/MAPULACA-1.jpg\" sizes=\"(max-width: 800px) 100vw, 800px\" srcset=\"https:\/\/d1mrtjpezxphht.cloudfront.net\/wp-content\/uploads\/2023\/11\/MAPULACA-1.jpg 800w, https:\/\/d1mrtjpezxphht.cloudfront.net\/wp-content\/uploads\/2023\/11\/MAPULACA-1-768x393.jpg 768w, https:\/\/d1mrtjpezxphht.cloudfront.net\/wp-content\/uploads\/2023\/11\/MAPULACA-1-750x383.jpg 750w\" alt=\"\" width=\"800\" height=\"409\" \/><figcaption id=\"caption-attachment-13116169\" class=\"text-sm text-gray-600 my-2\">Pobladores de distintas comunidades del municipio de Mapulaca participaron en el tradicional desfile en el que dan a conocer su cultura y tradiciones.<\/figcaption><\/figure>\n<h3 class=\"mb-6 font-semibold text-2xl\">PUEBLO ENTRE R\u00cdOS<\/h3>\n<p class=\"mb-6\" style=\"text-align: justify;\">Mapulaca significa pueblo entre r\u00edos, fue fundado en octubre de 1692 y en el censo de 17791 formaba parte del curato de Cerqu\u00edn; cuenta con un t\u00edtulo de tierras ejidales cedido por el convenio de Gracias a Dios, el 10 de marzo de 1817, suscrito por su majestad, Felipe IV, rey de Espa\u00f1a.<\/p>\n<p class=\"mb-6\" style=\"text-align: justify;\">En la extensi\u00f3n territorial de 1889 era uno de los municipios del Distrito de Candelaria inscrito bajo el n\u00famero 31, tomo CXLVIII, del Registro de la Propiedad Hipotecas y Anotaciones.<\/p>\n<p class=\"mb-6\" style=\"text-align: justify;\">Est\u00e1 ubicado despu\u00e9s de descender toda la monta\u00f1a de Congol\u00f3n, cuenta con 4 aldeas, 35 caser\u00edos y su poblaci\u00f3n, seg\u00fan el censo, reciente es de 4,640.<\/p>\n<p class=\"mb-6\" style=\"text-align: justify;\">Adem\u00e1s, Mapulaca es cuna de personajes que se dedicaron en su vida a la poes\u00eda y la escritura, como don Francisco Mej\u00eda.<\/p>\n<figure id=\"attachment_13116168\" class=\"my-8\" style=\"text-align: justify;\" aria-describedby=\"caption-attachment-13116168\"><img loading=\"lazy\" class=\"w-full\" src=\"https:\/\/d1mrtjpezxphht.cloudfront.net\/wp-content\/uploads\/2023\/11\/MAPULACA-4.jpg\" sizes=\"(max-width: 800px) 100vw, 800px\" srcset=\"https:\/\/d1mrtjpezxphht.cloudfront.net\/wp-content\/uploads\/2023\/11\/MAPULACA-4.jpg 800w, https:\/\/d1mrtjpezxphht.cloudfront.net\/wp-content\/uploads\/2023\/11\/MAPULACA-4-768x193.jpg 768w, https:\/\/d1mrtjpezxphht.cloudfront.net\/wp-content\/uploads\/2023\/11\/MAPULACA-4-750x188.jpg 750w\" alt=\"\" width=\"800\" height=\"201\" \/><figcaption id=\"caption-attachment-13116168\" class=\"text-sm text-gray-600 my-2\">Con estandartes y carrozas, chicos y grandes mostraron con orgullo su identidad cultural, productos y gastronom\u00eda t\u00edpica.<\/figcaption><\/figure>\n<h3 class=\"mb-6 font-semibold text-2xl\">RIQUEZA NATURAL<\/h3>\n<p class=\"mb-6\">La cabecera tiene a su alrededor muchos bosques secos subtropicales y algunas colinas relativamente grandes.<\/p>\n<p class=\"mb-6\" style=\"text-align: justify;\">Por lo general, todo el municipio presenta las mismas caracter\u00edsticas, cuenta tambi\u00e9n con bastantes planicies que son aptas para el cultivo.<\/p>\n<p class=\"mb-6\" style=\"text-align: justify;\">En Mapulaca se subsiste gracias al comercio, en especial se aprovecha la cercan\u00eda con El Salvador y como atractivo cuenta con un parque tur\u00edstico, los r\u00edos Mocal y Lempa, donde las personas disfrutan su estad\u00eda.<\/p>\n<p class=\"mb-6\" style=\"text-align: justify;\">Entre sus costumbres destacan las reuniones familiares en eventos especiales, adem\u00e1s del famoso tamal familiar.<\/p>\n<figure id=\"attachment_13116167\" class=\"my-8\" aria-describedby=\"caption-attachment-13116167\"><img loading=\"lazy\" class=\"w-full\" src=\"https:\/\/d1mrtjpezxphht.cloudfront.net\/wp-content\/uploads\/2023\/11\/MAPULACA-7.jpg\" sizes=\"(max-width: 800px) 100vw, 800px\" srcset=\"https:\/\/d1mrtjpezxphht.cloudfront.net\/wp-content\/uploads\/2023\/11\/MAPULACA-7.jpg 800w, https:\/\/d1mrtjpezxphht.cloudfront.net\/wp-content\/uploads\/2023\/11\/MAPULACA-7-768x411.jpg 768w, https:\/\/d1mrtjpezxphht.cloudfront.net\/wp-content\/uploads\/2023\/11\/MAPULACA-7-750x401.jpg 750w\" alt=\"\" width=\"800\" height=\"428\" \/><figcaption id=\"caption-attachment-13116167\" class=\"text-sm text-gray-600 my-2\">El vicealcalde, Misael Escalante; la esposa del alcalde, Blanca Edith Hern\u00e1ndez; la primera regidora, Y\u00e9sica Noelia L\u00f3pez; la exalcaldesa, Aura Escalante; y el exalcalde, Jaime Yades Villacorta.<\/figcaption><\/figure>\n<figure id=\"attachment_13116166\" class=\"my-8\" aria-describedby=\"caption-attachment-13116166\"><img loading=\"lazy\" class=\"w-full\" src=\"https:\/\/d1mrtjpezxphht.cloudfront.net\/wp-content\/uploads\/2023\/11\/MAPULACA-8.jpg\" sizes=\"(max-width: 800px) 100vw, 800px\" srcset=\"https:\/\/d1mrtjpezxphht.cloudfront.net\/wp-content\/uploads\/2023\/11\/MAPULACA-8.jpg 800w, https:\/\/d1mrtjpezxphht.cloudfront.net\/wp-content\/uploads\/2023\/11\/MAPULACA-8-768x281.jpg 768w, https:\/\/d1mrtjpezxphht.cloudfront.net\/wp-content\/uploads\/2023\/11\/MAPULACA-8-750x275.jpg 750w\" alt=\"\" width=\"800\" height=\"293\" \/><figcaption id=\"caption-attachment-13116166\" class=\"text-sm text-gray-600 my-2\">El pueblo entero acudi\u00f3 a la celebraci\u00f3n, en la que desfilaron alumnos de distintos centros educativos del municipio.<\/figcaption><\/figure>\n<\/div>\n<div id=\"FreeStarVideoAdContainer\">\n<div id=\"freestar-video-parent\">\n<div id=\"freestar-video-child\">Fuente: latribuna.hn<\/div>\n<\/div>\n<\/div>\n<div class=\"sharedaddy sd-sharing-enabled\"><div class=\"robots-nocontent sd-block sd-social sd-social-icon sd-sharing\"><h3 class=\"sd-title\">Comparte esto:<\/h3><div class=\"sd-content\"><ul><li class=\"share-facebook\"><a rel=\"nofollow noopener noreferrer\" data-shared=\"sharing-facebook-21952\" class=\"share-facebook sd-button share-icon no-text\" href=\"https:\/\/www.hondurasensusmanos.com\/turismo\/mapulaca-festeja-aniversario-con-colorido-desfile-alusivo-a-su-cultura-y-gastronomia\/?share=facebook\" target=\"_blank\" title=\"Haz clic para compartir en Facebook\"><span><\/span><span class=\"sharing-screen-reader-text\">Haz clic para compartir en Facebook (Se abre en una ventana nueva)<\/span><\/a><\/li><li class=\"share-jetpack-whatsapp\"><a rel=\"nofollow noopener noreferrer\" data-shared=\"\" class=\"share-jetpack-whatsapp sd-button share-icon no-text\" href=\"https:\/\/www.hondurasensusmanos.com\/turismo\/mapulaca-festeja-aniversario-con-colorido-desfile-alusivo-a-su-cultura-y-gastronomia\/?share=jetpack-whatsapp\" target=\"_blank\" title=\"Haz clic para compartir en WhatsApp\"><span><\/span><span class=\"sharing-screen-reader-text\">Haz clic para compartir en WhatsApp (Se abre en una ventana nueva)<\/span><\/a><\/li><li class=\"share-twitter\"><a rel=\"nofollow noopener noreferrer\" data-shared=\"sharing-twitter-21952\" class=\"share-twitter sd-button share-icon no-text\" href=\"https:\/\/www.hondurasensusmanos.com\/turismo\/mapulaca-festeja-aniversario-con-colorido-desfile-alusivo-a-su-cultura-y-gastronomia\/?share=twitter\" target=\"_blank\" title=\"Haz clic para compartir en Twitter\"><span><\/span><span class=\"sharing-screen-reader-text\">Haz clic para compartir en Twitter (Se abre en una ventana nueva)<\/span><\/a><\/li><li class=\"share-tumblr\"><a rel=\"nofollow noopener noreferrer\" data-shared=\"\" class=\"share-tumblr sd-button share-icon no-text\" href=\"https:\/\/www.hondurasensusmanos.com\/turismo\/mapulaca-festeja-aniversario-con-colorido-desfile-alusivo-a-su-cultura-y-gastronomia\/?share=tumblr\" target=\"_blank\" title=\"Haz clic para compartir en Tumblr\"><span><\/span><span class=\"sharing-screen-reader-text\">Haz clic para compartir en Tumblr (Se abre en una ventana nueva)<\/span><\/a><\/li><li class=\"share-email\"><a rel=\"nofollow noopener noreferrer\" data-shared=\"\" class=\"share-email sd-button share-icon no-text\" href=\"https:\/\/www.hondurasensusmanos.com\/turismo\/mapulaca-festeja-aniversario-con-colorido-desfile-alusivo-a-su-cultura-y-gastronomia\/?share=email\" target=\"_blank\" title=\"Haz clic para enviar por correo electr\u00f3nico a un amigo\"><span><\/span><span class=\"sharing-screen-reader-text\">Haz clic para enviar por correo electr\u00f3nico a un amigo (Se abre en una ventana nueva)<\/span><\/a><\/li><li class=\"share-end\"><\/li><\/ul><\/div><\/div><\/div>","protected":false},"excerpt":{"rendered":"<p>El municipio de Mapulaca, en el departamento de Lempira, celebra un aniversario m\u00e1s de su fundaci\u00f3n en medio de una gran algarab\u00eda, en la que se desarrollaron actividades culturales y se reuni\u00f3 a todo el pueblo. Pobladores de diferentes comunidades llegaron al festejo, ya que el alcalde de Mapulaca, Jaime Reyes, invit\u00f3 a todas las &#8230;<\/p>\n<div class=\"sharedaddy sd-sharing-enabled\"><div class=\"robots-nocontent sd-block sd-social sd-social-icon sd-sharing\"><h3 class=\"sd-title\">Comparte esto:<\/h3><div class=\"sd-content\"><ul><li class=\"share-facebook\"><a rel=\"nofollow noopener noreferrer\" data-shared=\"sharing-facebook-21952\" class=\"share-facebook sd-button share-icon no-text\" href=\"https:\/\/www.hondurasensusmanos.com\/turismo\/mapulaca-festeja-aniversario-con-colorido-desfile-alusivo-a-su-cultura-y-gastronomia\/?share=facebook\" target=\"_blank\" title=\"Haz clic para compartir en Facebook\"><span><\/span><span class=\"sharing-screen-reader-text\">Haz clic para compartir en Facebook (Se abre en una ventana nueva)<\/span><\/a><\/li><li class=\"share-jetpack-whatsapp\"><a rel=\"nofollow noopener noreferrer\" data-shared=\"\" class=\"share-jetpack-whatsapp sd-button share-icon no-text\" href=\"https:\/\/www.hondurasensusmanos.com\/turismo\/mapulaca-festeja-aniversario-con-colorido-desfile-alusivo-a-su-cultura-y-gastronomia\/?share=jetpack-whatsapp\" target=\"_blank\" title=\"Haz clic para compartir en WhatsApp\"><span><\/span><span class=\"sharing-screen-reader-text\">Haz clic para compartir en WhatsApp (Se abre en una ventana nueva)<\/span><\/a><\/li><li class=\"share-twitter\"><a rel=\"nofollow noopener noreferrer\" data-shared=\"sharing-twitter-21952\" class=\"share-twitter sd-button share-icon no-text\" href=\"https:\/\/www.hondurasensusmanos.com\/turismo\/mapulaca-festeja-aniversario-con-colorido-desfile-alusivo-a-su-cultura-y-gastronomia\/?share=twitter\" target=\"_blank\" title=\"Haz clic para compartir en Twitter\"><span><\/span><span class=\"sharing-screen-reader-text\">Haz clic para compartir en Twitter (Se abre en una ventana nueva)<\/span><\/a><\/li><li class=\"share-tumblr\"><a rel=\"nofollow noopener noreferrer\" data-shared=\"\" class=\"share-tumblr sd-button share-icon no-text\" href=\"https:\/\/www.hondurasensusmanos.com\/turismo\/mapulaca-festeja-aniversario-con-colorido-desfile-alusivo-a-su-cultura-y-gastronomia\/?share=tumblr\" target=\"_blank\" title=\"Haz clic para compartir en Tumblr\"><span><\/span><span class=\"sharing-screen-reader-text\">Haz clic para compartir en Tumblr (Se abre en una ventana nueva)<\/span><\/a><\/li><li class=\"share-email\"><a rel=\"nofollow noopener noreferrer\" data-shared=\"\" class=\"share-email sd-button share-icon no-text\" href=\"https:\/\/www.hondurasensusmanos.com\/turismo\/mapulaca-festeja-aniversario-con-colorido-desfile-alusivo-a-su-cultura-y-gastronomia\/?share=email\" target=\"_blank\" title=\"Haz clic para enviar por correo electr\u00f3nico a un amigo\"><span><\/span><span class=\"sharing-screen-reader-text\">Haz clic para enviar por correo electr\u00f3nico a un amigo (Se abre en una ventana nueva)<\/span><\/a><\/li><li class=\"share-end\"><\/li><\/ul><\/div><\/div><\/div>","protected":false},"author":4,"featured_media":21953,"comment_status":"open","ping_status":"open","sticky":false,"template":"","format":"standard","meta":{"spay_email":"","jetpack_publicize_message":"","jetpack_is_tweetstorm":false},"categories":[28,65,60,63],"tags":[],"jetpack_featured_media_url":"https:\/\/www.hondurasensusmanos.com\/turismo\/wp-content\/uploads\/2023\/11\/MAPULACA-10.jpg","jetpack_publicize_connections":[],"jetpack_sharing_enabled":true,"jetpack_shortlink":"https:\/\/wp.me\/p8AciD-5I4","_links":{"self":[{"href":"https:\/\/www.hondurasensusmanos.com\/turismo\/wp-json\/wp\/v2\/posts\/21952"}],"collection":[{"href":"https:\/\/www.hondurasensusmanos.com\/turismo\/wp-json\/wp\/v2\/posts"}],"about":[{"href":"https:\/\/www.hondurasensusmanos.com\/turismo\/wp-json\/wp\/v2\/types\/post"}],"author":[{"embeddable":true,"href":"https:\/\/www.hondurasensusmanos.com\/turismo\/wp-json\/wp\/v2\/users\/4"}],"replies":[{"embeddable":true,"href":"https:\/\/www.hondurasensusmanos.com\/turismo\/wp-json\/wp\/v2\/comments?post=21952"}],"version-history":[{"count":1,"href":"https:\/\/www.hondurasensusmanos.com\/turismo\/wp-json\/wp\/v2\/posts\/21952\/revisions"}],"predecessor-version":[{"id":21954,"href":"https:\/\/www.hondurasensusmanos.com\/turismo\/wp-json\/wp\/v2\/posts\/21952\/revisions\/21954"}],"wp:featuredmedia":[{"embeddable":true,"href":"https:\/\/www.hondurasensusmanos.com\/turismo\/wp-json\/wp\/v2\/media\/21953"}],"wp:attachment":[{"href":"https:\/\/www.hondurasensusmanos.com\/turismo\/wp-json\/wp\/v2\/media?parent=21952"}],"wp:term":[{"taxonomy":"category","embeddable":true,"href":"https:\/\/www.hondurasensusmanos.com\/turismo\/wp-json\/wp\/v2\/categories?post=21952"},{"taxonomy":"post_tag","embeddable":true,"href":"https:\/\/www.hondurasensusmanos.com\/turismo\/wp-json\/wp\/v2\/tags?post=21952"}],"curies":[{"name":"wp","href":"https:\/\/api.w.org\/{rel}","templated":true}]}}