{"id":21995,"date":"2025-12-06T15:29:54","date_gmt":"2025-12-06T03:59:54","guid":{"rendered":"https:\/\/www.hondurasensusmanos.com\/turismo\/?p=21995"},"modified":"2025-05-31T13:02:54","modified_gmt":"2025-05-31T01:32:54","slug":"danli-festeja-con-alegria-feria-en-honor-a-la-virgen-inmaculada-concepcion","status":"publish","type":"post","link":"https:\/\/www.hondurasensusmanos.com\/turismo\/danli-festeja-con-alegria-feria-en-honor-a-la-virgen-inmaculada-concepcion\/","title":{"rendered":"Danl\u00ed festeja con alegr\u00eda feria en honor a la virgen Inmaculada Concepci\u00f3n"},"content":{"rendered":"<p style=\"text-align: center;\"><a href=\"http:\/\/www.hondurasensusmanos.com\/turismo\/wp-content\/uploads\/2023\/12\/VIRGEN-2.jpg\"><img loading=\"lazy\" class=\"alignnone wp-image-21996\" src=\"http:\/\/www.hondurasensusmanos.com\/turismo\/wp-content\/uploads\/2023\/12\/VIRGEN-2-300x154.jpg\" alt=\"\" width=\"555\" height=\"285\" srcset=\"https:\/\/www.hondurasensusmanos.com\/turismo\/wp-content\/uploads\/2023\/12\/VIRGEN-2-300x154.jpg 300w, https:\/\/www.hondurasensusmanos.com\/turismo\/wp-content\/uploads\/2023\/12\/VIRGEN-2-768x393.jpg 768w, https:\/\/www.hondurasensusmanos.com\/turismo\/wp-content\/uploads\/2023\/12\/VIRGEN-2.jpg 996w\" sizes=\"(max-width: 555px) 100vw, 555px\" \/><\/a><\/p>\n<div class=\"news-content md:text-[18px] lg:text-[19px] lg:leading-[21.85px]\">\n<p class=\"mb-6\" style=\"text-align: justify;\"><em class=\"inline-block mb-2\"><strong>DANL\u00cd, El Para\u00edso.<\/strong><\/em> <strong>07.12.2023<\/strong><\/p>\n<p class=\"mb-6\" style=\"text-align: justify;\">Con alegr\u00eda y devoci\u00f3n, la Iglesia Cat\u00f3lica desarrolla junto a la comunidad danlidense todas las actividades religiosas y culturales en el marco de la fiesta patronal en honor a la virgen Inmaculada Concepci\u00f3n.<\/p>\n<p class=\"mb-6\" style=\"text-align: justify;\">La novena a la virgen se realiza en barrios y colonias, donde tambi\u00e9n hay celebraciones de la palabra y por supuesto, actividades culturales, m\u00fasica de cuerda, degustaci\u00f3n de comidas t\u00edpicas y juegos pirot\u00e9cnicos.<\/p>\n<p class=\"mb-6\" style=\"text-align: justify;\">La plaza y los alrededores del parque Central y la imponente Catedral Inmaculada Concepci\u00f3n son los espacios donde se desarrollan las actividades de la feria patronal.<\/p>\n<p class=\"mb-6\" style=\"text-align: justify;\">La Di\u00f3cesis de Danl\u00ed, Casa de la Cultura, sociedad civil y autoridades municipales aportaron un \u201cgranito de arena\u201d para hacer de esta fiesta \u00fanica en su clase.<\/p>\n<figure id=\"attachment_13131356\" class=\"my-8\" style=\"text-align: justify;\" aria-describedby=\"caption-attachment-13131356\"><img loading=\"lazy\" class=\"w-full\" src=\"https:\/\/d1mrtjpezxphht.cloudfront.net\/wp-content\/uploads\/2023\/12\/VIRGEN-3.jpg\" sizes=\"(max-width: 800px) 100vw, 800px\" srcset=\"https:\/\/d1mrtjpezxphht.cloudfront.net\/wp-content\/uploads\/2023\/12\/VIRGEN-3.jpg 800w, https:\/\/d1mrtjpezxphht.cloudfront.net\/wp-content\/uploads\/2023\/12\/VIRGEN-3-768x359.jpg 768w, https:\/\/d1mrtjpezxphht.cloudfront.net\/wp-content\/uploads\/2023\/12\/VIRGEN-3-750x351.jpg 750w\" alt=\"\" width=\"800\" height=\"374\" \/><figcaption id=\"caption-attachment-13131356\" class=\"text-sm text-gray-600 my-2\">Los pobladores disfrutaron de actividades religiosas y culturales, en un ambiente familiar y festivo.<\/figcaption><\/figure>\n<h3 class=\"mb-6 font-semibold text-2xl\" style=\"text-align: justify;\">LA NI\u00d1A DEL IDO<\/h3>\n<p class=\"mb-6\" style=\"text-align: justify;\">La Secretar\u00eda de Cultura, El Instituto Departamental de Oriente (IDO) y la Casa de la Cultura de Danl\u00ed, unidos a trav\u00e9s del arte de la m\u00fasica, crearon el grupo de Marimba \u201cLa Ni\u00f1a del IDO\u201d, para el lanzamiento de la feria patronal, adem\u00e1s, se cont\u00f3 con la visita del jefe de la Unidad de M\u00fasica de la Secretar\u00eda de Cultura, Fernando Raudales.<\/p>\n<p class=\"mb-6\" style=\"text-align: justify;\">Los j\u00f3venes del IDO recibieron un taller intenso de marimba de parte de los m\u00fasicos y hoy son un grupo musical orgullo danlidense.<\/p>\n<p class=\"mb-6\" style=\"text-align: justify;\">Los emprendedores encontraron su espacio para promover sus productos y los bocadillos no pueden faltar con un delicioso ponche con piquete o unas gotas de aguardiente.<\/p>\n<p class=\"mb-6\" style=\"text-align: justify;\">La imagen de la virgen ha recorrido barrios y colonias y se espera que este 8 de diciembre est\u00e9 ya en su templo para recibir la tradicional serenata a la madre de los cat\u00f3licos.<\/p>\n<figure id=\"attachment_13131355\" class=\"my-8\" style=\"text-align: justify;\" aria-describedby=\"caption-attachment-13131355\"><img loading=\"lazy\" class=\"w-full\" src=\"https:\/\/d1mrtjpezxphht.cloudfront.net\/wp-content\/uploads\/2023\/12\/VIRGEN-6.jpg\" sizes=\"(max-width: 800px) 100vw, 800px\" srcset=\"https:\/\/d1mrtjpezxphht.cloudfront.net\/wp-content\/uploads\/2023\/12\/VIRGEN-6.jpg 800w, https:\/\/d1mrtjpezxphht.cloudfront.net\/wp-content\/uploads\/2023\/12\/VIRGEN-6-768x394.jpg 768w, https:\/\/d1mrtjpezxphht.cloudfront.net\/wp-content\/uploads\/2023\/12\/VIRGEN-6-750x384.jpg 750w\" alt=\"\" width=\"800\" height=\"410\" \/><figcaption id=\"caption-attachment-13131355\" class=\"text-sm text-gray-600 my-2\">La m\u00fasica de marimba y exposiciones de pintura tambi\u00e9n son parte de las actividades de la tradicional feria.<\/figcaption><\/figure>\n<p class=\"mb-6\" style=\"text-align: justify;\"><img loading=\"lazy\" class=\"w-full\" src=\"https:\/\/d1mrtjpezxphht.cloudfront.net\/wp-content\/uploads\/2023\/12\/VIRGEN-7.jpg\" sizes=\"(max-width: 800px) 100vw, 800px\" srcset=\"https:\/\/d1mrtjpezxphht.cloudfront.net\/wp-content\/uploads\/2023\/12\/VIRGEN-7.jpg 800w, https:\/\/d1mrtjpezxphht.cloudfront.net\/wp-content\/uploads\/2023\/12\/VIRGEN-7-768x359.jpg 768w, https:\/\/d1mrtjpezxphht.cloudfront.net\/wp-content\/uploads\/2023\/12\/VIRGEN-7-750x351.jpg 750w\" alt=\"\" width=\"800\" height=\"374\" \/><\/p>\n<\/div>\n<div id=\"FreeStarVideoAdContainer\">\n<div id=\"freestar-video-parent\">\n<div id=\"freestar-video-child\" style=\"text-align: justify;\">Fuente: latribuna.hn<\/div>\n<\/div>\n<\/div>\n<div class=\"sharedaddy sd-sharing-enabled\"><div class=\"robots-nocontent sd-block sd-social sd-social-icon sd-sharing\"><h3 class=\"sd-title\">Comparte esto:<\/h3><div class=\"sd-content\"><ul><li class=\"share-facebook\"><a rel=\"nofollow noopener noreferrer\" data-shared=\"sharing-facebook-21995\" class=\"share-facebook sd-button share-icon no-text\" href=\"https:\/\/www.hondurasensusmanos.com\/turismo\/danli-festeja-con-alegria-feria-en-honor-a-la-virgen-inmaculada-concepcion\/?share=facebook\" target=\"_blank\" title=\"Haz clic para compartir en Facebook\"><span><\/span><span class=\"sharing-screen-reader-text\">Haz clic para compartir en Facebook (Se abre en una ventana nueva)<\/span><\/a><\/li><li class=\"share-jetpack-whatsapp\"><a rel=\"nofollow noopener noreferrer\" data-shared=\"\" class=\"share-jetpack-whatsapp sd-button share-icon no-text\" href=\"https:\/\/www.hondurasensusmanos.com\/turismo\/danli-festeja-con-alegria-feria-en-honor-a-la-virgen-inmaculada-concepcion\/?share=jetpack-whatsapp\" target=\"_blank\" title=\"Haz clic para compartir en WhatsApp\"><span><\/span><span class=\"sharing-screen-reader-text\">Haz clic para compartir en WhatsApp (Se abre en una ventana nueva)<\/span><\/a><\/li><li class=\"share-twitter\"><a rel=\"nofollow noopener noreferrer\" data-shared=\"sharing-twitter-21995\" class=\"share-twitter sd-button share-icon no-text\" href=\"https:\/\/www.hondurasensusmanos.com\/turismo\/danli-festeja-con-alegria-feria-en-honor-a-la-virgen-inmaculada-concepcion\/?share=twitter\" target=\"_blank\" title=\"Haz clic para compartir en Twitter\"><span><\/span><span class=\"sharing-screen-reader-text\">Haz clic para compartir en Twitter (Se abre en una ventana nueva)<\/span><\/a><\/li><li class=\"share-tumblr\"><a rel=\"nofollow noopener noreferrer\" data-shared=\"\" class=\"share-tumblr sd-button share-icon no-text\" href=\"https:\/\/www.hondurasensusmanos.com\/turismo\/danli-festeja-con-alegria-feria-en-honor-a-la-virgen-inmaculada-concepcion\/?share=tumblr\" target=\"_blank\" title=\"Haz clic para compartir en Tumblr\"><span><\/span><span class=\"sharing-screen-reader-text\">Haz clic para compartir en Tumblr (Se abre en una ventana nueva)<\/span><\/a><\/li><li class=\"share-email\"><a rel=\"nofollow noopener noreferrer\" data-shared=\"\" class=\"share-email sd-button share-icon no-text\" href=\"https:\/\/www.hondurasensusmanos.com\/turismo\/danli-festeja-con-alegria-feria-en-honor-a-la-virgen-inmaculada-concepcion\/?share=email\" target=\"_blank\" title=\"Haz clic para enviar por correo electr\u00f3nico a un amigo\"><span><\/span><span class=\"sharing-screen-reader-text\">Haz clic para enviar por correo electr\u00f3nico a un amigo (Se abre en una ventana nueva)<\/span><\/a><\/li><li class=\"share-end\"><\/li><\/ul><\/div><\/div><\/div>","protected":false},"excerpt":{"rendered":"<p>DANL\u00cd, El Para\u00edso. 07.12.2023 Con alegr\u00eda y devoci\u00f3n, la Iglesia Cat\u00f3lica desarrolla junto a la comunidad danlidense todas las actividades religiosas y culturales en el marco de la fiesta patronal en honor a la virgen Inmaculada Concepci\u00f3n. La novena a la virgen se realiza en barrios y colonias, donde tambi\u00e9n hay celebraciones de la palabra &#8230;<\/p>\n<div class=\"sharedaddy sd-sharing-enabled\"><div class=\"robots-nocontent sd-block sd-social sd-social-icon sd-sharing\"><h3 class=\"sd-title\">Comparte esto:<\/h3><div class=\"sd-content\"><ul><li class=\"share-facebook\"><a rel=\"nofollow noopener noreferrer\" data-shared=\"sharing-facebook-21995\" class=\"share-facebook sd-button share-icon no-text\" href=\"https:\/\/www.hondurasensusmanos.com\/turismo\/danli-festeja-con-alegria-feria-en-honor-a-la-virgen-inmaculada-concepcion\/?share=facebook\" target=\"_blank\" title=\"Haz clic para compartir en Facebook\"><span><\/span><span class=\"sharing-screen-reader-text\">Haz clic para compartir en Facebook (Se abre en una ventana nueva)<\/span><\/a><\/li><li class=\"share-jetpack-whatsapp\"><a rel=\"nofollow noopener noreferrer\" data-shared=\"\" class=\"share-jetpack-whatsapp sd-button share-icon no-text\" href=\"https:\/\/www.hondurasensusmanos.com\/turismo\/danli-festeja-con-alegria-feria-en-honor-a-la-virgen-inmaculada-concepcion\/?share=jetpack-whatsapp\" target=\"_blank\" title=\"Haz clic para compartir en WhatsApp\"><span><\/span><span class=\"sharing-screen-reader-text\">Haz clic para compartir en WhatsApp (Se abre en una ventana nueva)<\/span><\/a><\/li><li class=\"share-twitter\"><a rel=\"nofollow noopener noreferrer\" data-shared=\"sharing-twitter-21995\" class=\"share-twitter sd-button share-icon no-text\" href=\"https:\/\/www.hondurasensusmanos.com\/turismo\/danli-festeja-con-alegria-feria-en-honor-a-la-virgen-inmaculada-concepcion\/?share=twitter\" target=\"_blank\" title=\"Haz clic para compartir en Twitter\"><span><\/span><span class=\"sharing-screen-reader-text\">Haz clic para compartir en Twitter (Se abre en una ventana nueva)<\/span><\/a><\/li><li class=\"share-tumblr\"><a rel=\"nofollow noopener noreferrer\" data-shared=\"\" class=\"share-tumblr sd-button share-icon no-text\" href=\"https:\/\/www.hondurasensusmanos.com\/turismo\/danli-festeja-con-alegria-feria-en-honor-a-la-virgen-inmaculada-concepcion\/?share=tumblr\" target=\"_blank\" title=\"Haz clic para compartir en Tumblr\"><span><\/span><span class=\"sharing-screen-reader-text\">Haz clic para compartir en Tumblr (Se abre en una ventana nueva)<\/span><\/a><\/li><li class=\"share-email\"><a rel=\"nofollow noopener noreferrer\" data-shared=\"\" class=\"share-email sd-button share-icon no-text\" href=\"https:\/\/www.hondurasensusmanos.com\/turismo\/danli-festeja-con-alegria-feria-en-honor-a-la-virgen-inmaculada-concepcion\/?share=email\" target=\"_blank\" title=\"Haz clic para enviar por correo electr\u00f3nico a un amigo\"><span><\/span><span class=\"sharing-screen-reader-text\">Haz clic para enviar por correo electr\u00f3nico a un amigo (Se abre en una ventana nueva)<\/span><\/a><\/li><li class=\"share-end\"><\/li><\/ul><\/div><\/div><\/div>","protected":false},"author":4,"featured_media":21996,"comment_status":"open","ping_status":"open","sticky":false,"template":"","format":"standard","meta":{"spay_email":"","jetpack_publicize_message":"","jetpack_is_tweetstorm":false},"categories":[28,65,60,63],"tags":[],"jetpack_featured_media_url":"https:\/\/www.hondurasensusmanos.com\/turismo\/wp-content\/uploads\/2023\/12\/VIRGEN-2.jpg","jetpack_publicize_connections":[],"jetpack_sharing_enabled":true,"jetpack_shortlink":"https:\/\/wp.me\/p8AciD-5IL","_links":{"self":[{"href":"https:\/\/www.hondurasensusmanos.com\/turismo\/wp-json\/wp\/v2\/posts\/21995"}],"collection":[{"href":"https:\/\/www.hondurasensusmanos.com\/turismo\/wp-json\/wp\/v2\/posts"}],"about":[{"href":"https:\/\/www.hondurasensusmanos.com\/turismo\/wp-json\/wp\/v2\/types\/post"}],"author":[{"embeddable":true,"href":"https:\/\/www.hondurasensusmanos.com\/turismo\/wp-json\/wp\/v2\/users\/4"}],"replies":[{"embeddable":true,"href":"https:\/\/www.hondurasensusmanos.com\/turismo\/wp-json\/wp\/v2\/comments?post=21995"}],"version-history":[{"count":1,"href":"https:\/\/www.hondurasensusmanos.com\/turismo\/wp-json\/wp\/v2\/posts\/21995\/revisions"}],"predecessor-version":[{"id":21997,"href":"https:\/\/www.hondurasensusmanos.com\/turismo\/wp-json\/wp\/v2\/posts\/21995\/revisions\/21997"}],"wp:featuredmedia":[{"embeddable":true,"href":"https:\/\/www.hondurasensusmanos.com\/turismo\/wp-json\/wp\/v2\/media\/21996"}],"wp:attachment":[{"href":"https:\/\/www.hondurasensusmanos.com\/turismo\/wp-json\/wp\/v2\/media?parent=21995"}],"wp:term":[{"taxonomy":"category","embeddable":true,"href":"https:\/\/www.hondurasensusmanos.com\/turismo\/wp-json\/wp\/v2\/categories?post=21995"},{"taxonomy":"post_tag","embeddable":true,"href":"https:\/\/www.hondurasensusmanos.com\/turismo\/wp-json\/wp\/v2\/tags?post=21995"}],"curies":[{"name":"wp","href":"https:\/\/api.w.org\/{rel}","templated":true}]}}