{"id":22079,"date":"2024-02-03T02:21:23","date_gmt":"2024-02-02T14:51:23","guid":{"rendered":"http:\/\/www.hondurasensusmanos.com\/turismo\/?p=22079"},"modified":"2024-02-03T02:21:23","modified_gmt":"2024-02-02T14:51:23","slug":"calendario-de-la-fiesta-nacional-de-la-virgen-de-suyapa-en-el-277o-aniversario-de-su-hallazgo","status":"publish","type":"post","link":"https:\/\/www.hondurasensusmanos.com\/turismo\/calendario-de-la-fiesta-nacional-de-la-virgen-de-suyapa-en-el-277o-aniversario-de-su-hallazgo\/","title":{"rendered":"Calendario de la Fiesta Nacional de la Virgen de Suyapa en el 277\u00ba Aniversario de su hallazgo"},"content":{"rendered":"<p>La Bas\u00edlica Menor de Suyapa ser\u00e1 el epicentro de la celebraci\u00f3n de un aniversario m\u00e1s del hallazgo de la Virgen de Suyapa, Patrona de Honduras, el pr\u00f3ximo 3 de febrero, cuando miles de fieles se congreguen para honrarla.<\/p>\n<p>Las festividades iniciaron el 20 de enero con una imponente peregrinaci\u00f3n desde la Catedral Metropolitana, ubicada en el coraz\u00f3n de la capital, hasta la Bas\u00edlica. A lo largo de estos d\u00edas, se llevar\u00e1n a cabo diversas actividades religiosas en conmemoraci\u00f3n de esta festividad.<\/p>\n<p>La Virgen de Suyapa recibir\u00e1 a sus devotos entre cientos de oraciones, flores y muestras de agradecimiento por los milagros concedidos. En este contexto, muchos se preguntan cu\u00e1ntos a\u00f1os cumple la Virgen de Suyapa en el 2024 y cu\u00e1les son los detalles de su hist\u00f3rico hallazgo.<\/p>\n<p style=\"text-align: center;\"><a href=\"http:\/\/www.hondurasensusmanos.com\/turismo\/wp-content\/uploads\/2024\/02\/AFICHE-HORIZONTAL-768x480-2.jpg\"><img loading=\"lazy\" class=\"alignnone size-medium wp-image-22081\" src=\"http:\/\/www.hondurasensusmanos.com\/turismo\/wp-content\/uploads\/2024\/02\/AFICHE-HORIZONTAL-768x480-2-300x188.jpg\" alt=\"\" width=\"300\" height=\"188\" srcset=\"https:\/\/www.hondurasensusmanos.com\/turismo\/wp-content\/uploads\/2024\/02\/AFICHE-HORIZONTAL-768x480-2-300x188.jpg 300w, https:\/\/www.hondurasensusmanos.com\/turismo\/wp-content\/uploads\/2024\/02\/AFICHE-HORIZONTAL-768x480-2.jpg 768w\" sizes=\"(max-width: 300px) 100vw, 300px\" \/><\/a><\/p>\n<p>La celebraci\u00f3n de la Virgen de Suyapa es una festividad importante dentro de la religi\u00f3n cat\u00f3lica, conmemorada cada 3 de febrero. Para los hondure\u00f1os, la virgen es cari\u00f1osamente conocida como &#8216;La Morenita&#8217; y es considerada la Patrona de Honduras.<\/p>\n<p>Durante esta fecha, se llevan a cabo diversas celebraciones en torno a la Bas\u00edlica de Nuestra Se\u00f1ora de Suyapa, en Tegucigalpa. Miles de fieles de diferentes partes del pa\u00eds y del extranjero acuden para rezar, pedir alg\u00fan milagro o dar gracias por los favores recibidos.<\/p>\n<p><a href=\"http:\/\/www.hondurasensusmanos.com\/turismo\/wp-content\/uploads\/2024\/02\/Dia-14-1068x1335-1.jpg\"><img loading=\"lazy\" class=\"alignnone size-medium wp-image-22082\" src=\"http:\/\/www.hondurasensusmanos.com\/turismo\/wp-content\/uploads\/2024\/02\/Dia-14-1068x1335-1-240x300.jpg\" alt=\"\" width=\"240\" height=\"300\" srcset=\"https:\/\/www.hondurasensusmanos.com\/turismo\/wp-content\/uploads\/2024\/02\/Dia-14-1068x1335-1-240x300.jpg 240w, https:\/\/www.hondurasensusmanos.com\/turismo\/wp-content\/uploads\/2024\/02\/Dia-14-1068x1335-1-819x1024.jpg 819w, https:\/\/www.hondurasensusmanos.com\/turismo\/wp-content\/uploads\/2024\/02\/Dia-14-1068x1335-1-768x960.jpg 768w, https:\/\/www.hondurasensusmanos.com\/turismo\/wp-content\/uploads\/2024\/02\/Dia-14-1068x1335-1.jpg 1068w\" sizes=\"(max-width: 240px) 100vw, 240px\" \/><\/a><a href=\"http:\/\/www.hondurasensusmanos.com\/turismo\/wp-content\/uploads\/2024\/02\/Dia-15-1068x1335-1.jpg\"><img loading=\"lazy\" class=\"alignnone size-medium wp-image-22083\" src=\"http:\/\/www.hondurasensusmanos.com\/turismo\/wp-content\/uploads\/2024\/02\/Dia-15-1068x1335-1-240x300.jpg\" alt=\"\" width=\"240\" height=\"300\" srcset=\"https:\/\/www.hondurasensusmanos.com\/turismo\/wp-content\/uploads\/2024\/02\/Dia-15-1068x1335-1-240x300.jpg 240w, https:\/\/www.hondurasensusmanos.com\/turismo\/wp-content\/uploads\/2024\/02\/Dia-15-1068x1335-1-819x1024.jpg 819w, https:\/\/www.hondurasensusmanos.com\/turismo\/wp-content\/uploads\/2024\/02\/Dia-15-1068x1335-1-768x960.jpg 768w, https:\/\/www.hondurasensusmanos.com\/turismo\/wp-content\/uploads\/2024\/02\/Dia-15-1068x1335-1.jpg 1068w\" sizes=\"(max-width: 240px) 100vw, 240px\" \/><\/a><a href=\"http:\/\/www.hondurasensusmanos.com\/turismo\/wp-content\/uploads\/2024\/02\/Dia-16-1068x1335-1.jpg\"><img loading=\"lazy\" class=\"alignnone size-medium wp-image-22084\" src=\"http:\/\/www.hondurasensusmanos.com\/turismo\/wp-content\/uploads\/2024\/02\/Dia-16-1068x1335-1-240x300.jpg\" alt=\"\" width=\"240\" height=\"300\" srcset=\"https:\/\/www.hondurasensusmanos.com\/turismo\/wp-content\/uploads\/2024\/02\/Dia-16-1068x1335-1-240x300.jpg 240w, https:\/\/www.hondurasensusmanos.com\/turismo\/wp-content\/uploads\/2024\/02\/Dia-16-1068x1335-1-819x1024.jpg 819w, https:\/\/www.hondurasensusmanos.com\/turismo\/wp-content\/uploads\/2024\/02\/Dia-16-1068x1335-1-768x960.jpg 768w, https:\/\/www.hondurasensusmanos.com\/turismo\/wp-content\/uploads\/2024\/02\/Dia-16-1068x1335-1.jpg 1068w\" sizes=\"(max-width: 240px) 100vw, 240px\" \/><\/a><a href=\"http:\/\/www.hondurasensusmanos.com\/turismo\/wp-content\/uploads\/2024\/02\/Dia-17-1068x1335-1.jpg\"><img loading=\"lazy\" class=\"alignnone size-medium wp-image-22085\" src=\"http:\/\/www.hondurasensusmanos.com\/turismo\/wp-content\/uploads\/2024\/02\/Dia-17-1068x1335-1-240x300.jpg\" alt=\"\" width=\"240\" height=\"300\" srcset=\"https:\/\/www.hondurasensusmanos.com\/turismo\/wp-content\/uploads\/2024\/02\/Dia-17-1068x1335-1-240x300.jpg 240w, https:\/\/www.hondurasensusmanos.com\/turismo\/wp-content\/uploads\/2024\/02\/Dia-17-1068x1335-1-819x1024.jpg 819w, https:\/\/www.hondurasensusmanos.com\/turismo\/wp-content\/uploads\/2024\/02\/Dia-17-1068x1335-1-768x960.jpg 768w, https:\/\/www.hondurasensusmanos.com\/turismo\/wp-content\/uploads\/2024\/02\/Dia-17-1068x1335-1.jpg 1068w\" sizes=\"(max-width: 240px) 100vw, 240px\" \/><\/a><a href=\"http:\/\/www.hondurasensusmanos.com\/turismo\/wp-content\/uploads\/2024\/02\/Dia-21-1068x1335-1.jpg\"><img loading=\"lazy\" class=\"alignnone size-medium wp-image-22086\" src=\"http:\/\/www.hondurasensusmanos.com\/turismo\/wp-content\/uploads\/2024\/02\/Dia-21-1068x1335-1-240x300.jpg\" alt=\"\" width=\"240\" height=\"300\" srcset=\"https:\/\/www.hondurasensusmanos.com\/turismo\/wp-content\/uploads\/2024\/02\/Dia-21-1068x1335-1-240x300.jpg 240w, https:\/\/www.hondurasensusmanos.com\/turismo\/wp-content\/uploads\/2024\/02\/Dia-21-1068x1335-1-819x1024.jpg 819w, https:\/\/www.hondurasensusmanos.com\/turismo\/wp-content\/uploads\/2024\/02\/Dia-21-1068x1335-1-768x960.jpg 768w, https:\/\/www.hondurasensusmanos.com\/turismo\/wp-content\/uploads\/2024\/02\/Dia-21-1068x1335-1.jpg 1068w\" sizes=\"(max-width: 240px) 100vw, 240px\" \/><\/a><a href=\"http:\/\/www.hondurasensusmanos.com\/turismo\/wp-content\/uploads\/2024\/02\/Dia-22-1068x1335-1.jpg\"><img loading=\"lazy\" class=\"alignnone size-medium wp-image-22087\" src=\"http:\/\/www.hondurasensusmanos.com\/turismo\/wp-content\/uploads\/2024\/02\/Dia-22-1068x1335-1-240x300.jpg\" alt=\"\" width=\"240\" height=\"300\" srcset=\"https:\/\/www.hondurasensusmanos.com\/turismo\/wp-content\/uploads\/2024\/02\/Dia-22-1068x1335-1-240x300.jpg 240w, https:\/\/www.hondurasensusmanos.com\/turismo\/wp-content\/uploads\/2024\/02\/Dia-22-1068x1335-1-819x1024.jpg 819w, https:\/\/www.hondurasensusmanos.com\/turismo\/wp-content\/uploads\/2024\/02\/Dia-22-1068x1335-1-768x960.jpg 768w, https:\/\/www.hondurasensusmanos.com\/turismo\/wp-content\/uploads\/2024\/02\/Dia-22-1068x1335-1.jpg 1068w\" sizes=\"(max-width: 240px) 100vw, 240px\" \/><\/a><\/p>\n<p>Cr\u00e9ditos:<\/p>\n<p>https:\/\/suyapamedios.hn\/calendario-de-la-fiesta-nacional-de-la-virgen-de-suyapa-en-el-277-aniversario-de-su-hallazgo\/<\/p>\n<blockquote class=\"wp-embedded-content\" data-secret=\"dFRamVO2md\"><p><a href=\"https:\/\/www.honduras.com\/aprende\/cultura\/tradiciones\/celebracion-de-la-virgen-de-suyapa-tradicion-de-honduras\/\">Celebraci\u00f3n de la Virgen de Suyapa, tradici\u00f3n de Honduras<\/a><\/p><\/blockquote>\n<p><iframe class=\"wp-embedded-content\" sandbox=\"allow-scripts\" security=\"restricted\" style=\"position: absolute; clip: rect(1px, 1px, 1px, 1px);\" title=\"\u00abCelebraci\u00f3n de la Virgen de Suyapa, tradici\u00f3n de Honduras\u00bb \u2014 Honduras.com\" src=\"https:\/\/www.honduras.com\/aprende\/cultura\/tradiciones\/celebracion-de-la-virgen-de-suyapa-tradicion-de-honduras\/embed\/#?secret=dFRamVO2md\" data-secret=\"dFRamVO2md\" width=\"600\" height=\"338\" frameborder=\"0\" marginwidth=\"0\" marginheight=\"0\" scrolling=\"no\"><\/iframe><\/p>\n<p>https:\/\/www.elheraldo.hn\/tegucigalpa\/cuantos-anos-cumple-virgen-de-suyapa-en-el-2024-aniversario-3-de-febrero-KP17095186<\/p>\n<p>&nbsp;<\/p>\n<div class=\"sharedaddy sd-sharing-enabled\"><div class=\"robots-nocontent sd-block sd-social sd-social-icon sd-sharing\"><h3 class=\"sd-title\">Comparte esto:<\/h3><div class=\"sd-content\"><ul><li class=\"share-facebook\"><a rel=\"nofollow noopener noreferrer\" data-shared=\"sharing-facebook-22079\" class=\"share-facebook sd-button share-icon no-text\" href=\"https:\/\/www.hondurasensusmanos.com\/turismo\/calendario-de-la-fiesta-nacional-de-la-virgen-de-suyapa-en-el-277o-aniversario-de-su-hallazgo\/?share=facebook\" target=\"_blank\" title=\"Haz clic para compartir en Facebook\"><span><\/span><span class=\"sharing-screen-reader-text\">Haz clic para compartir en Facebook (Se abre en una ventana nueva)<\/span><\/a><\/li><li class=\"share-jetpack-whatsapp\"><a rel=\"nofollow noopener noreferrer\" data-shared=\"\" class=\"share-jetpack-whatsapp sd-button share-icon no-text\" href=\"https:\/\/www.hondurasensusmanos.com\/turismo\/calendario-de-la-fiesta-nacional-de-la-virgen-de-suyapa-en-el-277o-aniversario-de-su-hallazgo\/?share=jetpack-whatsapp\" target=\"_blank\" title=\"Haz clic para compartir en WhatsApp\"><span><\/span><span class=\"sharing-screen-reader-text\">Haz clic para compartir en WhatsApp (Se abre en una ventana nueva)<\/span><\/a><\/li><li class=\"share-twitter\"><a rel=\"nofollow noopener noreferrer\" data-shared=\"sharing-twitter-22079\" class=\"share-twitter sd-button share-icon no-text\" href=\"https:\/\/www.hondurasensusmanos.com\/turismo\/calendario-de-la-fiesta-nacional-de-la-virgen-de-suyapa-en-el-277o-aniversario-de-su-hallazgo\/?share=twitter\" target=\"_blank\" title=\"Haz clic para compartir en Twitter\"><span><\/span><span class=\"sharing-screen-reader-text\">Haz clic para compartir en Twitter (Se abre en una ventana nueva)<\/span><\/a><\/li><li class=\"share-tumblr\"><a rel=\"nofollow noopener noreferrer\" data-shared=\"\" class=\"share-tumblr sd-button share-icon no-text\" href=\"https:\/\/www.hondurasensusmanos.com\/turismo\/calendario-de-la-fiesta-nacional-de-la-virgen-de-suyapa-en-el-277o-aniversario-de-su-hallazgo\/?share=tumblr\" target=\"_blank\" title=\"Haz clic para compartir en Tumblr\"><span><\/span><span class=\"sharing-screen-reader-text\">Haz clic para compartir en Tumblr (Se abre en una ventana nueva)<\/span><\/a><\/li><li class=\"share-email\"><a rel=\"nofollow noopener noreferrer\" data-shared=\"\" class=\"share-email sd-button share-icon no-text\" href=\"https:\/\/www.hondurasensusmanos.com\/turismo\/calendario-de-la-fiesta-nacional-de-la-virgen-de-suyapa-en-el-277o-aniversario-de-su-hallazgo\/?share=email\" target=\"_blank\" title=\"Haz clic para enviar por correo electr\u00f3nico a un amigo\"><span><\/span><span class=\"sharing-screen-reader-text\">Haz clic para enviar por correo electr\u00f3nico a un amigo (Se abre en una ventana nueva)<\/span><\/a><\/li><li class=\"share-end\"><\/li><\/ul><\/div><\/div><\/div>","protected":false},"excerpt":{"rendered":"<p>La Bas\u00edlica Menor de Suyapa ser\u00e1 el epicentro de la celebraci\u00f3n de un aniversario m\u00e1s del hallazgo de la Virgen de Suyapa, Patrona de Honduras, el pr\u00f3ximo 3 de febrero, cuando miles de fieles se congreguen para honrarla. Las festividades iniciaron el 20 de enero con una imponente peregrinaci\u00f3n desde la Catedral Metropolitana, ubicada en &#8230;<\/p>\n<div class=\"sharedaddy sd-sharing-enabled\"><div class=\"robots-nocontent sd-block sd-social sd-social-icon sd-sharing\"><h3 class=\"sd-title\">Comparte esto:<\/h3><div class=\"sd-content\"><ul><li class=\"share-facebook\"><a rel=\"nofollow noopener noreferrer\" data-shared=\"sharing-facebook-22079\" class=\"share-facebook sd-button share-icon no-text\" href=\"https:\/\/www.hondurasensusmanos.com\/turismo\/calendario-de-la-fiesta-nacional-de-la-virgen-de-suyapa-en-el-277o-aniversario-de-su-hallazgo\/?share=facebook\" target=\"_blank\" title=\"Haz clic para compartir en Facebook\"><span><\/span><span class=\"sharing-screen-reader-text\">Haz clic para compartir en Facebook (Se abre en una ventana nueva)<\/span><\/a><\/li><li class=\"share-jetpack-whatsapp\"><a rel=\"nofollow noopener noreferrer\" data-shared=\"\" class=\"share-jetpack-whatsapp sd-button share-icon no-text\" href=\"https:\/\/www.hondurasensusmanos.com\/turismo\/calendario-de-la-fiesta-nacional-de-la-virgen-de-suyapa-en-el-277o-aniversario-de-su-hallazgo\/?share=jetpack-whatsapp\" target=\"_blank\" title=\"Haz clic para compartir en WhatsApp\"><span><\/span><span class=\"sharing-screen-reader-text\">Haz clic para compartir en WhatsApp (Se abre en una ventana nueva)<\/span><\/a><\/li><li class=\"share-twitter\"><a rel=\"nofollow noopener noreferrer\" data-shared=\"sharing-twitter-22079\" class=\"share-twitter sd-button share-icon no-text\" href=\"https:\/\/www.hondurasensusmanos.com\/turismo\/calendario-de-la-fiesta-nacional-de-la-virgen-de-suyapa-en-el-277o-aniversario-de-su-hallazgo\/?share=twitter\" target=\"_blank\" title=\"Haz clic para compartir en Twitter\"><span><\/span><span class=\"sharing-screen-reader-text\">Haz clic para compartir en Twitter (Se abre en una ventana nueva)<\/span><\/a><\/li><li class=\"share-tumblr\"><a rel=\"nofollow noopener noreferrer\" data-shared=\"\" class=\"share-tumblr sd-button share-icon no-text\" href=\"https:\/\/www.hondurasensusmanos.com\/turismo\/calendario-de-la-fiesta-nacional-de-la-virgen-de-suyapa-en-el-277o-aniversario-de-su-hallazgo\/?share=tumblr\" target=\"_blank\" title=\"Haz clic para compartir en Tumblr\"><span><\/span><span class=\"sharing-screen-reader-text\">Haz clic para compartir en Tumblr (Se abre en una ventana nueva)<\/span><\/a><\/li><li class=\"share-email\"><a rel=\"nofollow noopener noreferrer\" data-shared=\"\" class=\"share-email sd-button share-icon no-text\" href=\"https:\/\/www.hondurasensusmanos.com\/turismo\/calendario-de-la-fiesta-nacional-de-la-virgen-de-suyapa-en-el-277o-aniversario-de-su-hallazgo\/?share=email\" target=\"_blank\" title=\"Haz clic para enviar por correo electr\u00f3nico a un amigo\"><span><\/span><span class=\"sharing-screen-reader-text\">Haz clic para enviar por correo electr\u00f3nico a un amigo (Se abre en una ventana nueva)<\/span><\/a><\/li><li class=\"share-end\"><\/li><\/ul><\/div><\/div><\/div>","protected":false},"author":4,"featured_media":22088,"comment_status":"open","ping_status":"open","sticky":false,"template":"","format":"standard","meta":{"spay_email":"","jetpack_publicize_message":"","jetpack_is_tweetstorm":false},"categories":[72,101,60,92],"tags":[],"jetpack_featured_media_url":"https:\/\/www.hondurasensusmanos.com\/turismo\/wp-content\/uploads\/2024\/02\/cq5dam.thumbnail.cropped.1500.844.jpeg","jetpack_publicize_connections":[],"jetpack_sharing_enabled":true,"jetpack_shortlink":"https:\/\/wp.me\/p8AciD-5K7","_links":{"self":[{"href":"https:\/\/www.hondurasensusmanos.com\/turismo\/wp-json\/wp\/v2\/posts\/22079"}],"collection":[{"href":"https:\/\/www.hondurasensusmanos.com\/turismo\/wp-json\/wp\/v2\/posts"}],"about":[{"href":"https:\/\/www.hondurasensusmanos.com\/turismo\/wp-json\/wp\/v2\/types\/post"}],"author":[{"embeddable":true,"href":"https:\/\/www.hondurasensusmanos.com\/turismo\/wp-json\/wp\/v2\/users\/4"}],"replies":[{"embeddable":true,"href":"https:\/\/www.hondurasensusmanos.com\/turismo\/wp-json\/wp\/v2\/comments?post=22079"}],"version-history":[{"count":1,"href":"https:\/\/www.hondurasensusmanos.com\/turismo\/wp-json\/wp\/v2\/posts\/22079\/revisions"}],"predecessor-version":[{"id":22089,"href":"https:\/\/www.hondurasensusmanos.com\/turismo\/wp-json\/wp\/v2\/posts\/22079\/revisions\/22089"}],"wp:featuredmedia":[{"embeddable":true,"href":"https:\/\/www.hondurasensusmanos.com\/turismo\/wp-json\/wp\/v2\/media\/22088"}],"wp:attachment":[{"href":"https:\/\/www.hondurasensusmanos.com\/turismo\/wp-json\/wp\/v2\/media?parent=22079"}],"wp:term":[{"taxonomy":"category","embeddable":true,"href":"https:\/\/www.hondurasensusmanos.com\/turismo\/wp-json\/wp\/v2\/categories?post=22079"},{"taxonomy":"post_tag","embeddable":true,"href":"https:\/\/www.hondurasensusmanos.com\/turismo\/wp-json\/wp\/v2\/tags?post=22079"}],"curies":[{"name":"wp","href":"https:\/\/api.w.org\/{rel}","templated":true}]}}