{"id":22330,"date":"2024-06-18T00:39:41","date_gmt":"2024-06-17T13:09:41","guid":{"rendered":"https:\/\/www.hondurasensusmanos.com\/turismo\/?p=22330"},"modified":"2024-06-18T00:39:41","modified_gmt":"2024-06-17T13:09:41","slug":"con-derroche-de-alegria-juticalpa-celebra-a-lo-grande-su-189-aniversario-como-ciudad","status":"publish","type":"post","link":"https:\/\/www.hondurasensusmanos.com\/turismo\/con-derroche-de-alegria-juticalpa-celebra-a-lo-grande-su-189-aniversario-como-ciudad\/","title":{"rendered":"Con derroche de alegr\u00eda Juticalpa celebra a lo grande su 189 aniversario como ciudad"},"content":{"rendered":"<p><img class=\"absolute inset-0\" src=\"https:\/\/d1mrtjpezxphht.cloudfront.net\/wp-content\/uploads\/2024\/06\/JUTICALPA-DE-CUMPLEANOS.-FOTO1..jpg\" alt=\"Con derroche de alegr\u00eda  Juticalpa celebra a lo grande  su 189 aniversario como ciudad\" data-nimg=\"intrinsic\" \/><\/p>\n<p>Autoridades regionales se sumaron a las festividades conmemorativas al 189 aniversario de Juticalpa.<\/p>\n<p>17.06.2024<\/p>\n<p class=\"mb-6\" style=\"text-align: justify;\"><em class=\"inline-block mb-2\"><strong>JUTICALPA, Olancho.<\/strong><\/em>Con alegre alborada, quema de p\u00f3lvora y m\u00fasica tradicional, Juticalpa celebr\u00f3 ayer el 189 aniversario de haber recibido el t\u00edtulo de ciudad de parte de las autoridades centrales en Tegucigalpa.<\/p>\n<p class=\"mb-6\" style=\"text-align: justify;\">Previo a las festividades de aniversario se ofici\u00f3 una misa en la catedral asentada al costado este de la plaza municipal Francisco de Paula<\/p>\n<p class=\"mb-6\" style=\"text-align: justify;\" data-inc=\"1\">Flores, donde asistieron las autoridades municipales, presididas por el alcalde Walner Castro y feligreses de la localidad.<\/p>\n<p class=\"mb-6\" style=\"text-align: justify;\">Luego se desarrollaron actos en la plaza municipal, con presencia de autoridades estatales que hicieron acto de presencia en la izada de las banderas del pa\u00eds y de Juticalpa.<\/p>\n<p class=\"mb-6\" style=\"text-align: justify;\" data-inc=\"2\">Efectivos de las Fuerzas Armadas de Honduras, de la 115 Brigada de Infanter\u00eda fueron los encargados de izada de banderas, mostrando la tradicional puntualidad, orden, disciplina y respeto a los s\u00edmbolos nacionales.<\/p>\n<p class=\"mb-6\" style=\"text-align: justify;\">El comercio se mantuvo activo en esta cabecera departamental, donde los emprendedores aprovecharon la \u00e9poca para exponer y vender sus productos a la poblaci\u00f3n visitantes.<\/p>\n<p class=\"mb-6\" style=\"text-align: justify;\" data-inc=\"3\">Las festividades a esta importante efem\u00e9ride comenzaron la semana anterior con una variedad de actividades que incluy\u00f3 homenaje a personas que han trabajado por el progreso y prestigio de la cabecera departamental.<\/p>\n<h2>CIUDAD GRANDE<\/h2>\n<figure id=\"attachment_13208666\" class=\"my-8\" aria-describedby=\"caption-attachment-13208666\"><img loading=\"lazy\" class=\"w-full my-6\" src=\"https:\/\/d1mrtjpezxphht.cloudfront.net\/wp-content\/uploads\/2024\/06\/JUTICALPA-DE-CUMPLEANOS.-FOTO2..jpg\" sizes=\"(max-width: 996px) 100vw, 996px\" srcset=\"https:\/\/d1mrtjpezxphht.cloudfront.net\/wp-content\/uploads\/2024\/06\/JUTICALPA-DE-CUMPLEANOS.-FOTO2..jpg 996w, https:\/\/d1mrtjpezxphht.cloudfront.net\/wp-content\/uploads\/2024\/06\/JUTICALPA-DE-CUMPLEANOS.-FOTO2.-768x393.jpg 768w, https:\/\/d1mrtjpezxphht.cloudfront.net\/wp-content\/uploads\/2024\/06\/JUTICALPA-DE-CUMPLEANOS.-FOTO2.-750x384.jpg 750w\" alt=\"\" width=\"996\" height=\"510\" \/><figcaption id=\"caption-attachment-13208666\" class=\"text-sm text-gray-600 my-2\">Efectivos de la 115 Brigada de Infanter\u00eda presidieron los actos de izadas de banderas.<\/figcaption><\/figure>\n<p class=\"mb-6\" style=\"text-align: justify;\">Juticalpa es la ciudad m\u00e1s importante de Olancho, seguida de Catacamas, que juntas tienen la mitad de la geograf\u00eda y de la poblaci\u00f3n de este vasto departamento.<\/p>\n<div id=\"latribuna_incontent_dynamic_article4\" class=\"fs-dynamic\" data-slot=\"complete\" data-freestar-ad=\"__336x280  __336x280 __fsAncillary\">\n<div id=\"latribuna_incontent_dynamic_article4_slot\" data-google-query-id=\"CJ2AtYPY4oYDFZAoswAd4d8Dew\">\n<div id=\"google_ads_iframe_\/15184186,111715215\/latribuna_incontent_dynamic_article_3__container__\">\n<p class=\"mb-6\" style=\"text-align: justify;\" data-inc=\"4\">Las actividades econ\u00f3micas son fuertes, al estar ubicado en el centro del valle de Guayape, con presencia de varias universidades que le dan mucho prestigio en materia de educaci\u00f3n.<\/p>\n<p class=\"mb-6\">La producci\u00f3n agr\u00edcola y ganadera es enorme, favorecida por su ubicaci\u00f3n en el centro de Olancho, con salida a varios sectores del pa\u00eds, a trav\u00e9s de v\u00edas pavimentadas.<\/p>\n<div id=\"latribuna_incontent_dynamic_article5\" class=\"fs-dynamic\" data-slot=\"complete\" data-freestar-ad=\"__336x280  __336x280 __fsAncillary\">\n<div id=\"latribuna_incontent_dynamic_article5_slot\" data-google-query-id=\"CMjspYzY4oYDFWTI4wcdfmILmw\">\n<div id=\"google_ads_iframe_\/15184186,111715215\/latribuna_incontent_dynamic_article_4__container__\">\n<p class=\"mb-6\" data-inc=\"5\">La noche del s\u00e1bado, con el ascenso del equipo Juticalpa, FC, a la liga<\/p>\n<p class=\"mb-6\" style=\"text-align: justify;\">nacional del f\u00fatbol, esta ciudad tendr\u00e1 dos representativos, junto al conjunto Olancho, FC, m\u00e1s conocido como \u201cPotros\u201d.<\/p>\n<h2>RESE\u00d1A HIST\u00d3RICA<\/h2>\n<figure id=\"attachment_13208665\" class=\"my-8\" aria-describedby=\"caption-attachment-13208665\"><img loading=\"lazy\" class=\"w-full my-6\" src=\"https:\/\/d1mrtjpezxphht.cloudfront.net\/wp-content\/uploads\/2024\/06\/JUTICALPA-DE-CUMPLEANOS.-FOTO3..jpg\" sizes=\"(max-width: 996px) 100vw, 996px\" srcset=\"https:\/\/d1mrtjpezxphht.cloudfront.net\/wp-content\/uploads\/2024\/06\/JUTICALPA-DE-CUMPLEANOS.-FOTO3..jpg 996w, https:\/\/d1mrtjpezxphht.cloudfront.net\/wp-content\/uploads\/2024\/06\/JUTICALPA-DE-CUMPLEANOS.-FOTO3.-768x393.jpg 768w, https:\/\/d1mrtjpezxphht.cloudfront.net\/wp-content\/uploads\/2024\/06\/JUTICALPA-DE-CUMPLEANOS.-FOTO3.-750x384.jpg 750w\" alt=\"\" width=\"996\" height=\"510\" \/><figcaption id=\"caption-attachment-13208665\" class=\"text-sm text-gray-600 my-2\">Emprendedores exhibieron sus productos en la plaza central Francisco de Paula Flores.<\/p>\n<p><span style=\"text-align: justify;\">El nombre de Juticalpa proviene del idioma n\u00e1huatl (cl\u00e1sico) y significa \u201cEn la casa de los caracoles\u201d. Los espa\u00f1oles le llamaron originalmente Jutiapa. Es la cabecera del departamento de Olancho, en la Rep\u00fablica de Honduras.<\/span><\/p>\n<p class=\"mb-6\" style=\"text-align: justify;\">La ciudad fue fundada en el a\u00f1o de 1530 y recibi\u00f3 su nombre el 16 de junio de 1835, antes hab\u00eda sido registrada como San Juan de Juticalpa.<\/p>\n<p class=\"mb-6\" style=\"text-align: justify;\" data-inc=\"7\">En 1791, Juticalpa ya aparece en los registros como San Juan de Juticalpa. El 16 de junio de 1835 se cambia el nombre de San Juan de Juticalpa por<\/p>\n<p class=\"mb-6\">Juticalpa y recibe el t\u00edtulo de ciudad.<\/p>\n<div class=\"news-content md:text-[18px] lg:text-[19px] lg:leading-[21.85px]\">\n<p class=\"mb-6\" style=\"text-align: justify;\" data-inc=\"8\">Tiene una extensi\u00f3n territorial de 2,606.2 km\u00b2, est\u00e1 conformado por 52 aldeas y 526 caser\u00edos, registrados en el Censo Nacional de Poblaci\u00f3n y Vivienda de 2013. El c\u00f3digo de identificaci\u00f3n geogr\u00e1fica de Juticalpa es 1501. (FS)<\/p>\n<p data-inc=\"8\">Fuente: La Tribuna<\/p>\n<\/div>\n<\/figcaption><\/figure>\n<\/div>\n<\/div>\n<\/div>\n<\/div>\n<\/div>\n<\/div>\n<div class=\"sharedaddy sd-sharing-enabled\"><div class=\"robots-nocontent sd-block sd-social sd-social-icon sd-sharing\"><h3 class=\"sd-title\">Comparte esto:<\/h3><div class=\"sd-content\"><ul><li class=\"share-facebook\"><a rel=\"nofollow noopener noreferrer\" data-shared=\"sharing-facebook-22330\" class=\"share-facebook sd-button share-icon no-text\" href=\"https:\/\/www.hondurasensusmanos.com\/turismo\/con-derroche-de-alegria-juticalpa-celebra-a-lo-grande-su-189-aniversario-como-ciudad\/?share=facebook\" target=\"_blank\" title=\"Haz clic para compartir en Facebook\"><span><\/span><span class=\"sharing-screen-reader-text\">Haz clic para compartir en Facebook (Se abre en una ventana nueva)<\/span><\/a><\/li><li class=\"share-jetpack-whatsapp\"><a rel=\"nofollow noopener noreferrer\" data-shared=\"\" class=\"share-jetpack-whatsapp sd-button share-icon no-text\" href=\"https:\/\/www.hondurasensusmanos.com\/turismo\/con-derroche-de-alegria-juticalpa-celebra-a-lo-grande-su-189-aniversario-como-ciudad\/?share=jetpack-whatsapp\" target=\"_blank\" title=\"Haz clic para compartir en WhatsApp\"><span><\/span><span class=\"sharing-screen-reader-text\">Haz clic para compartir en WhatsApp (Se abre en una ventana nueva)<\/span><\/a><\/li><li class=\"share-twitter\"><a rel=\"nofollow noopener noreferrer\" data-shared=\"sharing-twitter-22330\" class=\"share-twitter sd-button share-icon no-text\" href=\"https:\/\/www.hondurasensusmanos.com\/turismo\/con-derroche-de-alegria-juticalpa-celebra-a-lo-grande-su-189-aniversario-como-ciudad\/?share=twitter\" target=\"_blank\" title=\"Haz clic para compartir en Twitter\"><span><\/span><span class=\"sharing-screen-reader-text\">Haz clic para compartir en Twitter (Se abre en una ventana nueva)<\/span><\/a><\/li><li class=\"share-tumblr\"><a rel=\"nofollow noopener noreferrer\" data-shared=\"\" class=\"share-tumblr sd-button share-icon no-text\" href=\"https:\/\/www.hondurasensusmanos.com\/turismo\/con-derroche-de-alegria-juticalpa-celebra-a-lo-grande-su-189-aniversario-como-ciudad\/?share=tumblr\" target=\"_blank\" title=\"Haz clic para compartir en Tumblr\"><span><\/span><span class=\"sharing-screen-reader-text\">Haz clic para compartir en Tumblr (Se abre en una ventana nueva)<\/span><\/a><\/li><li class=\"share-email\"><a rel=\"nofollow noopener noreferrer\" data-shared=\"\" class=\"share-email sd-button share-icon no-text\" href=\"https:\/\/www.hondurasensusmanos.com\/turismo\/con-derroche-de-alegria-juticalpa-celebra-a-lo-grande-su-189-aniversario-como-ciudad\/?share=email\" target=\"_blank\" title=\"Haz clic para enviar por correo electr\u00f3nico a un amigo\"><span><\/span><span class=\"sharing-screen-reader-text\">Haz clic para enviar por correo electr\u00f3nico a un amigo (Se abre en una ventana nueva)<\/span><\/a><\/li><li class=\"share-end\"><\/li><\/ul><\/div><\/div><\/div>","protected":false},"excerpt":{"rendered":"<p>Autoridades regionales se sumaron a las festividades conmemorativas al 189 aniversario de Juticalpa. 17.06.2024 JUTICALPA, Olancho.Con alegre alborada, quema de p\u00f3lvora y m\u00fasica tradicional, Juticalpa celebr\u00f3 ayer el 189 aniversario de haber recibido el t\u00edtulo de ciudad de parte de las autoridades centrales en Tegucigalpa. Previo a las festividades de aniversario se ofici\u00f3 una misa &#8230;<\/p>\n<div class=\"sharedaddy sd-sharing-enabled\"><div class=\"robots-nocontent sd-block sd-social sd-social-icon sd-sharing\"><h3 class=\"sd-title\">Comparte esto:<\/h3><div class=\"sd-content\"><ul><li class=\"share-facebook\"><a rel=\"nofollow noopener noreferrer\" data-shared=\"sharing-facebook-22330\" class=\"share-facebook sd-button share-icon no-text\" href=\"https:\/\/www.hondurasensusmanos.com\/turismo\/con-derroche-de-alegria-juticalpa-celebra-a-lo-grande-su-189-aniversario-como-ciudad\/?share=facebook\" target=\"_blank\" title=\"Haz clic para compartir en Facebook\"><span><\/span><span class=\"sharing-screen-reader-text\">Haz clic para compartir en Facebook (Se abre en una ventana nueva)<\/span><\/a><\/li><li class=\"share-jetpack-whatsapp\"><a rel=\"nofollow noopener noreferrer\" data-shared=\"\" class=\"share-jetpack-whatsapp sd-button share-icon no-text\" href=\"https:\/\/www.hondurasensusmanos.com\/turismo\/con-derroche-de-alegria-juticalpa-celebra-a-lo-grande-su-189-aniversario-como-ciudad\/?share=jetpack-whatsapp\" target=\"_blank\" title=\"Haz clic para compartir en WhatsApp\"><span><\/span><span class=\"sharing-screen-reader-text\">Haz clic para compartir en WhatsApp (Se abre en una ventana nueva)<\/span><\/a><\/li><li class=\"share-twitter\"><a rel=\"nofollow noopener noreferrer\" data-shared=\"sharing-twitter-22330\" class=\"share-twitter sd-button share-icon no-text\" href=\"https:\/\/www.hondurasensusmanos.com\/turismo\/con-derroche-de-alegria-juticalpa-celebra-a-lo-grande-su-189-aniversario-como-ciudad\/?share=twitter\" target=\"_blank\" title=\"Haz clic para compartir en Twitter\"><span><\/span><span class=\"sharing-screen-reader-text\">Haz clic para compartir en Twitter (Se abre en una ventana nueva)<\/span><\/a><\/li><li class=\"share-tumblr\"><a rel=\"nofollow noopener noreferrer\" data-shared=\"\" class=\"share-tumblr sd-button share-icon no-text\" href=\"https:\/\/www.hondurasensusmanos.com\/turismo\/con-derroche-de-alegria-juticalpa-celebra-a-lo-grande-su-189-aniversario-como-ciudad\/?share=tumblr\" target=\"_blank\" title=\"Haz clic para compartir en Tumblr\"><span><\/span><span class=\"sharing-screen-reader-text\">Haz clic para compartir en Tumblr (Se abre en una ventana nueva)<\/span><\/a><\/li><li class=\"share-email\"><a rel=\"nofollow noopener noreferrer\" data-shared=\"\" class=\"share-email sd-button share-icon no-text\" href=\"https:\/\/www.hondurasensusmanos.com\/turismo\/con-derroche-de-alegria-juticalpa-celebra-a-lo-grande-su-189-aniversario-como-ciudad\/?share=email\" target=\"_blank\" title=\"Haz clic para enviar por correo electr\u00f3nico a un amigo\"><span><\/span><span class=\"sharing-screen-reader-text\">Haz clic para enviar por correo electr\u00f3nico a un amigo (Se abre en una ventana nueva)<\/span><\/a><\/li><li class=\"share-end\"><\/li><\/ul><\/div><\/div><\/div>","protected":false},"author":4,"featured_media":22331,"comment_status":"open","ping_status":"open","sticky":false,"template":"","format":"standard","meta":{"spay_email":"","jetpack_publicize_message":"","jetpack_is_tweetstorm":false},"categories":[28,60,104,63],"tags":[],"jetpack_featured_media_url":"https:\/\/www.hondurasensusmanos.com\/turismo\/wp-content\/uploads\/2024\/06\/JUTICALPA-DE-CUMPLEANOS.-FOTO1..jpg","jetpack_publicize_connections":[],"jetpack_sharing_enabled":true,"jetpack_shortlink":"https:\/\/wp.me\/p8AciD-5Oa","_links":{"self":[{"href":"https:\/\/www.hondurasensusmanos.com\/turismo\/wp-json\/wp\/v2\/posts\/22330"}],"collection":[{"href":"https:\/\/www.hondurasensusmanos.com\/turismo\/wp-json\/wp\/v2\/posts"}],"about":[{"href":"https:\/\/www.hondurasensusmanos.com\/turismo\/wp-json\/wp\/v2\/types\/post"}],"author":[{"embeddable":true,"href":"https:\/\/www.hondurasensusmanos.com\/turismo\/wp-json\/wp\/v2\/users\/4"}],"replies":[{"embeddable":true,"href":"https:\/\/www.hondurasensusmanos.com\/turismo\/wp-json\/wp\/v2\/comments?post=22330"}],"version-history":[{"count":1,"href":"https:\/\/www.hondurasensusmanos.com\/turismo\/wp-json\/wp\/v2\/posts\/22330\/revisions"}],"predecessor-version":[{"id":22332,"href":"https:\/\/www.hondurasensusmanos.com\/turismo\/wp-json\/wp\/v2\/posts\/22330\/revisions\/22332"}],"wp:featuredmedia":[{"embeddable":true,"href":"https:\/\/www.hondurasensusmanos.com\/turismo\/wp-json\/wp\/v2\/media\/22331"}],"wp:attachment":[{"href":"https:\/\/www.hondurasensusmanos.com\/turismo\/wp-json\/wp\/v2\/media?parent=22330"}],"wp:term":[{"taxonomy":"category","embeddable":true,"href":"https:\/\/www.hondurasensusmanos.com\/turismo\/wp-json\/wp\/v2\/categories?post=22330"},{"taxonomy":"post_tag","embeddable":true,"href":"https:\/\/www.hondurasensusmanos.com\/turismo\/wp-json\/wp\/v2\/tags?post=22330"}],"curies":[{"name":"wp","href":"https:\/\/api.w.org\/{rel}","templated":true}]}}