{"id":24368,"date":"2026-04-28T09:52:35","date_gmt":"2026-04-27T22:22:35","guid":{"rendered":"https:\/\/www.hondurasensusmanos.com\/turismo\/?p=24368"},"modified":"2026-04-28T09:52:35","modified_gmt":"2026-04-27T22:22:35","slug":"renuevan-el-historico-parque-colon-en-el-centro-de-trujillo","status":"publish","type":"post","link":"https:\/\/www.hondurasensusmanos.com\/turismo\/renuevan-el-historico-parque-colon-en-el-centro-de-trujillo\/","title":{"rendered":"Renuevan el hist\u00f3rico Parque Col\u00f3n en el centro de Trujillo"},"content":{"rendered":"<p><a class=\"post-thumbnail\" tabindex=\"-1\" href=\"https:\/\/www.honduras.com\/notas\/turismo\/renuevan-parque-colon-trujillo\/\" aria-hidden=\"true\"><img loading=\"lazy\" class=\"attachment-post-thumbnail size-post-thumbnail wp-post-image ls-is-cached lazyloaded\" src=\"https:\/\/www.honduras.com\/wp-content\/uploads\/2026\/03\/Parque-Colon-.jpg\" sizes=\"(max-width: 1920px) 100vw, 1920px\" srcset=\"https:\/\/www.honduras.com\/wp-content\/uploads\/2026\/03\/Parque-Colon-.jpg 1920w, https:\/\/www.honduras.com\/wp-content\/uploads\/2026\/03\/Parque-Colon--300x169.jpg 300w, https:\/\/www.honduras.com\/wp-content\/uploads\/2026\/03\/Parque-Colon--1024x576.jpg 1024w, https:\/\/www.honduras.com\/wp-content\/uploads\/2026\/03\/Parque-Colon--768x432.jpg 768w, https:\/\/www.honduras.com\/wp-content\/uploads\/2026\/03\/Parque-Colon--1536x864.jpg 1536w, https:\/\/www.honduras.com\/wp-content\/uploads\/2026\/03\/Parque-Colon--800x450.jpg 800w\" alt=\"Renuevan el hist\u00f3rico Parque Col\u00f3n en el centro de Trujillo\" width=\"1920\" height=\"1080\" data-srcset=\"https:\/\/www.honduras.com\/wp-content\/uploads\/2026\/03\/Parque-Colon-.jpg 1920w, https:\/\/www.honduras.com\/wp-content\/uploads\/2026\/03\/Parque-Colon--300x169.jpg 300w, https:\/\/www.honduras.com\/wp-content\/uploads\/2026\/03\/Parque-Colon--1024x576.jpg 1024w, https:\/\/www.honduras.com\/wp-content\/uploads\/2026\/03\/Parque-Colon--768x432.jpg 768w, https:\/\/www.honduras.com\/wp-content\/uploads\/2026\/03\/Parque-Colon--1536x864.jpg 1536w, https:\/\/www.honduras.com\/wp-content\/uploads\/2026\/03\/Parque-Colon--800x450.jpg 800w\" data-src=\"https:\/\/www.honduras.com\/wp-content\/uploads\/2026\/03\/Parque-Colon-.jpg\" data-sizes=\"(max-width: 1920px) 100vw, 1920px\" \/><\/a><\/p>\n<div id=\"ad-content-1777328501\" data-google-query-id=\"CNr8nNCIj5QDFfPllAkddIs61A\">\n<div id=\"google_ads_iframe_\/186299052\/honduras\/Honduras_content_1_0__container__\"><iframe loading=\"lazy\" id=\"google_ads_iframe_\/186299052\/honduras\/Honduras_content_1_0\" tabindex=\"0\" title=\"Contenido de anuncios de terceros\" src=\"https:\/\/15a28343e773252df3a81dba132a7500.safeframe.googlesyndication.com\/safeframe\/1-0-45\/html\/container.html\" name=\"\" width=\"300\" height=\"250\" frameborder=\"0\" marginwidth=\"0\" marginheight=\"0\" scrolling=\"no\" sandbox=\"allow-forms allow-popups allow-popups-to-escape-sandbox allow-same-origin allow-scripts allow-top-navigation-by-user-activation\" data-is-safeframe=\"true\" aria-label=\"Anuncio\" data-google-container-id=\"1\" data-load-complete=\"true\" data-mce-fragment=\"1\"><\/iframe><\/div>\n<\/div>\n<div class=\"entry-content\">\n<p>\u00a1Que Bien! La ciudad de Trujillo celebr\u00f3 la inauguraci\u00f3n del renovado\u00a0<strong>Parque Col\u00f3n<\/strong>, uno de los espacios m\u00e1s emblem\u00e1ticos del centro hist\u00f3rico, tras un proyecto de restauraci\u00f3n apoyado por la cooperaci\u00f3n internacional de Espa\u00f1a.<\/p>\n<p>El evento de inauguraci\u00f3n reuni\u00f3 a autoridades locales, representantes de la cooperaci\u00f3n espa\u00f1ola, invitados especiales y ciudadanos que asistieron a la reapertura del parque, que ahora presenta mejoras en su infraestructura, iluminaci\u00f3n y \u00e1reas p\u00fablicas.<\/p>\n<h2>Un parque renovado para la comunidad<\/h2>\n<p>El proyecto incluy\u00f3 mejoras en la infraestructura del parque. Tambi\u00e9n se renovaron las \u00e1reas verdes, la iluminaci\u00f3n y las zonas de descanso. Con estas mejoras se busca que el parque sea un espacio m\u00e1s seguro, atractivo y c\u00f3modo para los visitantes.<\/p>\n<p>La restauraci\u00f3n del parque forma parte de un proyecto orientado a la\u00a0<strong>conservaci\u00f3n del patrimonio urbano y arquitect\u00f3nico del centro hist\u00f3rico de Trujillo<\/strong>, con el objetivo de recuperar espacios p\u00fablicos y fortalecer la identidad cultural de la ciudad.<\/p>\n<p>El proyecto cont\u00f3 con el apoyo de la\u00a0<strong>Agencia Espa\u00f1ola de Cooperaci\u00f3n Internacional para el Desarrollo (AECID)<\/strong>\u00a0y represent\u00f3 una inversi\u00f3n importante para mejorar este emblem\u00e1tico lugar del municipio.<\/p>\n<figure class=\"wp-block-image\"><img class=\" lazyloaded\" src=\"https:\/\/scontent.fgua1-2.fna.fbcdn.net\/v\/t39.30808-6\/641393277_932118465988222_7894988455625870071_n.jpg?_nc_cat=108&amp;ccb=1-7&amp;_nc_sid=13d280&amp;_nc_ohc=5PUiBAmBKIIQ7kNvwFdqj77&amp;_nc_oc=AdnmvPjqa5Cye8IWBNtQf8KZkNuC6S3A-vmMXhk7UbwgADuA_Okx4USn55Xz5oPO3sONPkFKTk4ULCq-H3fSrlqm&amp;_nc_zt=23&amp;_nc_ht=scontent.fgua1-2.fna&amp;_nc_gid=DpVCXBJU4o82eMrAwbgFMg&amp;_nc_ss=8&amp;oh=00_AfwLs9hw5D1sznheW7iCFgnaXFisNXKalGcJ4Ic5nKohJg&amp;oe=69AE198E\" alt=\"Puede ser una imagen de iluminaci\u00f3n\" data-src=\"https:\/\/scontent.fgua1-2.fna.fbcdn.net\/v\/t39.30808-6\/641393277_932118465988222_7894988455625870071_n.jpg?_nc_cat=108&amp;ccb=1-7&amp;_nc_sid=13d280&amp;_nc_ohc=5PUiBAmBKIIQ7kNvwFdqj77&amp;_nc_oc=AdnmvPjqa5Cye8IWBNtQf8KZkNuC6S3A-vmMXhk7UbwgADuA_Okx4USn55Xz5oPO3sONPkFKTk4ULCq-H3fSrlqm&amp;_nc_zt=23&amp;_nc_ht=scontent.fgua1-2.fna&amp;_nc_gid=DpVCXBJU4o82eMrAwbgFMg&amp;_nc_ss=8&amp;oh=00_AfwLs9hw5D1sznheW7iCFgnaXFisNXKalGcJ4Ic5nKohJg&amp;oe=69AE198E\" \/><figcaption><em>Autoridades, invitados y ciudadanos asistieron a la inauguraci\u00f3n del renovado<\/em>\u00a0Parque Col\u00f3n\u00a0<em>durante un evento cultural realizado en el emblem\u00e1tico quiosco del parque.<\/em>\u00a0Foto: Embajada de Espa\u00f1a en Honduras<\/figcaption><\/figure>\n<h2>As\u00ed se vivi\u00f3 la inauguraci\u00f3n<\/h2>\n<p>Durante la inauguraci\u00f3n se realiz\u00f3 un evento especial en el quiosco central del parque, donde autoridades, representantes de la cooperaci\u00f3n internacional y ciudadanos participaron en la reapertura del espacio p\u00fablico.<\/p>\n<p>El ambiente estuvo marcado por un acto cultural y comunitario, acompa\u00f1ado de iluminaci\u00f3n especial y la presencia de vecinos y visitantes que llegaron para conocer el renovado parque.<\/p>\n<figure class=\"wp-block-image\"><img class=\" lazyloaded\" src=\"https:\/\/scontent.fgua1-2.fna.fbcdn.net\/v\/t39.30808-6\/644479007_932524215947647_9187899840115434307_n.jpg?_nc_cat=100&amp;ccb=1-7&amp;_nc_sid=13d280&amp;_nc_ohc=eG9OLVrT3qMQ7kNvwHZgaIa&amp;_nc_oc=AdnzVn-gUdr1NNkHGRgWg0KPWrJ-fcHV98mTA7M9p8t330C9XV4evVP91YEiukhms8uZL7iTglcgg5Au2Pcwr2Gn&amp;_nc_zt=23&amp;_nc_ht=scontent.fgua1-2.fna&amp;_nc_gid=vqQJM1HB13T53BOj2d65FQ&amp;_nc_ss=8&amp;oh=00_AfyOpAvqwvwvuRIAdaQ6uuiWN-4hcoIdFUnjqWrfcvmYhw&amp;oe=69AE45EC\" alt=\"Puede ser una imagen de una o varias personas, personas bailando y multitud\" data-src=\"https:\/\/scontent.fgua1-2.fna.fbcdn.net\/v\/t39.30808-6\/644479007_932524215947647_9187899840115434307_n.jpg?_nc_cat=100&amp;ccb=1-7&amp;_nc_sid=13d280&amp;_nc_ohc=eG9OLVrT3qMQ7kNvwHZgaIa&amp;_nc_oc=AdnzVn-gUdr1NNkHGRgWg0KPWrJ-fcHV98mTA7M9p8t330C9XV4evVP91YEiukhms8uZL7iTglcgg5Au2Pcwr2Gn&amp;_nc_zt=23&amp;_nc_ht=scontent.fgua1-2.fna&amp;_nc_gid=vqQJM1HB13T53BOj2d65FQ&amp;_nc_ss=8&amp;oh=00_AfyOpAvqwvwvuRIAdaQ6uuiWN-4hcoIdFUnjqWrfcvmYhw&amp;oe=69AE45EC\" \/><figcaption>Foto: Embajada de Espa\u00f1a en Honduras<\/figcaption><\/figure>\n<p>La actividad destac\u00f3 la importancia de preservar los espacios hist\u00f3ricos y fortalecer los lugares de convivencia para la comunidad.<\/p>\n<h2>Un impulso para el turismo en Trujillo<\/h2>\n<p>El\u00a0<strong>Parque Col\u00f3n<\/strong>\u00a0es uno de los lugares m\u00e1s visitados del centro hist\u00f3rico de la ciudad. Su renovaci\u00f3n tambi\u00e9n busca impulsar el turismo en esta zona del Caribe hondure\u00f1o.<\/p>\n<p>Trujillo es un destino conocido por su historia, su arquitectura colonial y sus paisajes frente al mar Caribe. La restauraci\u00f3n del parque forma parte de los esfuerzos por revitalizar el centro hist\u00f3rico y atraer m\u00e1s visitantes al municipio.<\/p>\n<h2>Un espacio para la comunidad y el turismo<\/h2>\n<p>El renovado parque busca consolidarse nuevamente como un punto de encuentro para residentes y visitantes que recorren el centro hist\u00f3rico de Trujillo.<\/p>\n<p>Adem\u00e1s, este tipo de proyectos contribuye a fortalecer el patrimonio cultural de la ciudad y a impulsar el turismo en uno de los destinos hist\u00f3ricos m\u00e1s importantes del Caribe hondure\u00f1o.<\/p>\n<\/div>\n<div class=\"sharedaddy sd-sharing-enabled\"><div class=\"robots-nocontent sd-block sd-social sd-social-icon sd-sharing\"><h3 class=\"sd-title\">Comparte esto:<\/h3><div class=\"sd-content\"><ul><li class=\"share-facebook\"><a rel=\"nofollow noopener noreferrer\" data-shared=\"sharing-facebook-24368\" class=\"share-facebook sd-button share-icon no-text\" href=\"https:\/\/www.hondurasensusmanos.com\/turismo\/renuevan-el-historico-parque-colon-en-el-centro-de-trujillo\/?share=facebook\" target=\"_blank\" title=\"Haz clic para compartir en Facebook\"><span><\/span><span class=\"sharing-screen-reader-text\">Haz clic para compartir en Facebook (Se abre en una ventana nueva)<\/span><\/a><\/li><li class=\"share-jetpack-whatsapp\"><a rel=\"nofollow noopener noreferrer\" data-shared=\"\" class=\"share-jetpack-whatsapp sd-button share-icon no-text\" href=\"https:\/\/www.hondurasensusmanos.com\/turismo\/renuevan-el-historico-parque-colon-en-el-centro-de-trujillo\/?share=jetpack-whatsapp\" target=\"_blank\" title=\"Haz clic para compartir en WhatsApp\"><span><\/span><span class=\"sharing-screen-reader-text\">Haz clic para compartir en WhatsApp (Se abre en una ventana nueva)<\/span><\/a><\/li><li class=\"share-twitter\"><a rel=\"nofollow noopener noreferrer\" data-shared=\"sharing-twitter-24368\" class=\"share-twitter sd-button share-icon no-text\" href=\"https:\/\/www.hondurasensusmanos.com\/turismo\/renuevan-el-historico-parque-colon-en-el-centro-de-trujillo\/?share=twitter\" target=\"_blank\" title=\"Haz clic para compartir en Twitter\"><span><\/span><span class=\"sharing-screen-reader-text\">Haz clic para compartir en Twitter (Se abre en una ventana nueva)<\/span><\/a><\/li><li class=\"share-tumblr\"><a rel=\"nofollow noopener noreferrer\" data-shared=\"\" class=\"share-tumblr sd-button share-icon no-text\" href=\"https:\/\/www.hondurasensusmanos.com\/turismo\/renuevan-el-historico-parque-colon-en-el-centro-de-trujillo\/?share=tumblr\" target=\"_blank\" title=\"Haz clic para compartir en Tumblr\"><span><\/span><span class=\"sharing-screen-reader-text\">Haz clic para compartir en Tumblr (Se abre en una ventana nueva)<\/span><\/a><\/li><li class=\"share-email\"><a rel=\"nofollow noopener noreferrer\" data-shared=\"\" class=\"share-email sd-button share-icon no-text\" href=\"https:\/\/www.hondurasensusmanos.com\/turismo\/renuevan-el-historico-parque-colon-en-el-centro-de-trujillo\/?share=email\" target=\"_blank\" title=\"Haz clic para enviar por correo electr\u00f3nico a un amigo\"><span><\/span><span class=\"sharing-screen-reader-text\">Haz clic para enviar por correo electr\u00f3nico a un amigo (Se abre en una ventana nueva)<\/span><\/a><\/li><li class=\"share-end\"><\/li><\/ul><\/div><\/div><\/div>","protected":false},"excerpt":{"rendered":"<p>\u00a1Que Bien! La ciudad de Trujillo celebr\u00f3 la inauguraci\u00f3n del renovado\u00a0Parque Col\u00f3n, uno de los espacios m\u00e1s emblem\u00e1ticos del centro hist\u00f3rico, tras un proyecto de restauraci\u00f3n apoyado por la cooperaci\u00f3n internacional de Espa\u00f1a. El evento de inauguraci\u00f3n reuni\u00f3 a autoridades locales, representantes de la cooperaci\u00f3n espa\u00f1ola, invitados especiales y ciudadanos que asistieron a la reapertura &#8230;<\/p>\n<div class=\"sharedaddy sd-sharing-enabled\"><div class=\"robots-nocontent sd-block sd-social sd-social-icon sd-sharing\"><h3 class=\"sd-title\">Comparte esto:<\/h3><div class=\"sd-content\"><ul><li class=\"share-facebook\"><a rel=\"nofollow noopener noreferrer\" data-shared=\"sharing-facebook-24368\" class=\"share-facebook sd-button share-icon no-text\" href=\"https:\/\/www.hondurasensusmanos.com\/turismo\/renuevan-el-historico-parque-colon-en-el-centro-de-trujillo\/?share=facebook\" target=\"_blank\" title=\"Haz clic para compartir en Facebook\"><span><\/span><span class=\"sharing-screen-reader-text\">Haz clic para compartir en Facebook (Se abre en una ventana nueva)<\/span><\/a><\/li><li class=\"share-jetpack-whatsapp\"><a rel=\"nofollow noopener noreferrer\" data-shared=\"\" class=\"share-jetpack-whatsapp sd-button share-icon no-text\" href=\"https:\/\/www.hondurasensusmanos.com\/turismo\/renuevan-el-historico-parque-colon-en-el-centro-de-trujillo\/?share=jetpack-whatsapp\" target=\"_blank\" title=\"Haz clic para compartir en WhatsApp\"><span><\/span><span class=\"sharing-screen-reader-text\">Haz clic para compartir en WhatsApp (Se abre en una ventana nueva)<\/span><\/a><\/li><li class=\"share-twitter\"><a rel=\"nofollow noopener noreferrer\" data-shared=\"sharing-twitter-24368\" class=\"share-twitter sd-button share-icon no-text\" href=\"https:\/\/www.hondurasensusmanos.com\/turismo\/renuevan-el-historico-parque-colon-en-el-centro-de-trujillo\/?share=twitter\" target=\"_blank\" title=\"Haz clic para compartir en Twitter\"><span><\/span><span class=\"sharing-screen-reader-text\">Haz clic para compartir en Twitter (Se abre en una ventana nueva)<\/span><\/a><\/li><li class=\"share-tumblr\"><a rel=\"nofollow noopener noreferrer\" data-shared=\"\" class=\"share-tumblr sd-button share-icon no-text\" href=\"https:\/\/www.hondurasensusmanos.com\/turismo\/renuevan-el-historico-parque-colon-en-el-centro-de-trujillo\/?share=tumblr\" target=\"_blank\" title=\"Haz clic para compartir en Tumblr\"><span><\/span><span class=\"sharing-screen-reader-text\">Haz clic para compartir en Tumblr (Se abre en una ventana nueva)<\/span><\/a><\/li><li class=\"share-email\"><a rel=\"nofollow noopener noreferrer\" data-shared=\"\" class=\"share-email sd-button share-icon no-text\" href=\"https:\/\/www.hondurasensusmanos.com\/turismo\/renuevan-el-historico-parque-colon-en-el-centro-de-trujillo\/?share=email\" target=\"_blank\" title=\"Haz clic para enviar por correo electr\u00f3nico a un amigo\"><span><\/span><span class=\"sharing-screen-reader-text\">Haz clic para enviar por correo electr\u00f3nico a un amigo (Se abre en una ventana nueva)<\/span><\/a><\/li><li class=\"share-end\"><\/li><\/ul><\/div><\/div><\/div>","protected":false},"author":4,"featured_media":24369,"comment_status":"open","ping_status":"open","sticky":false,"template":"","format":"standard","meta":{"spay_email":"","jetpack_publicize_message":"","jetpack_is_tweetstorm":false},"categories":[63],"tags":[],"jetpack_featured_media_url":"https:\/\/www.hondurasensusmanos.com\/turismo\/wp-content\/uploads\/2026\/04\/Captura-de-pantalla-2026-04-27-162147.png","jetpack_publicize_connections":[],"jetpack_sharing_enabled":true,"jetpack_shortlink":"https:\/\/wp.me\/p8AciD-6l2","_links":{"self":[{"href":"https:\/\/www.hondurasensusmanos.com\/turismo\/wp-json\/wp\/v2\/posts\/24368"}],"collection":[{"href":"https:\/\/www.hondurasensusmanos.com\/turismo\/wp-json\/wp\/v2\/posts"}],"about":[{"href":"https:\/\/www.hondurasensusmanos.com\/turismo\/wp-json\/wp\/v2\/types\/post"}],"author":[{"embeddable":true,"href":"https:\/\/www.hondurasensusmanos.com\/turismo\/wp-json\/wp\/v2\/users\/4"}],"replies":[{"embeddable":true,"href":"https:\/\/www.hondurasensusmanos.com\/turismo\/wp-json\/wp\/v2\/comments?post=24368"}],"version-history":[{"count":1,"href":"https:\/\/www.hondurasensusmanos.com\/turismo\/wp-json\/wp\/v2\/posts\/24368\/revisions"}],"predecessor-version":[{"id":24370,"href":"https:\/\/www.hondurasensusmanos.com\/turismo\/wp-json\/wp\/v2\/posts\/24368\/revisions\/24370"}],"wp:featuredmedia":[{"embeddable":true,"href":"https:\/\/www.hondurasensusmanos.com\/turismo\/wp-json\/wp\/v2\/media\/24369"}],"wp:attachment":[{"href":"https:\/\/www.hondurasensusmanos.com\/turismo\/wp-json\/wp\/v2\/media?parent=24368"}],"wp:term":[{"taxonomy":"category","embeddable":true,"href":"https:\/\/www.hondurasensusmanos.com\/turismo\/wp-json\/wp\/v2\/categories?post=24368"},{"taxonomy":"post_tag","embeddable":true,"href":"https:\/\/www.hondurasensusmanos.com\/turismo\/wp-json\/wp\/v2\/tags?post=24368"}],"curies":[{"name":"wp","href":"https:\/\/api.w.org\/{rel}","templated":true}]}}