{"id":24387,"date":"2026-04-30T05:07:18","date_gmt":"2026-04-29T17:37:18","guid":{"rendered":"https:\/\/www.hondurasensusmanos.com\/turismo\/?p=24387"},"modified":"2026-04-30T05:07:18","modified_gmt":"2026-04-29T17:37:18","slug":"santa-lucia-se-llena-de-color-tradicion-y-alegria-con-el-festival-de-las-flores-2026-%f0%9f%8c%bb%f0%9f%8c%bc%f0%9f%8e%89","status":"publish","type":"post","link":"https:\/\/www.hondurasensusmanos.com\/turismo\/santa-lucia-se-llena-de-color-tradicion-y-alegria-con-el-festival-de-las-flores-2026-%f0%9f%8c%bb%f0%9f%8c%bc%f0%9f%8e%89\/","title":{"rendered":"Santa Luc\u00eda se llena de color, tradici\u00f3n y alegr\u00eda con el Festival de las Flores 2026 \ud83c\udf3b\ud83c\udf3c\ud83c\udf89"},"content":{"rendered":"<div class=\"x14z9mp xat24cr x1lziwak x1vvkbs xtlvy1s x126k92a\">\n<div dir=\"auto\">Del 30 de abril al 03 de mayo, Santa Luc\u00eda abre sus puertas para celebrar una de las temporadas m\u00e1s hermosas del a\u00f1o, donde sus calles, paisajes y encanto natural se convierten en el escenario perfecto para compartir en familia.<\/div>\n<div dir=\"auto\"><\/div>\n<\/div>\n<div class=\"x14z9mp xat24cr x1lziwak x1vvkbs xtlvy1s x126k92a\">\n<div dir=\"auto\">Viv\u00ed d\u00edas llenos de cultura, m\u00fasica, gastronom\u00eda, naturaleza y momentos inolvidables en un destino que conserva su historia y enamora con cada rinc\u00f3n. <span class=\"html-span xexx8yu xyri2b x18d9i69 x1c1uobl x1hl2dhg x16tdsg8 x1vvkbs x3nfvp2 x1j61x8r x1fcty0u xdj266r xat24cr xm2jcoa x1mpyi22 xxymvpz xlup9mm x1kky2od\"><img loading=\"lazy\" class=\"xz74otr x15mokao x1ga7v0g x16uus16 xbiv7yw\" src=\"https:\/\/static.xx.fbcdn.net\/images\/emoji.php\/v9\/t1e\/1\/16\/1f33f.png\" alt=\"\ud83c\udf3f\" width=\"16\" height=\"16\" \/><\/span><span class=\"html-span xexx8yu xyri2b x18d9i69 x1c1uobl x1hl2dhg x16tdsg8 x1vvkbs x3nfvp2 x1j61x8r x1fcty0u xdj266r xat24cr xm2jcoa x1mpyi22 xxymvpz xlup9mm x1kky2od\"><img loading=\"lazy\" class=\"xz74otr x15mokao x1ga7v0g x16uus16 xbiv7yw\" src=\"https:\/\/static.xx.fbcdn.net\/images\/emoji.php\/v9\/tc\/1\/16\/1f3de.png\" alt=\"\ud83c\udfde\ufe0f\" width=\"16\" height=\"16\" \/><\/span><span class=\"html-span xexx8yu xyri2b x18d9i69 x1c1uobl x1hl2dhg x16tdsg8 x1vvkbs x3nfvp2 x1j61x8r x1fcty0u xdj266r xat24cr xm2jcoa x1mpyi22 xxymvpz xlup9mm x1kky2od\"><img loading=\"lazy\" class=\"xz74otr x15mokao x1ga7v0g x16uus16 xbiv7yw\" src=\"https:\/\/static.xx.fbcdn.net\/images\/emoji.php\/v9\/te3\/1\/16\/1f490.png\" alt=\"\ud83d\udc90\" width=\"16\" height=\"16\" \/><\/span><\/div>\n<div dir=\"auto\"><\/div>\n<\/div>\n<div class=\"x14z9mp xat24cr x1lziwak x1vvkbs xtlvy1s x126k92a\">\n<div dir=\"auto\">Descubr\u00ed por qu\u00e9 Santa Luc\u00eda es reconocido como uno de los pueblos con m\u00e1s encanto de Honduras, donde la tradici\u00f3n florece y la hospitalidad se siente en cada sonrisa.<\/div>\n<div dir=\"auto\"><\/div>\n<\/div>\n<div class=\"x14z9mp xat24cr x1lziwak x1vvkbs xtlvy1s x126k92a\">\n<div dir=\"auto\"><span class=\"html-span xexx8yu xyri2b x18d9i69 x1c1uobl x1hl2dhg x16tdsg8 x1vvkbs x3nfvp2 x1j61x8r x1fcty0u xdj266r xat24cr xm2jcoa x1mpyi22 xxymvpz xlup9mm x1kky2od\"><img loading=\"lazy\" class=\"xz74otr x15mokao x1ga7v0g x16uus16 xbiv7yw\" src=\"https:\/\/static.xx.fbcdn.net\/images\/emoji.php\/v9\/tff\/1\/16\/1f4c6.png\" alt=\"\ud83d\udcc6\" width=\"16\" height=\"16\" \/><\/span> Agend\u00e1 la fecha y preparate para disfrutar del Festival de las Flores 2026.<\/div>\n<div dir=\"auto\"><a href=\"http:\/\/www.hondurasensusmanos.com\/turismo\/wp-content\/uploads\/2026\/04\/684127318_1438810871608229_1357882647237885728_n.jpg\"><img loading=\"lazy\" class=\"alignnone  wp-image-24388\" src=\"http:\/\/www.hondurasensusmanos.com\/turismo\/wp-content\/uploads\/2026\/04\/684127318_1438810871608229_1357882647237885728_n-300x235.jpg\" alt=\"\" width=\"504\" height=\"395\" srcset=\"https:\/\/www.hondurasensusmanos.com\/turismo\/wp-content\/uploads\/2026\/04\/684127318_1438810871608229_1357882647237885728_n-300x235.jpg 300w, https:\/\/www.hondurasensusmanos.com\/turismo\/wp-content\/uploads\/2026\/04\/684127318_1438810871608229_1357882647237885728_n-1024x803.jpg 1024w, https:\/\/www.hondurasensusmanos.com\/turismo\/wp-content\/uploads\/2026\/04\/684127318_1438810871608229_1357882647237885728_n-768x602.jpg 768w, https:\/\/www.hondurasensusmanos.com\/turismo\/wp-content\/uploads\/2026\/04\/684127318_1438810871608229_1357882647237885728_n-1536x1205.jpg 1536w, https:\/\/www.hondurasensusmanos.com\/turismo\/wp-content\/uploads\/2026\/04\/684127318_1438810871608229_1357882647237885728_n.jpg 2048w\" sizes=\"(max-width: 504px) 100vw, 504px\" \/><\/a><\/div>\n<div dir=\"auto\"><span class=\"html-span xexx8yu xyri2b x18d9i69 x1c1uobl x1hl2dhg x16tdsg8 x1vvkbs x3nfvp2 x1j61x8r x1fcty0u xdj266r xat24cr xm2jcoa x1mpyi22 xxymvpz xlup9mm x1kky2od\"><img loading=\"lazy\" class=\"xz74otr x15mokao x1ga7v0g x16uus16 xbiv7yw\" src=\"https:\/\/static.xx.fbcdn.net\/images\/emoji.php\/v9\/tf0\/1\/16\/1f338.png\" alt=\"\ud83c\udf38\" width=\"16\" height=\"16\" \/><\/span> \u00a1Nos vemos en Santa Luc\u00eda!<\/div>\n<\/div>\n<div class=\"sharedaddy sd-sharing-enabled\"><div class=\"robots-nocontent sd-block sd-social sd-social-icon sd-sharing\"><h3 class=\"sd-title\">Comparte esto:<\/h3><div class=\"sd-content\"><ul><li class=\"share-facebook\"><a rel=\"nofollow noopener noreferrer\" data-shared=\"sharing-facebook-24387\" class=\"share-facebook sd-button share-icon no-text\" href=\"https:\/\/www.hondurasensusmanos.com\/turismo\/santa-lucia-se-llena-de-color-tradicion-y-alegria-con-el-festival-de-las-flores-2026-%f0%9f%8c%bb%f0%9f%8c%bc%f0%9f%8e%89\/?share=facebook\" target=\"_blank\" title=\"Haz clic para compartir en Facebook\"><span><\/span><span class=\"sharing-screen-reader-text\">Haz clic para compartir en Facebook (Se abre en una ventana nueva)<\/span><\/a><\/li><li class=\"share-jetpack-whatsapp\"><a rel=\"nofollow noopener noreferrer\" data-shared=\"\" class=\"share-jetpack-whatsapp sd-button share-icon no-text\" href=\"https:\/\/www.hondurasensusmanos.com\/turismo\/santa-lucia-se-llena-de-color-tradicion-y-alegria-con-el-festival-de-las-flores-2026-%f0%9f%8c%bb%f0%9f%8c%bc%f0%9f%8e%89\/?share=jetpack-whatsapp\" target=\"_blank\" title=\"Haz clic para compartir en WhatsApp\"><span><\/span><span class=\"sharing-screen-reader-text\">Haz clic para compartir en WhatsApp (Se abre en una ventana nueva)<\/span><\/a><\/li><li class=\"share-twitter\"><a rel=\"nofollow noopener noreferrer\" data-shared=\"sharing-twitter-24387\" class=\"share-twitter sd-button share-icon no-text\" href=\"https:\/\/www.hondurasensusmanos.com\/turismo\/santa-lucia-se-llena-de-color-tradicion-y-alegria-con-el-festival-de-las-flores-2026-%f0%9f%8c%bb%f0%9f%8c%bc%f0%9f%8e%89\/?share=twitter\" target=\"_blank\" title=\"Haz clic para compartir en Twitter\"><span><\/span><span class=\"sharing-screen-reader-text\">Haz clic para compartir en Twitter (Se abre en una ventana nueva)<\/span><\/a><\/li><li class=\"share-tumblr\"><a rel=\"nofollow noopener noreferrer\" data-shared=\"\" class=\"share-tumblr sd-button share-icon no-text\" href=\"https:\/\/www.hondurasensusmanos.com\/turismo\/santa-lucia-se-llena-de-color-tradicion-y-alegria-con-el-festival-de-las-flores-2026-%f0%9f%8c%bb%f0%9f%8c%bc%f0%9f%8e%89\/?share=tumblr\" target=\"_blank\" title=\"Haz clic para compartir en Tumblr\"><span><\/span><span class=\"sharing-screen-reader-text\">Haz clic para compartir en Tumblr (Se abre en una ventana nueva)<\/span><\/a><\/li><li class=\"share-email\"><a rel=\"nofollow noopener noreferrer\" data-shared=\"\" class=\"share-email sd-button share-icon no-text\" href=\"https:\/\/www.hondurasensusmanos.com\/turismo\/santa-lucia-se-llena-de-color-tradicion-y-alegria-con-el-festival-de-las-flores-2026-%f0%9f%8c%bb%f0%9f%8c%bc%f0%9f%8e%89\/?share=email\" target=\"_blank\" title=\"Haz clic para enviar por correo electr\u00f3nico a un amigo\"><span><\/span><span class=\"sharing-screen-reader-text\">Haz clic para enviar por correo electr\u00f3nico a un amigo (Se abre en una ventana nueva)<\/span><\/a><\/li><li class=\"share-end\"><\/li><\/ul><\/div><\/div><\/div>","protected":false},"excerpt":{"rendered":"<p>Del 30 de abril al 03 de mayo, Santa Luc\u00eda abre sus puertas para celebrar una de las temporadas m\u00e1s hermosas del a\u00f1o, donde sus calles, paisajes y encanto natural se convierten en el escenario perfecto para compartir en familia. Viv\u00ed d\u00edas llenos de cultura, m\u00fasica, gastronom\u00eda, naturaleza y momentos inolvidables en un destino que &#8230;<\/p>\n<div class=\"sharedaddy sd-sharing-enabled\"><div class=\"robots-nocontent sd-block sd-social sd-social-icon sd-sharing\"><h3 class=\"sd-title\">Comparte esto:<\/h3><div class=\"sd-content\"><ul><li class=\"share-facebook\"><a rel=\"nofollow noopener noreferrer\" data-shared=\"sharing-facebook-24387\" class=\"share-facebook sd-button share-icon no-text\" href=\"https:\/\/www.hondurasensusmanos.com\/turismo\/santa-lucia-se-llena-de-color-tradicion-y-alegria-con-el-festival-de-las-flores-2026-%f0%9f%8c%bb%f0%9f%8c%bc%f0%9f%8e%89\/?share=facebook\" target=\"_blank\" title=\"Haz clic para compartir en Facebook\"><span><\/span><span class=\"sharing-screen-reader-text\">Haz clic para compartir en Facebook (Se abre en una ventana nueva)<\/span><\/a><\/li><li class=\"share-jetpack-whatsapp\"><a rel=\"nofollow noopener noreferrer\" data-shared=\"\" class=\"share-jetpack-whatsapp sd-button share-icon no-text\" href=\"https:\/\/www.hondurasensusmanos.com\/turismo\/santa-lucia-se-llena-de-color-tradicion-y-alegria-con-el-festival-de-las-flores-2026-%f0%9f%8c%bb%f0%9f%8c%bc%f0%9f%8e%89\/?share=jetpack-whatsapp\" target=\"_blank\" title=\"Haz clic para compartir en WhatsApp\"><span><\/span><span class=\"sharing-screen-reader-text\">Haz clic para compartir en WhatsApp (Se abre en una ventana nueva)<\/span><\/a><\/li><li class=\"share-twitter\"><a rel=\"nofollow noopener noreferrer\" data-shared=\"sharing-twitter-24387\" class=\"share-twitter sd-button share-icon no-text\" href=\"https:\/\/www.hondurasensusmanos.com\/turismo\/santa-lucia-se-llena-de-color-tradicion-y-alegria-con-el-festival-de-las-flores-2026-%f0%9f%8c%bb%f0%9f%8c%bc%f0%9f%8e%89\/?share=twitter\" target=\"_blank\" title=\"Haz clic para compartir en Twitter\"><span><\/span><span class=\"sharing-screen-reader-text\">Haz clic para compartir en Twitter (Se abre en una ventana nueva)<\/span><\/a><\/li><li class=\"share-tumblr\"><a rel=\"nofollow noopener noreferrer\" data-shared=\"\" class=\"share-tumblr sd-button share-icon no-text\" href=\"https:\/\/www.hondurasensusmanos.com\/turismo\/santa-lucia-se-llena-de-color-tradicion-y-alegria-con-el-festival-de-las-flores-2026-%f0%9f%8c%bb%f0%9f%8c%bc%f0%9f%8e%89\/?share=tumblr\" target=\"_blank\" title=\"Haz clic para compartir en Tumblr\"><span><\/span><span class=\"sharing-screen-reader-text\">Haz clic para compartir en Tumblr (Se abre en una ventana nueva)<\/span><\/a><\/li><li class=\"share-email\"><a rel=\"nofollow noopener noreferrer\" data-shared=\"\" class=\"share-email sd-button share-icon no-text\" href=\"https:\/\/www.hondurasensusmanos.com\/turismo\/santa-lucia-se-llena-de-color-tradicion-y-alegria-con-el-festival-de-las-flores-2026-%f0%9f%8c%bb%f0%9f%8c%bc%f0%9f%8e%89\/?share=email\" target=\"_blank\" title=\"Haz clic para enviar por correo electr\u00f3nico a un amigo\"><span><\/span><span class=\"sharing-screen-reader-text\">Haz clic para enviar por correo electr\u00f3nico a un amigo (Se abre en una ventana nueva)<\/span><\/a><\/li><li class=\"share-end\"><\/li><\/ul><\/div><\/div><\/div>","protected":false},"author":4,"featured_media":24388,"comment_status":"open","ping_status":"open","sticky":false,"template":"","format":"standard","meta":{"spay_email":"","jetpack_publicize_message":"","jetpack_is_tweetstorm":false},"categories":[45,60,64],"tags":[],"jetpack_featured_media_url":"https:\/\/www.hondurasensusmanos.com\/turismo\/wp-content\/uploads\/2026\/04\/684127318_1438810871608229_1357882647237885728_n.jpg","jetpack_publicize_connections":[],"jetpack_sharing_enabled":true,"jetpack_shortlink":"https:\/\/wp.me\/p8AciD-6ll","_links":{"self":[{"href":"https:\/\/www.hondurasensusmanos.com\/turismo\/wp-json\/wp\/v2\/posts\/24387"}],"collection":[{"href":"https:\/\/www.hondurasensusmanos.com\/turismo\/wp-json\/wp\/v2\/posts"}],"about":[{"href":"https:\/\/www.hondurasensusmanos.com\/turismo\/wp-json\/wp\/v2\/types\/post"}],"author":[{"embeddable":true,"href":"https:\/\/www.hondurasensusmanos.com\/turismo\/wp-json\/wp\/v2\/users\/4"}],"replies":[{"embeddable":true,"href":"https:\/\/www.hondurasensusmanos.com\/turismo\/wp-json\/wp\/v2\/comments?post=24387"}],"version-history":[{"count":1,"href":"https:\/\/www.hondurasensusmanos.com\/turismo\/wp-json\/wp\/v2\/posts\/24387\/revisions"}],"predecessor-version":[{"id":24389,"href":"https:\/\/www.hondurasensusmanos.com\/turismo\/wp-json\/wp\/v2\/posts\/24387\/revisions\/24389"}],"wp:featuredmedia":[{"embeddable":true,"href":"https:\/\/www.hondurasensusmanos.com\/turismo\/wp-json\/wp\/v2\/media\/24388"}],"wp:attachment":[{"href":"https:\/\/www.hondurasensusmanos.com\/turismo\/wp-json\/wp\/v2\/media?parent=24387"}],"wp:term":[{"taxonomy":"category","embeddable":true,"href":"https:\/\/www.hondurasensusmanos.com\/turismo\/wp-json\/wp\/v2\/categories?post=24387"},{"taxonomy":"post_tag","embeddable":true,"href":"https:\/\/www.hondurasensusmanos.com\/turismo\/wp-json\/wp\/v2\/tags?post=24387"}],"curies":[{"name":"wp","href":"https:\/\/api.w.org\/{rel}","templated":true}]}}